{"id":18010,"date":"2024-10-15T07:37:28","date_gmt":"2024-10-15T10:37:28","guid":{"rendered":"https:\/\/minutobahia24h.com.br\/?p=18010"},"modified":"2024-10-15T07:37:29","modified_gmt":"2024-10-15T10:37:29","slug":"ozempic-natural-cha-verde-traz-beneficios-para-a-saude-mas-impacto-na-perda-de-peso-e-pequeno","status":"publish","type":"post","link":"https:\/\/minutobahia24h.com.br\/?p=18010","title":{"rendered":"Ozempic natural? Ch\u00e1 verde traz benef\u00edcios para a sa\u00fade, mas impacto na perda de peso \u00e9 pequeno"},"content":{"rendered":"<div class=\"wp-block-image\">\n<figure class=\"aligncenter size-full\"><img data-recalc-dims=\"1\" fetchpriority=\"high\" decoding=\"async\" width=\"800\" height=\"453\" src=\"https:\/\/i0.wp.com\/minutobahia24h.com.br\/wp-content\/uploads\/2024\/10\/Sem-titulo-157.jpg?resize=800%2C453&#038;ssl=1\" alt=\"\" class=\"wp-image-18011\" srcset=\"https:\/\/i0.wp.com\/minutobahia24h.com.br\/wp-content\/uploads\/2024\/10\/Sem-titulo-157.jpg?w=984&amp;ssl=1 984w, https:\/\/i0.wp.com\/minutobahia24h.com.br\/wp-content\/uploads\/2024\/10\/Sem-titulo-157.jpg?resize=300%2C170&amp;ssl=1 300w, https:\/\/i0.wp.com\/minutobahia24h.com.br\/wp-content\/uploads\/2024\/10\/Sem-titulo-157.jpg?resize=768%2C435&amp;ssl=1 768w, https:\/\/i0.wp.com\/minutobahia24h.com.br\/wp-content\/uploads\/2024\/10\/Sem-titulo-157.jpg?resize=750%2C425&amp;ssl=1 750w\" sizes=\"(max-width: 800px) 100vw, 800px\" \/><figcaption class=\"wp-element-caption\">Ch\u00e1 verde \u00e9 um Ozempic natural? \u2014 Foto: Reprodu\u00e7\u00e3o EPTV<br><br><\/figcaption><\/figure>\n<\/div>\n\n\n<p>Se voc\u00ea nasceu entre os anos 90 e 2000, provavelmente deve ter ouvido que o ch\u00e1 verde \u00e9 \u00f3timo para emagrecer. Ele sempre figurou nas dietas (da moda ou n\u00e3o) por seus componentes, como as catequinas e a cafe\u00edna, que podem contribuir para a perda de peso de algumas maneiras. Agora, ele vem recebendo um novo t\u00edtulo, o de &#8220;Ozempic natural&#8221;.<\/p>\n\n\n\n<p>Especialistas ouvidos pelo&nbsp;<strong>g1&nbsp;<\/strong>explicam que&nbsp;<strong>o ch\u00e1 verde pode ser um aliado na estrat\u00e9gia de perda de peso, mas n\u00e3o existem alimentos m\u00e1gicos que promovam um emagrecimento r\u00e1pido<\/strong>. Al\u00e9m disso, \u00e9 preciso lembrar que o Ozempic \u00e9 um medicamento \u2014 e tamb\u00e9m n\u00e3o opera milagres.<\/p>\n\n\n\n<blockquote class=\"wp-block-quote is-layout-flow wp-block-quote-is-layout-flow\">\n<p>&#8220;A semaglutida \u00e9&nbsp;<strong>rem\u00e9dio&nbsp;<\/strong>para tratar doen\u00e7as, como obesidade e diabetes. Os ch\u00e1s podem ser \u00fateis em uma&nbsp;<strong>estrat\u00e9gia alimentar<\/strong>, j\u00e1 que t\u00eam baixa caloria, hidratam e podem ter um efeito diur\u00e9tico.&nbsp;<strong>Mas nenhum ch\u00e1 isoladamente se provou emagrecedor<\/strong>&#8220;, explica o endocrinologista Alexandre Hohl, vice-presidente do departamento de Endocrinologia Feminina, Andrologia e Transgeneridade da Sociedade Brasileira de Endocrinologia e Metabologia (SBEM).<\/p>\n<\/blockquote>\n\n\n\n<p>&#8220;Existem alimentos com efeito termog\u00eanico, como o ch\u00e1 verde, mas o que eles aumentam no nosso metabolismo n\u00e3o impacta o todo.&nbsp;<strong>Esses alimentos aumentam o metabolismo na hora que ingerimos e eles s\u00f3 t\u00eam efeito naquele consumo<\/strong>. O incremento de aumento de metabolismo \u00e9 muito pequeno,&nbsp;<strong>n\u00e3o faz diferen\u00e7a na perda de peso<\/strong>&#8220;, ressalta a nutricionista Lara Natacci, p\u00f3s-doutora em nutri\u00e7\u00e3o pela Universidade de S\u00e3o Paulo (USP) e diretora cl\u00ednica da Dietnet.<\/p>\n\n\n\n<p>&#8220;Seja o ch\u00e1 verde ou qualquer outro tipo de alimento isoladamente n\u00e3o ir\u00e1 resolver o problema, j\u00e1 que o&nbsp;<strong>emagrecimento requer olhar multifatorial,&nbsp;<\/strong>com alimenta\u00e7\u00e3o ajustada em d\u00e9ficit cal\u00f3rico, sono, atividade f\u00edsica, gest\u00e3o do estresse, equil\u00edbrio hormonal, estoque adequado de nutrientes corporais, hidrata\u00e7\u00e3o&#8221;, completa Gisele Haiek, nutricionista funcional especializada em emagrecimento feminino e sa\u00fade da mulher.<\/p>\n\n\n\n<p>\ud83d\udccd<strong>Para recordar<\/strong><strong><em>:<\/em><\/strong><em>&nbsp;o&nbsp;<\/em><a class=\"\" href=\"https:\/\/g1.globo.com\/saude\/noticia\/2023\/07\/27\/semaglutida-e-remedio-nao-e-cosmetico-quando-as-canetas-para-obesidade-e-diabetes-sao-indicadas.ghtml\"><em>Ozempic virou febre entre pessoas que desejam emagrecer<\/em><\/a><em>. O medicamento, que tem como princ\u00edpio ativo a&nbsp;<\/em><strong><em>semaglutida,&nbsp;<\/em><\/strong><em>\u00e9 indicado para o tratamento de diabetes tipo 2. No entanto, cientistas come\u00e7aram a observar um &#8220;efeito colateral&#8221; da subst\u00e2ncia: a perda de peso. Em 2024, chegou ao Brasil o Wegovy,&nbsp;<\/em><a class=\"\" href=\"https:\/\/g1.globo.com\/saude\/noticia\/2023\/07\/26\/semaglutida-e-liraglutida-entenda-como-as-canetas-contra-obesidade-agem-no-corpo-e-seus-riscos.ghtml\"><em>medicamento indicado para o tratamento de obesidade,<\/em><\/a><em>&nbsp;que tamb\u00e9m tem a semaglutida como ativo.<\/em><\/p>\n\n\n\n<figure class=\"wp-block-image\"><img data-recalc-dims=\"1\" decoding=\"async\" src=\"https:\/\/i0.wp.com\/s2-g1.glbimg.com\/O6KGfd9azj93ZeEkGmhewxr-OrU%3D\/0x0%3A1920x1080\/984x0\/smart\/filters%3Astrip_icc%28%29\/i.s3.glbimg.com\/v1\/AUTH_59edd422c0c84a879bd37670ae4f538a\/internal_photos\/bs\/2024\/L\/r\/Uqc4WAT7Of9ekvUJvlOw\/globo-canal-5-20240204-1859-frame-276418.jpeg?w=800&#038;ssl=1\" alt=\"Produzida por companhia Dinamarquesa, semaglutida \u00e9 destinada para tratamento de diabetes tipo 2 e obesidade. \u2014 Foto: Reprodu\u00e7\u00e3o\/Fant\u00e1stico\"\/><\/figure>\n\n\n\n<p>Produzida por companhia Dinamarquesa, semaglutida \u00e9 destinada para tratamento de diabetes tipo 2 e obesidade. \u2014 Foto: Reprodu\u00e7\u00e3o\/Fant\u00e1stico<\/p>\n\n\n\n<h2 class=\"wp-block-heading\">A cereja do bolo<\/h2>\n\n\n\n<p>Para as nutricionistas,&nbsp;<strong>o ch\u00e1 verde pode ser a &#8220;cereja do bolo&#8221; do plano alimentar<\/strong>. No entanto, \u00e9 preciso primeiro do bolo.<\/p>\n\n\n\n<p>&#8220;O ch\u00e1 verde tem propriedades que podem auxiliar no processo de emagrecimento, mas \u00e9 preciso estar tudo muito ajustado, inserido em um contexto para o emagrecimento. Ele tem compostos bioativos interessantes, mas precisa estar em uma estrat\u00e9gia alimentar. N\u00e3o adianta estar na &#8216;carbol\u00e2ndia&#8217;, consumindo um monte de a\u00e7\u00facar, e colocar o ch\u00e1 verde&#8221;, pontua Gisele Haiek.<\/p>\n\n\n\n<p>Ela refor\u00e7a que o contexto importa mais do que a inclus\u00e3o isolada de um alimento e d\u00e1 um exemplo: se no seu plano alimentar est\u00e3o estipuladas 2.000 calorias e voc\u00ea consome 5.000 calorias,&nbsp;<strong>de nada adianta inserir qualquer &#8220;alimento milagroso&#8221;<\/strong>&nbsp;e achar que vai emagrecer.<\/p>\n\n\n\n<h2 class=\"wp-block-heading\">Uma x\u00edcara de ch\u00e1 n\u00e3o faz mal&#8230;<\/h2>\n\n\n\n<p>Os especialistas alertam que \u00e9&nbsp;<strong>preciso cuidado na hora de ingerir ch\u00e1s.<\/strong><\/p>\n\n\n\n<p>&#8220;<strong>N\u00e3o devemos ultrapassar o consumo de at\u00e9 3 x\u00edcaras de 250 mL de determinado ch\u00e1 ao dia<\/strong>. Ficar tomando ch\u00e1 o dia todo achando que vai ajudar a desinchar n\u00e3o \u00e9 legal. De maneira geral, os ch\u00e1s aumentam a diurese e a elimina\u00e7\u00e3o de l\u00edquidos. Algumas pessoas substituem a \u00e1gua pelo ch\u00e1 e acabam desidratando&#8221;, diz Gisele Haiek.<\/p>\n\n\n\n<p>Tamb\u00e9m n\u00e3o \u00e9 indicado tomar por mais de tr\u00eas dias seguidos o mesmo ch\u00e1. E se o ch\u00e1 escolhido da vez foi o verde, cuidado com os hor\u00e1rios e o consumo, j\u00e1 que ele possui cafe\u00edna, que pode trazer ins\u00f4nia, ansiedade, taquicardia ou problemas estomacais.<\/p>\n\n\n\n<p>Alexandre Hohl, que tamb\u00e9m faz parte da Associa\u00e7\u00e3o Brasileira para o Estudo da Obesidade e da S\u00edndrome Metab\u00f3lica (ABESO), lembra que<strong>&nbsp;as plantas n\u00e3o s\u00e3o inofensivas e podem provocar problemas como insufici\u00eancia hep\u00e1tica aguda<\/strong>, por exemplo.<\/p>\n\n\n\n<h2 class=\"wp-block-heading\">Seguindo a trend do momento<\/h2>\n\n\n\n<p>De tempos em tempos, surge uma nova trend, seja de um alimento, suplemento ou mesmo dieta. Segundo Lara Natacci, o risco de seguir dietas com esses alimentos &#8220;milagrosos&#8221; \u00e9 que elas n\u00e3o ser\u00e3o feitas para sempre.<\/p>\n\n\n\n<blockquote class=\"wp-block-quote is-layout-flow wp-block-quote-is-layout-flow\">\n<p>&#8220;Geralmente essas dietas envolvem&nbsp;<strong>restri\u00e7\u00f5es<\/strong>, com o consumo de um s\u00f3 alimento, restri\u00e7\u00e3o de um determinado grupo alimentar. A dieta n\u00e3o est\u00e1 de acordo com a rotina da pessoa, n\u00e3o est\u00e1 individualizada com as possibilidades de cada. A chance de n\u00e3o conseguir sustentar \u00e9 muito grande&#8221;, aponta a nutricionista.<\/p>\n<\/blockquote>\n\n\n\n<p>Estudos apontam que pessoas que fazem restri\u00e7\u00e3o severa na alimenta\u00e7\u00e3o, at\u00e9 80% delas recuperam o peso depois porque n\u00e3o conseguem manter. O resultado:&nbsp;<strong>efeito sanfona<\/strong>. O processo constante de emagrece-engorda tem um impacto negativo no cora\u00e7\u00e3o e pode provocar diabetes, hipertens\u00e3o, doen\u00e7as cardiovasculares e altera\u00e7\u00e3o do metabolismo, mesmo para quem n\u00e3o est\u00e1 acima do peso.<\/p>\n\n\n\n<figure class=\"wp-block-image\"><img data-recalc-dims=\"1\" decoding=\"async\" src=\"https:\/\/i0.wp.com\/s2-g1.glbimg.com\/Ji-0qvHtSZA-RoIaF3HyOlmXRdY%3D\/0x0%3A622x348\/984x0\/smart\/filters%3Astrip_icc%28%29\/i.s3.glbimg.com\/v1\/AUTH_59edd422c0c84a879bd37670ae4f538a\/internal_photos\/bs\/2024\/f\/a\/2t3U1WRU27hE6fjebV1g\/imagem2.png?w=800&#038;ssl=1\" alt=\"A atividade f\u00edsica regular \u00e9 essencial para a manuten\u00e7\u00e3o do peso \u2014 Foto: Canva\"\/><\/figure>\n\n\n\n<p>A atividade f\u00edsica regular \u00e9 essencial para a manuten\u00e7\u00e3o do peso \u2014 Foto: Canva<\/p>\n\n\n\n<h2 class=\"wp-block-heading\">Fazendo o b\u00e1sico<\/h2>\n\n\n\n<p>Pode parecer clich\u00ea, mas o b\u00e1sico bem-feito funciona:<\/p>\n\n\n\n<ul class=\"wp-block-list\">\n<li>Consumir fontes de prote\u00edna, fontes de carboidrato e complementar com frutas, verduras e legumes (priorizar sempre o natural)<\/li>\n\n\n\n<li>Se manter hidratado<\/li>\n\n\n\n<li>Fazer atividade f\u00edsica<\/li>\n\n\n\n<li>Cuidar do sono<\/li>\n\n\n\n<li>Gerenciar o estresse<\/li>\n\n\n\n<li>Cuidar dos relacionamentos<\/li>\n\n\n\n<li>Evitar o abuso do \u00e1lcool<\/li>\n\n\n\n<li>Tomar sol e ter contato com a natureza<\/li>\n\n\n\n<li>Desconfiar de promessas milagrosas<\/li>\n<\/ul>\n\n\n\n<p>&#8220;O que faz a diferen\u00e7a s\u00e3o os h\u00e1bitos saud\u00e1veis, que incluem a alimenta\u00e7\u00e3o equilibrada, exerc\u00edcio frequente, sono, ter relacionamentos saud\u00e1veis. \u00c9 um conjunto de fatores associado a tend\u00eancia gen\u00e9ticas, ambiente que a pessoa vive. \u00c9 simplista falar que um suplemento vai trazer algum benef\u00edcio nesse sentido, ele pode ter um efeito meio placebo.&nbsp;<strong>Se n\u00e3o existir mudan\u00e7a, o suplemento n\u00e3o vai funcionar<\/strong>&#8220;, finaliza Lara Natacci.<\/p>\n\n\n\n<p><\/p>\n","protected":false},"excerpt":{"rendered":"<p>Se voc\u00ea nasceu entre os anos 90 e 2000, provavelmente deve ter ouvido que o ch\u00e1 verde \u00e9 \u00f3timo para emagrecer. Ele sempre figurou nas dietas (da moda ou n\u00e3o) por seus componentes, como as catequinas e a cafe\u00edna, que podem contribuir para a perda de peso de algumas maneiras. Agora, ele vem recebendo um [&hellip;]<\/p>\n","protected":false},"author":2,"featured_media":18011,"comment_status":"open","ping_status":"open","sticky":false,"template":"","format":"standard","meta":{"_jetpack_memberships_contains_paid_content":false,"footnotes":""},"categories":[18],"tags":[],"class_list":["post-18010","post","type-post","status-publish","format-standard","has-post-thumbnail","hentry","category-saude"],"aioseo_notices":[],"jetpack_featured_media_url":"https:\/\/i0.wp.com\/minutobahia24h.com.br\/wp-content\/uploads\/2024\/10\/Sem-titulo-157.jpg?fit=984%2C557&ssl=1","jetpack_sharing_enabled":true,"_links":{"self":[{"href":"https:\/\/minutobahia24h.com.br\/index.php?rest_route=\/wp\/v2\/posts\/18010","targetHints":{"allow":["GET"]}}],"collection":[{"href":"https:\/\/minutobahia24h.com.br\/index.php?rest_route=\/wp\/v2\/posts"}],"about":[{"href":"https:\/\/minutobahia24h.com.br\/index.php?rest_route=\/wp\/v2\/types\/post"}],"author":[{"embeddable":true,"href":"https:\/\/minutobahia24h.com.br\/index.php?rest_route=\/wp\/v2\/users\/2"}],"replies":[{"embeddable":true,"href":"https:\/\/minutobahia24h.com.br\/index.php?rest_route=%2Fwp%2Fv2%2Fcomments&post=18010"}],"version-history":[{"count":1,"href":"https:\/\/minutobahia24h.com.br\/index.php?rest_route=\/wp\/v2\/posts\/18010\/revisions"}],"predecessor-version":[{"id":18012,"href":"https:\/\/minutobahia24h.com.br\/index.php?rest_route=\/wp\/v2\/posts\/18010\/revisions\/18012"}],"wp:featuredmedia":[{"embeddable":true,"href":"https:\/\/minutobahia24h.com.br\/index.php?rest_route=\/wp\/v2\/media\/18011"}],"wp:attachment":[{"href":"https:\/\/minutobahia24h.com.br\/index.php?rest_route=%2Fwp%2Fv2%2Fmedia&parent=18010"}],"wp:term":[{"taxonomy":"category","embeddable":true,"href":"https:\/\/minutobahia24h.com.br\/index.php?rest_route=%2Fwp%2Fv2%2Fcategories&post=18010"},{"taxonomy":"post_tag","embeddable":true,"href":"https:\/\/minutobahia24h.com.br\/index.php?rest_route=%2Fwp%2Fv2%2Ftags&post=18010"}],"curies":[{"name":"wp","href":"https:\/\/api.w.org\/{rel}","templated":true}]}}