{"id":17985,"date":"2024-10-15T07:02:46","date_gmt":"2024-10-15T10:02:46","guid":{"rendered":"https:\/\/minutobahia24h.com.br\/?p=17985"},"modified":"2024-10-15T07:02:48","modified_gmt":"2024-10-15T10:02:48","slug":"comunidade-academica-da-uneb-faz-manifestacao-em-defesa-da-educacao-publica","status":"publish","type":"post","link":"https:\/\/minutobahia24h.com.br\/?p=17985","title":{"rendered":"Comunidade acad\u00eamica da Uneb faz manifesta\u00e7\u00e3o em defesa da educa\u00e7\u00e3o p\u00fablica"},"content":{"rendered":"<div class=\"wp-block-image\">\n<figure class=\"aligncenter size-full\"><img data-recalc-dims=\"1\" fetchpriority=\"high\" decoding=\"async\" width=\"598\" height=\"419\" src=\"https:\/\/i0.wp.com\/minutobahia24h.com.br\/wp-content\/uploads\/2024\/10\/Sem-titulo-149.jpg?resize=598%2C419&#038;ssl=1\" alt=\"\" class=\"wp-image-17986\" srcset=\"https:\/\/i0.wp.com\/minutobahia24h.com.br\/wp-content\/uploads\/2024\/10\/Sem-titulo-149.jpg?w=598&amp;ssl=1 598w, https:\/\/i0.wp.com\/minutobahia24h.com.br\/wp-content\/uploads\/2024\/10\/Sem-titulo-149.jpg?resize=300%2C210&amp;ssl=1 300w\" sizes=\"(max-width: 598px) 100vw, 598px\" \/><\/figure>\n<\/div>\n\n\n<p>A aula dos docentes da UNEB, em greve, e dos estudantes da universidade ser\u00e1 nas ruas, neste dia dos professores, ter\u00e7a-feira (15). O dia ser\u00e1 marcado por uma ampla manifesta\u00e7\u00e3o em frente \u00e0 Secretaria Estadual da Educa\u00e7\u00e3o (SEC), em Salvador. O protesto ser\u00e1 em defesa da educa\u00e7\u00e3o p\u00fablica superior e pelas pautas de reivindica\u00e7\u00f5es da comunidade acad\u00eamica. No mesmo dia acontecer\u00e1 nova rodada de negocia\u00e7\u00f5es entre o Governo da Bahia, o Comando de Greve da UNEB e o F\u00f3rum das Associa\u00e7\u00f5es Docentes, entidade de re\u00fane representa\u00e7\u00f5es sindicais das quatro universidades estaduais da Bahia.<\/p>\n\n\n\n<p>Para o dia de luta, \u00f4nibus trar\u00e3o professores e estudantes dos campi da UNEB do interior. \u00c1s 14h, a comunidade acad\u00eamica se deslocar\u00e1 \u00e0 SEC, no Centro Administrativo da Bahia. No local, manifestantes reivindicar\u00e3o pautas como: direito a promo\u00e7\u00f5es, garantidas por lei; adicionais de insalubridade; repasse de 1% da Receita L\u00edquida de Impostos para a assist\u00eancia estudantil, entre outras.<\/p>\n\n\n\n<p>Em frente \u00e0 SEC ser\u00e1 realizado um Ato em Defesa da Educa\u00e7\u00e3o P\u00fablica, no mesmo momento em que acontecer\u00e1 a reuni\u00e3o com o governo. Na programa\u00e7\u00e3o do ato est\u00e1 prevista uma aula p\u00fablica, em que ser\u00e1 feito um convite especial para a participa\u00e7\u00e3o do Governador e professor da Universidade Estadual de Feira de Santana, Jer\u00f4nimo Rodrigues. Al\u00e9m disso, durante toda a tarde acontecer\u00e3o atividades desenvolvidas por integrantes de movimentos culturais, a exemplo de sarau de poesias, cantorias e outras apresenta\u00e7\u00f5es art\u00edsticas.<\/p>\n\n\n\n<p>Quem n\u00e3o puder estar na manifesta\u00e7\u00e3o, em Salvador, a orienta\u00e7\u00e3o do Comando de Greve dos Professores da UNEB \u00e9 que participe dos protestos nas redes sociais. A solicita\u00e7\u00e3o \u00e9 para que professores e estudantes se vistam de preto, fa\u00e7am v\u00eddeos curtos (m\u00e1ximo um minuto) ou fotos com um cartaz de protesto e publique nas redes sociais. \u00c9 importante marcar a Associa\u00e7\u00e3o dos Docentes da UNEB (@aduneb.oficial), o Governo da Bahia (@govba) e a p\u00e1gina oficial do governador (@jeronimorodriguesba). O objetivo \u00e9 demonstrar a for\u00e7a hist\u00f3rica da comunidade acad\u00eamica.<\/p>\n\n\n\n<p>Fonte: Bahia. Ba<\/p>\n","protected":false},"excerpt":{"rendered":"<p>A aula dos docentes da UNEB, em greve, e dos estudantes da universidade ser\u00e1 nas ruas, neste dia dos professores, ter\u00e7a-feira (15). O dia ser\u00e1 marcado por uma ampla manifesta\u00e7\u00e3o em frente \u00e0 Secretaria Estadual da Educa\u00e7\u00e3o (SEC), em Salvador. O protesto ser\u00e1 em defesa da educa\u00e7\u00e3o p\u00fablica superior e pelas pautas de reivindica\u00e7\u00f5es da [&hellip;]<\/p>\n","protected":false},"author":2,"featured_media":17986,"comment_status":"open","ping_status":"open","sticky":false,"template":"","format":"standard","meta":{"_jetpack_memberships_contains_paid_content":false,"footnotes":""},"categories":[21],"tags":[],"class_list":["post-17985","post","type-post","status-publish","format-standard","has-post-thumbnail","hentry","category-bahia"],"aioseo_notices":[],"jetpack_featured_media_url":"https:\/\/i0.wp.com\/minutobahia24h.com.br\/wp-content\/uploads\/2024\/10\/Sem-titulo-149.jpg?fit=598%2C419&ssl=1","jetpack_sharing_enabled":true,"_links":{"self":[{"href":"https:\/\/minutobahia24h.com.br\/index.php?rest_route=\/wp\/v2\/posts\/17985","targetHints":{"allow":["GET"]}}],"collection":[{"href":"https:\/\/minutobahia24h.com.br\/index.php?rest_route=\/wp\/v2\/posts"}],"about":[{"href":"https:\/\/minutobahia24h.com.br\/index.php?rest_route=\/wp\/v2\/types\/post"}],"author":[{"embeddable":true,"href":"https:\/\/minutobahia24h.com.br\/index.php?rest_route=\/wp\/v2\/users\/2"}],"replies":[{"embeddable":true,"href":"https:\/\/minutobahia24h.com.br\/index.php?rest_route=%2Fwp%2Fv2%2Fcomments&post=17985"}],"version-history":[{"count":1,"href":"https:\/\/minutobahia24h.com.br\/index.php?rest_route=\/wp\/v2\/posts\/17985\/revisions"}],"predecessor-version":[{"id":17987,"href":"https:\/\/minutobahia24h.com.br\/index.php?rest_route=\/wp\/v2\/posts\/17985\/revisions\/17987"}],"wp:featuredmedia":[{"embeddable":true,"href":"https:\/\/minutobahia24h.com.br\/index.php?rest_route=\/wp\/v2\/media\/17986"}],"wp:attachment":[{"href":"https:\/\/minutobahia24h.com.br\/index.php?rest_route=%2Fwp%2Fv2%2Fmedia&parent=17985"}],"wp:term":[{"taxonomy":"category","embeddable":true,"href":"https:\/\/minutobahia24h.com.br\/index.php?rest_route=%2Fwp%2Fv2%2Fcategories&post=17985"},{"taxonomy":"post_tag","embeddable":true,"href":"https:\/\/minutobahia24h.com.br\/index.php?rest_route=%2Fwp%2Fv2%2Ftags&post=17985"}],"curies":[{"name":"wp","href":"https:\/\/api.w.org\/{rel}","templated":true}]}}