{"id":17958,"date":"2024-10-14T07:38:01","date_gmt":"2024-10-14T10:38:01","guid":{"rendered":"https:\/\/minutobahia24h.com.br\/?p=17958"},"modified":"2024-10-14T07:38:03","modified_gmt":"2024-10-14T10:38:03","slug":"decisao-sobre-horario-de-verao-sera-na-terca-feira-diz-ministro","status":"publish","type":"post","link":"https:\/\/minutobahia24h.com.br\/?p=17958","title":{"rendered":"Decis\u00e3o sobre hor\u00e1rio de ver\u00e3o ser\u00e1 na ter\u00e7a-feira, diz ministro"},"content":{"rendered":"<div class=\"wp-block-image\">\n<figure class=\"aligncenter size-full\"><img data-recalc-dims=\"1\" fetchpriority=\"high\" decoding=\"async\" width=\"800\" height=\"376\" src=\"https:\/\/i0.wp.com\/minutobahia24h.com.br\/wp-content\/uploads\/2024\/10\/Sem-titulo-140.jpg?resize=800%2C376&#038;ssl=1\" alt=\"\" class=\"wp-image-17959\" srcset=\"https:\/\/i0.wp.com\/minutobahia24h.com.br\/wp-content\/uploads\/2024\/10\/Sem-titulo-140.jpg?w=900&amp;ssl=1 900w, https:\/\/i0.wp.com\/minutobahia24h.com.br\/wp-content\/uploads\/2024\/10\/Sem-titulo-140.jpg?resize=300%2C141&amp;ssl=1 300w, https:\/\/i0.wp.com\/minutobahia24h.com.br\/wp-content\/uploads\/2024\/10\/Sem-titulo-140.jpg?resize=768%2C361&amp;ssl=1 768w, https:\/\/i0.wp.com\/minutobahia24h.com.br\/wp-content\/uploads\/2024\/10\/Sem-titulo-140.jpg?resize=750%2C353&amp;ssl=1 750w\" sizes=\"(max-width: 800px) 100vw, 800px\" \/><\/figure>\n<\/div>\n\n\n<p>O Minist\u00e9rio de Minas e Energia vai decidir na ter\u00e7a-feira (15) sobre ado\u00e7\u00e3o do hor\u00e1rio de ver\u00e3o no Brasil ainda este ano. O ministro Alexandre Silveira vai se reunir com a equipe t\u00e9cnica no pr\u00e9dio da pasta em Bras\u00edlia para definir a quest\u00e3o.<\/p>\n\n\n\n<p>Diante da urg\u00eancia da decis\u00e3o, Silveira reduziu em uma semana o per\u00edodo de f\u00e9rias e retornar\u00e1 ao trabalho na pr\u00f3xima segunda-feira (14). \u201cO resumo da \u00f3pera \u00e9 que se houver risco energ\u00e9tico, n\u00e3o interessa outro assunto a n\u00e3o ser fazer o hor\u00e1rio de ver\u00e3o\u201d, afirmou Silveira na sexta-feira (11).<\/p>\n\n\n\n<p>\u201cSe n\u00e3o houver risco energ\u00e9tico, a\u00ed \u00e9 um custo-benef\u00edcio que terei a tranquilidade, a serenidade e a coragem de decidir a favor do Brasil e a favor do Brasil nem sempre quer dizer que vai economizar meio por cento, um por cento na conta de energia, porque qual impacto nos outros setores? Isso tem que ser um equil\u00edbrio. Ainda bem que a pol\u00edtica de di\u00e1logo voltou. Com essa pol\u00edtica a gente tem tranquilidade e com muita profundidade chegar a um momento em que a gente possa mostrar com clareza qual o melhor caminho a seguir\u201d, acrescentou o ministro.<\/p>\n\n\n\n<p>portalespacoaberto<\/p>\n","protected":false},"excerpt":{"rendered":"<p>O Minist\u00e9rio de Minas e Energia vai decidir na ter\u00e7a-feira (15) sobre ado\u00e7\u00e3o do hor\u00e1rio de ver\u00e3o no Brasil ainda este ano. O ministro Alexandre Silveira vai se reunir com a equipe t\u00e9cnica no pr\u00e9dio da pasta em Bras\u00edlia para definir a quest\u00e3o. Diante da urg\u00eancia da decis\u00e3o, Silveira reduziu em uma semana o per\u00edodo [&hellip;]<\/p>\n","protected":false},"author":2,"featured_media":17959,"comment_status":"open","ping_status":"open","sticky":false,"template":"","format":"standard","meta":{"_jetpack_memberships_contains_paid_content":false,"footnotes":""},"categories":[19],"tags":[],"class_list":["post-17958","post","type-post","status-publish","format-standard","has-post-thumbnail","hentry","category-economia"],"aioseo_notices":[],"jetpack_featured_media_url":"https:\/\/i0.wp.com\/minutobahia24h.com.br\/wp-content\/uploads\/2024\/10\/Sem-titulo-140.jpg?fit=900%2C423&ssl=1","jetpack_sharing_enabled":true,"_links":{"self":[{"href":"https:\/\/minutobahia24h.com.br\/index.php?rest_route=\/wp\/v2\/posts\/17958","targetHints":{"allow":["GET"]}}],"collection":[{"href":"https:\/\/minutobahia24h.com.br\/index.php?rest_route=\/wp\/v2\/posts"}],"about":[{"href":"https:\/\/minutobahia24h.com.br\/index.php?rest_route=\/wp\/v2\/types\/post"}],"author":[{"embeddable":true,"href":"https:\/\/minutobahia24h.com.br\/index.php?rest_route=\/wp\/v2\/users\/2"}],"replies":[{"embeddable":true,"href":"https:\/\/minutobahia24h.com.br\/index.php?rest_route=%2Fwp%2Fv2%2Fcomments&post=17958"}],"version-history":[{"count":1,"href":"https:\/\/minutobahia24h.com.br\/index.php?rest_route=\/wp\/v2\/posts\/17958\/revisions"}],"predecessor-version":[{"id":17960,"href":"https:\/\/minutobahia24h.com.br\/index.php?rest_route=\/wp\/v2\/posts\/17958\/revisions\/17960"}],"wp:featuredmedia":[{"embeddable":true,"href":"https:\/\/minutobahia24h.com.br\/index.php?rest_route=\/wp\/v2\/media\/17959"}],"wp:attachment":[{"href":"https:\/\/minutobahia24h.com.br\/index.php?rest_route=%2Fwp%2Fv2%2Fmedia&parent=17958"}],"wp:term":[{"taxonomy":"category","embeddable":true,"href":"https:\/\/minutobahia24h.com.br\/index.php?rest_route=%2Fwp%2Fv2%2Fcategories&post=17958"},{"taxonomy":"post_tag","embeddable":true,"href":"https:\/\/minutobahia24h.com.br\/index.php?rest_route=%2Fwp%2Fv2%2Ftags&post=17958"}],"curies":[{"name":"wp","href":"https:\/\/api.w.org\/{rel}","templated":true}]}}