{"id":17948,"date":"2024-10-14T07:32:27","date_gmt":"2024-10-14T10:32:27","guid":{"rendered":"https:\/\/minutobahia24h.com.br\/?p=17948"},"modified":"2024-10-14T07:32:28","modified_gmt":"2024-10-14T10:32:28","slug":"salvador-se-apresenta-para-sediar-copa-do-mundo-feminina-de-2027-em-reuniao-com-a-fifa","status":"publish","type":"post","link":"https:\/\/minutobahia24h.com.br\/?p=17948","title":{"rendered":"Salvador se apresenta para sediar Copa do Mundo Feminina de 2027 em reuni\u00e3o com a Fifa"},"content":{"rendered":"<div class=\"wp-block-image\">\n<figure class=\"aligncenter size-large\"><img data-recalc-dims=\"1\" fetchpriority=\"high\" decoding=\"async\" width=\"800\" height=\"420\" src=\"https:\/\/i0.wp.com\/minutobahia24h.com.br\/wp-content\/uploads\/2024\/10\/Sem-titulo-137-1024x538.jpg?resize=800%2C420&#038;ssl=1\" alt=\"\" class=\"wp-image-17949\" srcset=\"https:\/\/i0.wp.com\/minutobahia24h.com.br\/wp-content\/uploads\/2024\/10\/Sem-titulo-137.jpg?resize=1024%2C538&amp;ssl=1 1024w, https:\/\/i0.wp.com\/minutobahia24h.com.br\/wp-content\/uploads\/2024\/10\/Sem-titulo-137.jpg?resize=300%2C158&amp;ssl=1 300w, https:\/\/i0.wp.com\/minutobahia24h.com.br\/wp-content\/uploads\/2024\/10\/Sem-titulo-137.jpg?resize=768%2C403&amp;ssl=1 768w, https:\/\/i0.wp.com\/minutobahia24h.com.br\/wp-content\/uploads\/2024\/10\/Sem-titulo-137.jpg?resize=750%2C394&amp;ssl=1 750w, https:\/\/i0.wp.com\/minutobahia24h.com.br\/wp-content\/uploads\/2024\/10\/Sem-titulo-137.jpg?resize=1140%2C599&amp;ssl=1 1140w, https:\/\/i0.wp.com\/minutobahia24h.com.br\/wp-content\/uploads\/2024\/10\/Sem-titulo-137.jpg?w=1200&amp;ssl=1 1200w\" sizes=\"(max-width: 800px) 100vw, 800px\" \/><figcaption class=\"wp-element-caption\">Foto: Lucas Moura \/ PMS<br><\/figcaption><\/figure>\n<\/div>\n\n\n<p>Membros da prefeitura de Salvador e do governo do estado da Bahia se reuniram com representantes da Fifa para a apresentar a capital baiana como uma das sedes da Copa do Mundo Feminina de 2027. O encontro foi realizado na Arena Fonte Nova, ao longo do \u00faltimo s\u00e1bado (12). Na sexta (11),&nbsp;<strong><a href=\"https:\/\/www.bahianoticias.com.br\/amp\/esportes\/noticia\/71355-fifa-faz-inspecao-na-casa-de-apostas-arena-fonte-nova-candidata-a-sede-para-copa-do-mundo-feminina-2027\" target=\"_blank\" rel=\"noreferrer noopener\">uma comitiva da Fifa foi ao est\u00e1dio para a primeira rodada de inspe\u00e7\u00e3o do espa\u00e7o<\/a><\/strong>.<\/p>\n\n\n\n<p>Entre os presentes, a vice-prefeita, Ana Paula Matos (PDT), destacou a import\u00e2ncia de recepcionar a comitiva da entidade, uma vez que Salvador \u00e9 candidata a ser uma das cidades-sede da competi\u00e7\u00e3o.<\/p>\n\n\n\n<p>\u201cComo cidad\u00e3 de Salvador, vice-prefeita, especialmente enquanto mulher, me orgulho muito de estar recebendo essa comitiva. N\u00f3s estamos prontos para criar todas as condi\u00e7\u00f5es de log\u00edstica, de infraestrutura, mas sobretudo de afetividade, acolhimento para ser uma das sedes. A gente sabe a import\u00e2ncia do esporte para que as pessoas criem v\u00ednculo com a fam\u00edlia, com a comunidade, de inser\u00e7\u00e3o social. E mais ainda: o desenvolvimento econ\u00f4mico e social que \u00e9 receber uma Copa do Mundo\u201d, disse a gestora.<\/p>\n\n\n\n<p>Durante a reuni\u00e3o, o munic\u00edpio demonstrou o quanto a cidade est\u00e1 desenvolvida e pronta para acolher n\u00e3o s\u00f3 as equipes t\u00e9cnicas como tamb\u00e9m os expectadores. Foram destacados ainda pontos como a rede hoteleira, mobilidade urbana e aeroportu\u00e1ria, assim como os atrativos tur\u00edsticos e culturais, apresentando a capacidade da cidade para acolher um evento de grande porte como a Copa do Mundo Feminina.<\/p>\n\n\n\n<p>Representantes da Federa\u00e7\u00e3o Bahiana de Futebol (FBF) e Arena Fonte Nova tamb\u00e9m tiveram a oportunidade de mostrar suas compet\u00eancias para recepcionar a competi\u00e7\u00e3o.<\/p>\n\n\n\n<p>BN<\/p>\n","protected":false},"excerpt":{"rendered":"<p>Membros da prefeitura de Salvador e do governo do estado da Bahia se reuniram com representantes da Fifa para a apresentar a capital baiana como uma das sedes da Copa do Mundo Feminina de 2027. O encontro foi realizado na Arena Fonte Nova, ao longo do \u00faltimo s\u00e1bado (12). Na sexta (11),&nbsp;uma comitiva da Fifa [&hellip;]<\/p>\n","protected":false},"author":2,"featured_media":17949,"comment_status":"open","ping_status":"open","sticky":false,"template":"","format":"standard","meta":{"_jetpack_memberships_contains_paid_content":false,"footnotes":""},"categories":[20],"tags":[],"class_list":["post-17948","post","type-post","status-publish","format-standard","has-post-thumbnail","hentry","category-esporte"],"aioseo_notices":[],"jetpack_featured_media_url":"https:\/\/i0.wp.com\/minutobahia24h.com.br\/wp-content\/uploads\/2024\/10\/Sem-titulo-137.jpg?fit=1200%2C630&ssl=1","jetpack_sharing_enabled":true,"_links":{"self":[{"href":"https:\/\/minutobahia24h.com.br\/index.php?rest_route=\/wp\/v2\/posts\/17948","targetHints":{"allow":["GET"]}}],"collection":[{"href":"https:\/\/minutobahia24h.com.br\/index.php?rest_route=\/wp\/v2\/posts"}],"about":[{"href":"https:\/\/minutobahia24h.com.br\/index.php?rest_route=\/wp\/v2\/types\/post"}],"author":[{"embeddable":true,"href":"https:\/\/minutobahia24h.com.br\/index.php?rest_route=\/wp\/v2\/users\/2"}],"replies":[{"embeddable":true,"href":"https:\/\/minutobahia24h.com.br\/index.php?rest_route=%2Fwp%2Fv2%2Fcomments&post=17948"}],"version-history":[{"count":1,"href":"https:\/\/minutobahia24h.com.br\/index.php?rest_route=\/wp\/v2\/posts\/17948\/revisions"}],"predecessor-version":[{"id":17950,"href":"https:\/\/minutobahia24h.com.br\/index.php?rest_route=\/wp\/v2\/posts\/17948\/revisions\/17950"}],"wp:featuredmedia":[{"embeddable":true,"href":"https:\/\/minutobahia24h.com.br\/index.php?rest_route=\/wp\/v2\/media\/17949"}],"wp:attachment":[{"href":"https:\/\/minutobahia24h.com.br\/index.php?rest_route=%2Fwp%2Fv2%2Fmedia&parent=17948"}],"wp:term":[{"taxonomy":"category","embeddable":true,"href":"https:\/\/minutobahia24h.com.br\/index.php?rest_route=%2Fwp%2Fv2%2Fcategories&post=17948"},{"taxonomy":"post_tag","embeddable":true,"href":"https:\/\/minutobahia24h.com.br\/index.php?rest_route=%2Fwp%2Fv2%2Ftags&post=17948"}],"curies":[{"name":"wp","href":"https:\/\/api.w.org\/{rel}","templated":true}]}}