{"id":17940,"date":"2024-10-14T07:01:41","date_gmt":"2024-10-14T10:01:41","guid":{"rendered":"https:\/\/minutobahia24h.com.br\/?p=17940"},"modified":"2024-10-14T07:01:42","modified_gmt":"2024-10-14T10:01:42","slug":"policia-militar-de-feira-de-santana-emite-nota-de-esclarecimento-sobre-morte-do-empresario-apos-fuga-de-blitz","status":"publish","type":"post","link":"https:\/\/minutobahia24h.com.br\/?p=17940","title":{"rendered":"Pol\u00edcia Militar de Feira de Santana emite nota de esclarecimento sobre morte do empres\u00e1rio ap\u00f3s fuga de blitz"},"content":{"rendered":"<div class=\"wp-block-image\">\n<figure class=\"aligncenter size-full\"><img data-recalc-dims=\"1\" fetchpriority=\"high\" decoding=\"async\" width=\"577\" height=\"333\" src=\"https:\/\/i0.wp.com\/minutobahia24h.com.br\/wp-content\/uploads\/2024\/10\/Sem-titulo-135.jpg?resize=577%2C333&#038;ssl=1\" alt=\"\" class=\"wp-image-17942\" srcset=\"https:\/\/i0.wp.com\/minutobahia24h.com.br\/wp-content\/uploads\/2024\/10\/Sem-titulo-135.jpg?w=577&amp;ssl=1 577w, https:\/\/i0.wp.com\/minutobahia24h.com.br\/wp-content\/uploads\/2024\/10\/Sem-titulo-135.jpg?resize=300%2C173&amp;ssl=1 300w\" sizes=\"(max-width: 577px) 100vw, 577px\" \/><\/figure>\n<\/div>\n\n\n<p>A Pol\u00edcia Militar emitiu, no in\u00edcio da tarde deste domingo (13), uma nota de esclarecimento sobre a morte do empres\u00e1rio Fernando Alves Souza Coelho, de 39 anos de idade, ap\u00f3s uma interven\u00e7\u00e3o policial, na Avenida Noide Cerqueira, em Feira de Santana.<\/p>\n\n\n\n<p>O fato aconteceu na noite de s\u00e1bado (12), ap\u00f3s o empres\u00e1rio n\u00e3o atender a ordem de parada e fugir em alta velocidade pela contram\u00e3o da Avenida Noide Cerqueira.<\/p>\n\n\n\n<p>De acordo com a nota da Pol\u00edcia Militar, diante da iminente amea\u00e7a, foi necess\u00e1rio efetuar disparos de arma de fogo para conter o condutor do ve\u00edculo. Veja a nota na \u00edntegra:<\/p>\n\n\n\n<p>Nota de esclarecimento<a><\/a><\/p>\n\n\n\n<p>Na noite do \u00faltimo s\u00e1bado (12), policiais militares do Esquadr\u00e3o de Motociclistas Asa Branca realizavam uma blitz da Opera\u00e7\u00e3o Paz no Tr\u00e2nsito na Avenida Artemia Pires, no bairro Sim, em Feira de Santana, quando um ve\u00edculo de cor branca desobedeceu \u00e0 ordem de parada e evadiu-se do local.<\/p>\n\n\n\n<p>Imediatamente, os policiais iniciaram o acompanhamento do ve\u00edculo e solicitaram o apoio de outras guarni\u00e7\u00f5es. Durante a persegui\u00e7\u00e3o, o carro entrou na Avenida Noide Cerqueira, circulando em alta velocidade pela contram\u00e3o. Uma equipe da CIPE Leste, conseguiu interceptar o ve\u00edculo. Apesar das sinaliza\u00e7\u00f5es sonoras e luminosas com sirene e giroflex, o condutor desobedeceu novamente \u00e0 ordem de parada e avan\u00e7ou em dire\u00e7\u00e3o aos policiais, que estavam desembarcados.<\/p>\n\n\n\n<p>Conforme relato dos policiais, diante da iminente amea\u00e7a, foram efetuados disparos de arma de fogo para conter o suspeito. O condutor, que foi atingido, recebeu socorro imediato e foi encaminhado para uma unidade de sa\u00fade, mas n\u00e3o resistiu aos ferimentos. Com ele, foi encontrado um rev\u00f3lver calibre .38. O outro ocupante do ve\u00edculo, uma mulher, n\u00e3o sofreu ferimentos e foi conduzida, juntamente com o material apreendido, para a delegacia de Pol\u00edcia Civil, onde a ocorr\u00eancia foi registrada e ocorrer\u00e1 a investiga\u00e7\u00e3o das circunst\u00e2ncias do caso.<\/p>\n\n\n\n<p>Acorda Cidade<\/p>\n","protected":false},"excerpt":{"rendered":"<p>A Pol\u00edcia Militar emitiu, no in\u00edcio da tarde deste domingo (13), uma nota de esclarecimento sobre a morte do empres\u00e1rio Fernando Alves Souza Coelho, de 39 anos de idade, ap\u00f3s uma interven\u00e7\u00e3o policial, na Avenida Noide Cerqueira, em Feira de Santana. O fato aconteceu na noite de s\u00e1bado (12), ap\u00f3s o empres\u00e1rio n\u00e3o atender a [&hellip;]<\/p>\n","protected":false},"author":2,"featured_media":17942,"comment_status":"open","ping_status":"open","sticky":false,"template":"","format":"standard","meta":{"_jetpack_memberships_contains_paid_content":false,"footnotes":""},"categories":[46],"tags":[],"class_list":["post-17940","post","type-post","status-publish","format-standard","has-post-thumbnail","hentry","category-noticia"],"aioseo_notices":[],"jetpack_featured_media_url":"https:\/\/i0.wp.com\/minutobahia24h.com.br\/wp-content\/uploads\/2024\/10\/Sem-titulo-135.jpg?fit=577%2C333&ssl=1","jetpack_sharing_enabled":true,"_links":{"self":[{"href":"https:\/\/minutobahia24h.com.br\/index.php?rest_route=\/wp\/v2\/posts\/17940","targetHints":{"allow":["GET"]}}],"collection":[{"href":"https:\/\/minutobahia24h.com.br\/index.php?rest_route=\/wp\/v2\/posts"}],"about":[{"href":"https:\/\/minutobahia24h.com.br\/index.php?rest_route=\/wp\/v2\/types\/post"}],"author":[{"embeddable":true,"href":"https:\/\/minutobahia24h.com.br\/index.php?rest_route=\/wp\/v2\/users\/2"}],"replies":[{"embeddable":true,"href":"https:\/\/minutobahia24h.com.br\/index.php?rest_route=%2Fwp%2Fv2%2Fcomments&post=17940"}],"version-history":[{"count":1,"href":"https:\/\/minutobahia24h.com.br\/index.php?rest_route=\/wp\/v2\/posts\/17940\/revisions"}],"predecessor-version":[{"id":17944,"href":"https:\/\/minutobahia24h.com.br\/index.php?rest_route=\/wp\/v2\/posts\/17940\/revisions\/17944"}],"wp:featuredmedia":[{"embeddable":true,"href":"https:\/\/minutobahia24h.com.br\/index.php?rest_route=\/wp\/v2\/media\/17942"}],"wp:attachment":[{"href":"https:\/\/minutobahia24h.com.br\/index.php?rest_route=%2Fwp%2Fv2%2Fmedia&parent=17940"}],"wp:term":[{"taxonomy":"category","embeddable":true,"href":"https:\/\/minutobahia24h.com.br\/index.php?rest_route=%2Fwp%2Fv2%2Fcategories&post=17940"},{"taxonomy":"post_tag","embeddable":true,"href":"https:\/\/minutobahia24h.com.br\/index.php?rest_route=%2Fwp%2Fv2%2Ftags&post=17940"}],"curies":[{"name":"wp","href":"https:\/\/api.w.org\/{rel}","templated":true}]}}