{"id":17700,"date":"2024-10-08T07:45:52","date_gmt":"2024-10-08T10:45:52","guid":{"rendered":"https:\/\/minutobahia24h.com.br\/?p=17700"},"modified":"2024-10-08T07:45:53","modified_gmt":"2024-10-08T10:45:53","slug":"chefe-do-hezbollah-diz-apoiar-cessar-fogo-mas-afirma-que-grupo-nao-baixara-as-armas","status":"publish","type":"post","link":"https:\/\/minutobahia24h.com.br\/?p=17700","title":{"rendered":"Chefe do Hezbollah diz apoiar cessar-fogo, mas afirma que grupo n\u00e3o &#8216;baixar\u00e1 as armas&#8217;"},"content":{"rendered":"<div class=\"wp-block-image\">\n<figure class=\"aligncenter size-full\"><img data-recalc-dims=\"1\" fetchpriority=\"high\" decoding=\"async\" width=\"800\" height=\"441\" src=\"https:\/\/i0.wp.com\/minutobahia24h.com.br\/wp-content\/uploads\/2024\/10\/Sem-titulo-78.jpg?resize=800%2C441&#038;ssl=1\" alt=\"\" class=\"wp-image-17701\" srcset=\"https:\/\/i0.wp.com\/minutobahia24h.com.br\/wp-content\/uploads\/2024\/10\/Sem-titulo-78.jpg?w=984&amp;ssl=1 984w, https:\/\/i0.wp.com\/minutobahia24h.com.br\/wp-content\/uploads\/2024\/10\/Sem-titulo-78.jpg?resize=300%2C166&amp;ssl=1 300w, https:\/\/i0.wp.com\/minutobahia24h.com.br\/wp-content\/uploads\/2024\/10\/Sem-titulo-78.jpg?resize=768%2C424&amp;ssl=1 768w, https:\/\/i0.wp.com\/minutobahia24h.com.br\/wp-content\/uploads\/2024\/10\/Sem-titulo-78.jpg?resize=750%2C414&amp;ssl=1 750w\" sizes=\"(max-width: 800px) 100vw, 800px\" \/><figcaption class=\"wp-element-caption\">O chefe interino do Hezbollah, Naim Qassem, faz pronunciamento televisionado, em 8 de outubro de 2024. \u2014 Foto: Al Manar TV via Reuters<br><br><\/figcaption><\/figure>\n<\/div>\n\n\n<p>Em um pronunciamento exibido em TVs do\u00a0<a class=\"\" href=\"https:\/\/g1.globo.com\/tudo-sobre\/libano\/\">L\u00edbano<\/a>\u00a0nesta ter\u00e7a-feira (8), o chefe interino do\u00a0<a class=\"\" href=\"https:\/\/g1.globo.com\/tudo-sobre\/hezbollah\/\">Hezbollah<\/a>, Naim Qassem, disse que as capacidades do grupo extremista est\u00e3o &#8220;intactas&#8221; apesar dos bombardeios de\u00a0<a class=\"\" href=\"https:\/\/g1.globo.com\/tudo-sobre\/israel\/\">Israel<\/a>\u00a0e que n\u00e3o vai &#8220;baixar as armas&#8221; mas afirmou apoiar negocia\u00e7\u00f5es por um cessar-fogo.<\/p>\n\n\n\n<p><strong>&#8220;Ningu\u00e9m deve achar que n\u00f3s abandonaremos nossas posi\u00e7\u00f5es ou baixaremos as armas&#8221;, declarou Qassem. \u201cGostaria de tranquiliz\u00e1-los. Nossas capacidades est\u00e3o boas e o que o inimigo disse sobre nossas capacidades serem afetadas \u00e9 uma ilus\u00e3o.&#8221;<\/strong><\/p>\n\n\n\n<p>No discurso, o vice-chefe<strong>&nbsp;admitiu que o Hezbollah sofreu &#8220;golpes dolorosos&#8221;<\/strong>&nbsp;de Israel \u2014 desde a explos\u00e3o de pagers e walkie-talkies do grupo at\u00e9 a morte do comandante, Hassan Nasrallah, passando por bombardeios que mataram outros altos cargos.<\/p>\n\n\n\n<p>Mas afirmou que os&nbsp;<strong>soldados do Hezbollah est\u00e3o conseguindo &#8220;repelir&#8221; as incurs\u00f5es terrestres do Ex\u00e9rcito israelense<\/strong>&nbsp;no sul do L\u00edbano, principal reduto do grupo extremista.<\/p>\n\n\n\n<p>E disse tamb\u00e9m apoiar uma tentativa de negociar um cessar-fogo que vem sendo travada pelo presidente do Parlamento do L\u00edbano, Nabih Berri, de cessar-fogo. Berri \u00e9 aliado do Hezbollah, que tamb\u00e9m tem um bra\u00e7o pol\u00edtico e deputados. Qassem n\u00e3o disse, no entanto, quais seriam as condi\u00e7\u00f5es do grupo extremista para um acordo.<\/p>\n\n\n\n<p>Naim Qassem, que era vice-comandante do Hezbollah, assumiu inteirinamente a chefia do grupo depois de Hassan Nasrallah, que&nbsp;<a class=\"\" href=\"https:\/\/g1.globo.com\/mundo\/noticia\/2024\/09\/28\/quem-e-hassan-nasrallah.ghtml\">comandava o grupo desde a d\u00e9cada de 1990<\/a>&nbsp;e era um dos atores mais influentes do Oriente M\u00e9dio, ser&nbsp;<a class=\"\" href=\"https:\/\/g1.globo.com\/mundo\/noticia\/2024\/09\/27\/cortina-de-fumaca-domina-o-ceu-da-capital-do-libano-apos-bombardeio-de-israel.ghtml\">morto em um bombardeio de Israel a Beirute, na semana passada<\/a>.<\/p>\n\n\n\n<figure class=\"wp-block-image\"><img data-recalc-dims=\"1\" decoding=\"async\" src=\"https:\/\/i0.wp.com\/s2-g1.glbimg.com\/sOfgebwPgbSjpZgkt1p32DAgijU%3D\/0x0%3A5500x3667\/984x0\/smart\/filters%3Astrip_icc%28%29\/i.s3.glbimg.com\/v1\/AUTH_59edd422c0c84a879bd37670ae4f538a\/internal_photos\/bs\/2024\/c\/l\/z4zdBpTN2fPoUexZU1zQ\/2024-10-07t185239z-152212270-rc2ufaa2qsif-rtrmadp-3-israel-palestinians-lebanon.jpg?w=800&#038;ssl=1\" alt=\"Coluna de fuma\u00e7a sobe no sul de Beirute, capital do L\u00edbano, ap\u00f3s ordens de evacua\u00e7\u00e3o expedidas por Israel em 7 de outubro de 2024. \u2014 Foto: REUTERS\/Mohamed Azakir\"\/><\/figure>\n\n\n\n<p>Coluna de fuma\u00e7a sobe no sul de Beirute, capital do L\u00edbano, ap\u00f3s ordens de evacua\u00e7\u00e3o expedidas por Israel em 7 de outubro de 2024. \u2014 Foto: REUTERS\/Mohamed Azakir<\/p>\n\n\n\n<p>Mais cedo, as For\u00e7as Armadas de Israel afirmaram que o comandante do quartel-general do Hezbollah, Suhail Hussein Husseini, foi morto em um ataque a Beirute.<\/p>\n\n\n\n<p>Desde a escalada do conflito, no m\u00eas passado, Israel informou a morte de diversas lideran\u00e7as do grupo extremista, entre elas a de&nbsp;<a class=\"\" href=\"https:\/\/g1.globo.com\/mundo\/noticia\/2024\/09\/28\/chefe-do-hezbollah-esta-morto-diz-israel.ghtml\">Sayyed Hassan Nasrallah, n\u00famero 1 e principal rosto do Hezbollah<\/a>, que comandava o grupo extremista liban\u00eas desde 1992.<\/p>\n\n\n\n<p>Entre janeiro e julho, quatro comandantes do Hezbollah tinham sido mortos pelas for\u00e7as israelenses. De setembro para c\u00e1, pelo menos outros seis l\u00edderes do grupo foram eliminados em ataques ao territ\u00f3rio liban\u00eas.&nbsp;<a class=\"\" href=\"https:\/\/g1.globo.com\/mundo\/noticia\/2024\/10\/01\/quem-sao-as-liderancas-do-hezbollah-que-israel-diz-ter-matado.ghtml\">Confira a lista.<\/a><\/p>\n\n\n\n<p>Nesta ter\u00e7a-feira, houve bombardeios em ambos os lados da fronteira \u2014 no sul do L\u00edbano e no norte de Israel.<\/p>\n\n\n\n<p>De acordo com as for\u00e7as de Israel, o QG do grupo extremista que foi atacado \u00e9 usado para supervisionar a log\u00edstica da organiza\u00e7\u00e3o, assim como controlar o or\u00e7amento e o gerenciamento de outras unidades.<\/p>\n\n\n\n<blockquote class=\"wp-block-quote is-layout-flow wp-block-quote-is-layout-flow\">\n<p>&#8220;Husseini desempenhou um papel crucial nas transfer\u00eancias de armas entre o Ir\u00e3 e o Hezbollah e foi respons\u00e1vel pela distribui\u00e7\u00e3o do armamento avan\u00e7ado entre as unidades do Hezbollah, supervisionando o transporte e a aloca\u00e7\u00e3o dessas armas. Al\u00e9m disso, ele era membro do conselho da Jihad, o conselho de lideran\u00e7a militar s\u00eanior do Hezbollah&#8221;, informou o comunicado israelense.<\/p>\n<\/blockquote>\n\n\n\n<p>O quartel-general inclui a unidade de pesquisa e desenvolvimento do grupo extremista liban\u00eas, que \u00e9 financiado pelo Ir\u00e3. A unidade \u00e9 respons\u00e1vel, por exemplo, pela fabrica\u00e7\u00e3o de m\u00edsseis guiados de precis\u00e3o.<\/p>\n\n\n\n<p>&#8220;Em sua fun\u00e7\u00e3o, Husseini foi respons\u00e1vel pelo or\u00e7amento e gest\u00e3o log\u00edstica dos projetos mais sens\u00edveis do Hezbollah, incluindo os planos de guerra da organiza\u00e7\u00e3o e outras opera\u00e7\u00f5es especiais, como a coordena\u00e7\u00e3o de ataques terroristas contra o Estado de Israel&#8221;, afirmaram as for\u00e7as israelenses.<\/p>\n\n\n\n<p>Um balan\u00e7o divulgado na segunda-feira (7) pelo Minist\u00e9rio da Sa\u00fade do L\u00edbano apontou que as mortes em ataques israelenses aumentou para 2.083, al\u00e9m de 9.869 feridos. Ao menos&nbsp;<a class=\"\" href=\"https:\/\/g1.globo.com\/mundo\/noticia\/2024\/10\/04\/israel-diz-ter-matado-250-soldados-do-hezbollah-desde-o-inicio-dos-ataques-no-libano.ghtml\">250 combatentes do Hezbollah<\/a>&nbsp;est\u00e3o entre os mortos.<\/p>\n\n\n\n<p>Nas 24 horas anteriores \u00e0 divulga\u00e7\u00e3o, foram relatadas 22 \u00f3bitos e 111 feridos em v\u00e1rias regi\u00f5es do L\u00edbano devido aos bombardeios.<\/p>\n\n\n\n<p>O Hezbollah tem trocado tiros com for\u00e7as israelenses ao longo da fronteira entre os pa\u00edses desde 8 de outubro de 2023, em solidariedade ao Hamas. As for\u00e7as de Israel t\u00eam realizado ataques no L\u00edbano, principalmente a\u00e9reos, desde 20 de setembro deste ano, na chamada opera\u00e7\u00e3o &#8220;Flechas do Norte&#8221;.<\/p>\n\n\n\n<p>Em termos comparativos, o n\u00famero de mais de 2 mil mortos&nbsp;<a class=\"\" href=\"https:\/\/g1.globo.com\/mundo\/noticia\/2024\/10\/03\/mortes-no-libano-por-ataques-de-israel-chegam-a-quase-2000.ghtml\">ultrapassou o balan\u00e7o total de \u00f3bitos na guerra do L\u00edbano em 2006&nbsp;<\/a>\u2014 quando Israel tamb\u00e9m invadiu o pa\u00eds vizinho para lutar contra o Hezbollah. Em pouco mais de um m\u00eas, o conflito de 2006 teve um total de 1.191 mortos, entre civis, soldados e membros do Hezbollah.<\/p>\n\n\n\n<p>O governo israelense afirma que os bombardeios n\u00e3o t\u00eam como alvo o Estado do L\u00edbano, mas sim estruturas espec\u00edficas do Hezbollah dentro do territ\u00f3rio liban\u00eas. No entanto, a maioria dos mortos s\u00e3o civis, segundo o governo liban\u00eas. Al\u00e9m dos ataques a\u00e9reos, Israel invadiu o L\u00edbano por terra.<\/p>\n","protected":false},"excerpt":{"rendered":"<p>Em um pronunciamento exibido em TVs do\u00a0L\u00edbano\u00a0nesta ter\u00e7a-feira (8), o chefe interino do\u00a0Hezbollah, Naim Qassem, disse que as capacidades do grupo extremista est\u00e3o &#8220;intactas&#8221; apesar dos bombardeios de\u00a0Israel\u00a0e que n\u00e3o vai &#8220;baixar as armas&#8221; mas afirmou apoiar negocia\u00e7\u00f5es por um cessar-fogo. &#8220;Ningu\u00e9m deve achar que n\u00f3s abandonaremos nossas posi\u00e7\u00f5es ou baixaremos as armas&#8221;, declarou Qassem. [&hellip;]<\/p>\n","protected":false},"author":2,"featured_media":17701,"comment_status":"open","ping_status":"open","sticky":false,"template":"","format":"standard","meta":{"_jetpack_memberships_contains_paid_content":false,"footnotes":""},"categories":[15],"tags":[],"class_list":["post-17700","post","type-post","status-publish","format-standard","has-post-thumbnail","hentry","category-mundo"],"aioseo_notices":[],"jetpack_featured_media_url":"https:\/\/i0.wp.com\/minutobahia24h.com.br\/wp-content\/uploads\/2024\/10\/Sem-titulo-78.jpg?fit=984%2C543&ssl=1","jetpack_sharing_enabled":true,"_links":{"self":[{"href":"https:\/\/minutobahia24h.com.br\/index.php?rest_route=\/wp\/v2\/posts\/17700","targetHints":{"allow":["GET"]}}],"collection":[{"href":"https:\/\/minutobahia24h.com.br\/index.php?rest_route=\/wp\/v2\/posts"}],"about":[{"href":"https:\/\/minutobahia24h.com.br\/index.php?rest_route=\/wp\/v2\/types\/post"}],"author":[{"embeddable":true,"href":"https:\/\/minutobahia24h.com.br\/index.php?rest_route=\/wp\/v2\/users\/2"}],"replies":[{"embeddable":true,"href":"https:\/\/minutobahia24h.com.br\/index.php?rest_route=%2Fwp%2Fv2%2Fcomments&post=17700"}],"version-history":[{"count":1,"href":"https:\/\/minutobahia24h.com.br\/index.php?rest_route=\/wp\/v2\/posts\/17700\/revisions"}],"predecessor-version":[{"id":17702,"href":"https:\/\/minutobahia24h.com.br\/index.php?rest_route=\/wp\/v2\/posts\/17700\/revisions\/17702"}],"wp:featuredmedia":[{"embeddable":true,"href":"https:\/\/minutobahia24h.com.br\/index.php?rest_route=\/wp\/v2\/media\/17701"}],"wp:attachment":[{"href":"https:\/\/minutobahia24h.com.br\/index.php?rest_route=%2Fwp%2Fv2%2Fmedia&parent=17700"}],"wp:term":[{"taxonomy":"category","embeddable":true,"href":"https:\/\/minutobahia24h.com.br\/index.php?rest_route=%2Fwp%2Fv2%2Fcategories&post=17700"},{"taxonomy":"post_tag","embeddable":true,"href":"https:\/\/minutobahia24h.com.br\/index.php?rest_route=%2Fwp%2Fv2%2Ftags&post=17700"}],"curies":[{"name":"wp","href":"https:\/\/api.w.org\/{rel}","templated":true}]}}