{"id":17691,"date":"2024-10-08T07:37:31","date_gmt":"2024-10-08T10:37:31","guid":{"rendered":"https:\/\/minutobahia24h.com.br\/?p=17691"},"modified":"2024-10-08T07:37:33","modified_gmt":"2024-10-08T10:37:33","slug":"indicado-para-presidencia-do-bc-galipolo-e-sabatinado-pelo-senado-nesta-terca-feira-8","status":"publish","type":"post","link":"https:\/\/minutobahia24h.com.br\/?p=17691","title":{"rendered":"Indicado para presid\u00eancia do BC, Gal\u00edpolo \u00e9 sabatinado pelo Senado nesta ter\u00e7a-feira (8)"},"content":{"rendered":"<div class=\"wp-block-image\">\n<figure class=\"aligncenter size-full\"><img data-recalc-dims=\"1\" fetchpriority=\"high\" decoding=\"async\" width=\"598\" height=\"416\" src=\"https:\/\/i0.wp.com\/minutobahia24h.com.br\/wp-content\/uploads\/2024\/10\/Sem-titulo-75.jpg?resize=598%2C416&#038;ssl=1\" alt=\"\" class=\"wp-image-17692\" srcset=\"https:\/\/i0.wp.com\/minutobahia24h.com.br\/wp-content\/uploads\/2024\/10\/Sem-titulo-75.jpg?w=598&amp;ssl=1 598w, https:\/\/i0.wp.com\/minutobahia24h.com.br\/wp-content\/uploads\/2024\/10\/Sem-titulo-75.jpg?resize=300%2C209&amp;ssl=1 300w\" sizes=\"(max-width: 598px) 100vw, 598px\" \/><figcaption class=\"wp-element-caption\">Foto: Pedro Fran\u00e7a\/Ag\u00eancia Senado<br><\/figcaption><\/figure>\n<\/div>\n\n\n<p>O Senado Federal realiza nesta ter\u00e7a-feira (8) a sabatina de Gabriel Gal\u00edpolo, economista indicado para a presid\u00eancia do Banco Central (BC), cargo que ele poder\u00e1 assumir em janeiro de 2025, substituindo o atual presidente, Roberto Campos Neto. A indica\u00e7\u00e3o de Gal\u00edpolo foi oficializada pelo presidente Luiz In\u00e1cio Lula da Silva em 28 de agosto.<\/p>\n\n\n\n<p>A Comiss\u00e3o de Assuntos Econ\u00f4micos (CAE) do Senado ser\u00e1 respons\u00e1vel por avaliar Gal\u00edpolo, em sess\u00e3o marcada para as 10h. Caso seja aprovado pela maioria dos membros da CAE, o nome do economista seguir\u00e1 para vota\u00e7\u00e3o no plen\u00e1rio da Casa ainda nesta ter\u00e7a-feira, a partir das 14h.<\/p>\n\n\n\n<p>Se aprovado, Gal\u00edpolo substituir\u00e1 Campos Neto no comando do BC em 1\u00ba de janeiro de 2025. Esta ser\u00e1 a primeira troca de presid\u00eancia do \u00f3rg\u00e3o desde que a autonomia da institui\u00e7\u00e3o foi formalizada, em 2021. Segundo a nova legisla\u00e7\u00e3o, o mandato do presidente do BC tem dura\u00e7\u00e3o de quatro anos, sendo os primeiros dois sob o governo que o indicou, e os dois seguintes sob a gest\u00e3o do pr\u00f3ximo presidente da Rep\u00fablica.<\/p>\n\n\n\n<p><strong>Perfil de Gal\u00edpolo<\/strong><\/p>\n\n\n\n<p>Gabriel Gal\u00edpolo, de 42 anos, \u00e9 o atual diretor de pol\u00edtica monet\u00e1ria do Banco Central. Natural de S\u00e3o Paulo, ele assumiu a fun\u00e7\u00e3o em julho de 2023 ap\u00f3s uma trajet\u00f3ria de destaque no setor p\u00fablico e privado. Formado em economia pela PUC-SP, Gal\u00edpolo foi professor universit\u00e1rio de 2006 a 2021 e ocupou o cargo de secret\u00e1rio-executivo do Minist\u00e9rio da Fazenda no in\u00edcio da gest\u00e3o de Fernando Haddad.<\/p>\n\n\n\n<p>Antes de integrar a equipe do BC, presidiu o Banco Fator de 2017 a 2021, consolidando sua carreira no mercado financeiro.<\/p>\n\n\n\n<p>Bahia.ba<\/p>\n","protected":false},"excerpt":{"rendered":"<p>O Senado Federal realiza nesta ter\u00e7a-feira (8) a sabatina de Gabriel Gal\u00edpolo, economista indicado para a presid\u00eancia do Banco Central (BC), cargo que ele poder\u00e1 assumir em janeiro de 2025, substituindo o atual presidente, Roberto Campos Neto. A indica\u00e7\u00e3o de Gal\u00edpolo foi oficializada pelo presidente Luiz In\u00e1cio Lula da Silva em 28 de agosto. A [&hellip;]<\/p>\n","protected":false},"author":2,"featured_media":17692,"comment_status":"open","ping_status":"open","sticky":false,"template":"","format":"standard","meta":{"_jetpack_memberships_contains_paid_content":false,"footnotes":""},"categories":[19],"tags":[],"class_list":["post-17691","post","type-post","status-publish","format-standard","has-post-thumbnail","hentry","category-economia"],"aioseo_notices":[],"jetpack_featured_media_url":"https:\/\/i0.wp.com\/minutobahia24h.com.br\/wp-content\/uploads\/2024\/10\/Sem-titulo-75.jpg?fit=598%2C416&ssl=1","jetpack_sharing_enabled":true,"_links":{"self":[{"href":"https:\/\/minutobahia24h.com.br\/index.php?rest_route=\/wp\/v2\/posts\/17691","targetHints":{"allow":["GET"]}}],"collection":[{"href":"https:\/\/minutobahia24h.com.br\/index.php?rest_route=\/wp\/v2\/posts"}],"about":[{"href":"https:\/\/minutobahia24h.com.br\/index.php?rest_route=\/wp\/v2\/types\/post"}],"author":[{"embeddable":true,"href":"https:\/\/minutobahia24h.com.br\/index.php?rest_route=\/wp\/v2\/users\/2"}],"replies":[{"embeddable":true,"href":"https:\/\/minutobahia24h.com.br\/index.php?rest_route=%2Fwp%2Fv2%2Fcomments&post=17691"}],"version-history":[{"count":1,"href":"https:\/\/minutobahia24h.com.br\/index.php?rest_route=\/wp\/v2\/posts\/17691\/revisions"}],"predecessor-version":[{"id":17693,"href":"https:\/\/minutobahia24h.com.br\/index.php?rest_route=\/wp\/v2\/posts\/17691\/revisions\/17693"}],"wp:featuredmedia":[{"embeddable":true,"href":"https:\/\/minutobahia24h.com.br\/index.php?rest_route=\/wp\/v2\/media\/17692"}],"wp:attachment":[{"href":"https:\/\/minutobahia24h.com.br\/index.php?rest_route=%2Fwp%2Fv2%2Fmedia&parent=17691"}],"wp:term":[{"taxonomy":"category","embeddable":true,"href":"https:\/\/minutobahia24h.com.br\/index.php?rest_route=%2Fwp%2Fv2%2Fcategories&post=17691"},{"taxonomy":"post_tag","embeddable":true,"href":"https:\/\/minutobahia24h.com.br\/index.php?rest_route=%2Fwp%2Fv2%2Ftags&post=17691"}],"curies":[{"name":"wp","href":"https:\/\/api.w.org\/{rel}","templated":true}]}}