{"id":17679,"date":"2024-10-08T07:10:13","date_gmt":"2024-10-08T10:10:13","guid":{"rendered":"https:\/\/minutobahia24h.com.br\/?p=17679"},"modified":"2024-10-08T07:10:14","modified_gmt":"2024-10-08T10:10:14","slug":"bonfim-helder-amorim-emite-nota-apos-resultado-das-eleicoes-municipais","status":"publish","type":"post","link":"https:\/\/minutobahia24h.com.br\/?p=17679","title":{"rendered":"Bonfim: Helder Amorim emite nota ap\u00f3s resultado das elei\u00e7\u00f5es municipais"},"content":{"rendered":"<div class=\"wp-block-image\">\n<figure class=\"aligncenter size-full\"><img data-recalc-dims=\"1\" fetchpriority=\"high\" decoding=\"async\" width=\"617\" height=\"700\" src=\"https:\/\/i0.wp.com\/minutobahia24h.com.br\/wp-content\/uploads\/2024\/10\/Sem-titulo-71.jpg?resize=617%2C700&#038;ssl=1\" alt=\"\" class=\"wp-image-17680\" srcset=\"https:\/\/i0.wp.com\/minutobahia24h.com.br\/wp-content\/uploads\/2024\/10\/Sem-titulo-71.jpg?w=617&amp;ssl=1 617w, https:\/\/i0.wp.com\/minutobahia24h.com.br\/wp-content\/uploads\/2024\/10\/Sem-titulo-71.jpg?resize=264%2C300&amp;ssl=1 264w\" sizes=\"(max-width: 617px) 100vw, 617px\" \/><figcaption class=\"wp-element-caption\"><sub>Foto: Reprodu\u00e7\u00e3o \/ Facebook<\/sub><br><\/figcaption><\/figure>\n<\/div>\n\n\n<p>O professor Helder Amorim, que disputou o cargo de prefeito de Senhor do Bonfim nas elei\u00e7\u00f5es deste domingo (06), emitiu nota nesta segunda-feira para agradecer a vota\u00e7\u00e3o recebida dos eleitores bonfinenses e anunciar planos para o futuro.<\/p>\n\n\n\n<p>Ao agradecer a popula\u00e7\u00e3o que votou no seu nome, ele afirmou que o passo dado foi muito importante para a luta e projeto petistas.<\/p>\n\n\n\n<p>Helder lembrou que desafios da elei\u00e7\u00e3o de 2020 ainda n\u00e3o foram superados, mas o momento atual permitiu a constru\u00e7\u00e3o de um novo futuro pol\u00edtico. Disse ainda que trabalhou \u201cpara manter a unidade do grupo, por\u00e9m algumas quest\u00f5es est\u00e3o acima da nossa vontade\u201d.<\/p>\n\n\n\n<p>O professor afirmou que a lideran\u00e7a do processo imp\u00f5e firmeza e disposi\u00e7\u00e3o para manter o foco e que quer \u201cagregar e construir uma nova maneira de liderar, com sabedoria e di\u00e1logo\u201d.<\/p>\n\n\n\n<p>Helder concluiu dizendo que o caminho percorrido nesta campanha eleitoral o fez conhecer cada militante e simpatizante e que saber\u00e1 se posicionar e conduzir o processo.<\/p>\n\n\n<div class=\"wp-block-image\">\n<figure class=\"aligncenter\"><a href=\"https:\/\/i0.wp.com\/blogdoeloiltoncajuhy.com.br\/site\/wp-content\/uploads\/2024\/10\/Helder-e-Lucia-461517114.jpg?ssl=1\"><img decoding=\"async\" src=\"https:\/\/i0.wp.com\/blogdoeloiltoncajuhy.com.br\/site\/wp-content\/uploads\/2024\/10\/Helder-e-Lucia-461517114.jpg?resize=578%2C720&amp;ssl=1\" alt=\"\" class=\"wp-image-83420\"\/><\/a><figcaption class=\"wp-element-caption\"><sub>Foto: Reprodu\u00e7\u00e3o \/ Facebook<\/sub><\/figcaption><\/figure>\n<\/div>\n\n\n<p><strong>Confira a \u00edntegra da nota de Helder Amorim:<\/strong><\/p>\n\n\n\n<p><em>\u201cPrimeiro gostar\u00edamos muito de agradecer a todos e todas pela bonita caminhada que fizemos. Esse passo que demos foi muito importante, para nossa luta, para nosso campo e para nosso projeto.<\/em><\/p>\n\n\n\n<p><em>Temos desafios que n\u00e3o foram superados desde a elei\u00e7\u00e3o de 2020, e que ainda impactam nas nossas rela\u00e7\u00f5es. Mas tamb\u00e9m temos um novo futuro para construir.<\/em><\/p>\n\n\n\n<p><em>Coloquei meu nome \u00e0 disposi\u00e7\u00e3o do PT desde o final do ano passado, e constru\u00ed essa candidatura internamente com muita tranquilidade.<\/em><\/p>\n\n\n\n<p><em>Eu e L\u00facia sab\u00edamos das dificuldades, internas e externas, que enfrentar\u00edamos, e n\u00e3o vacilamos em nenhum momento. Fizemos tudo com firmeza e determina\u00e7\u00e3o.<\/em><\/p>\n\n\n\n<p><em>Trabalhamos para manter a unidade do grupo, por\u00e9m, algumas quest\u00f5es est\u00e3o acima da nossa vontade.<\/em><\/p>\n\n\n\n<p><em>A lideran\u00e7a desse processo, nos imp\u00f5e firmeza e disposi\u00e7\u00e3o neste momento. Vamos manter o foco. Queremos agregar e construir uma nova maneira de liderar, com sabedoria e di\u00e1logo.<\/em><\/p>\n\n\n\n<p><em>Hoje precisamos descansar um pouco, cuidar do f\u00edsico, para dar os novos passos.<\/em><\/p>\n\n\n\n<p><em>Gostaria de reunir nossa milit\u00e2ncia de esquerda nos pr\u00f3ximos dias para agradecer e fazer a auto cr\u00edtica, todos juntos, e para planejarmos os pr\u00f3ximos passos.<\/em><\/p>\n\n\n\n<p><em>No momento, pe\u00e7o que sejamos cuidadosos, e que n\u00e3o deixemos o \u00f3dio dos opositores nos contaminar. Confiem, sa\u00edmos bem mais fortes do que entramos.<\/em><\/p>\n\n\n\n<p><em>O caminho me fez conhecer cada um e cada uma, e observar com cuidado o que aconteceu. Saberei me posicionar e conduzir o processo.<\/em><\/p>\n\n\n\n<p><em>No mais, agradecemos a todos e todas pela luta!<\/em><\/p>\n\n\n\n<p><strong>H\u00e9lder e L\u00facia.\u201d<\/strong><\/p>\n","protected":false},"excerpt":{"rendered":"<p>O professor Helder Amorim, que disputou o cargo de prefeito de Senhor do Bonfim nas elei\u00e7\u00f5es deste domingo (06), emitiu nota nesta segunda-feira para agradecer a vota\u00e7\u00e3o recebida dos eleitores bonfinenses e anunciar planos para o futuro. Ao agradecer a popula\u00e7\u00e3o que votou no seu nome, ele afirmou que o passo dado foi muito importante [&hellip;]<\/p>\n","protected":false},"author":2,"featured_media":17680,"comment_status":"open","ping_status":"open","sticky":false,"template":"","format":"standard","meta":{"_jetpack_memberships_contains_paid_content":false,"footnotes":""},"categories":[17],"tags":[],"class_list":["post-17679","post","type-post","status-publish","format-standard","has-post-thumbnail","hentry","category-senhor-do-bonfim"],"aioseo_notices":[],"jetpack_featured_media_url":"https:\/\/i0.wp.com\/minutobahia24h.com.br\/wp-content\/uploads\/2024\/10\/Sem-titulo-71.jpg?fit=617%2C700&ssl=1","jetpack_sharing_enabled":true,"_links":{"self":[{"href":"https:\/\/minutobahia24h.com.br\/index.php?rest_route=\/wp\/v2\/posts\/17679","targetHints":{"allow":["GET"]}}],"collection":[{"href":"https:\/\/minutobahia24h.com.br\/index.php?rest_route=\/wp\/v2\/posts"}],"about":[{"href":"https:\/\/minutobahia24h.com.br\/index.php?rest_route=\/wp\/v2\/types\/post"}],"author":[{"embeddable":true,"href":"https:\/\/minutobahia24h.com.br\/index.php?rest_route=\/wp\/v2\/users\/2"}],"replies":[{"embeddable":true,"href":"https:\/\/minutobahia24h.com.br\/index.php?rest_route=%2Fwp%2Fv2%2Fcomments&post=17679"}],"version-history":[{"count":1,"href":"https:\/\/minutobahia24h.com.br\/index.php?rest_route=\/wp\/v2\/posts\/17679\/revisions"}],"predecessor-version":[{"id":17681,"href":"https:\/\/minutobahia24h.com.br\/index.php?rest_route=\/wp\/v2\/posts\/17679\/revisions\/17681"}],"wp:featuredmedia":[{"embeddable":true,"href":"https:\/\/minutobahia24h.com.br\/index.php?rest_route=\/wp\/v2\/media\/17680"}],"wp:attachment":[{"href":"https:\/\/minutobahia24h.com.br\/index.php?rest_route=%2Fwp%2Fv2%2Fmedia&parent=17679"}],"wp:term":[{"taxonomy":"category","embeddable":true,"href":"https:\/\/minutobahia24h.com.br\/index.php?rest_route=%2Fwp%2Fv2%2Fcategories&post=17679"},{"taxonomy":"post_tag","embeddable":true,"href":"https:\/\/minutobahia24h.com.br\/index.php?rest_route=%2Fwp%2Fv2%2Ftags&post=17679"}],"curies":[{"name":"wp","href":"https:\/\/api.w.org\/{rel}","templated":true}]}}