{"id":17660,"date":"2024-10-07T15:34:10","date_gmt":"2024-10-07T18:34:10","guid":{"rendered":"https:\/\/minutobahia24h.com.br\/?p=17660"},"modified":"2024-10-07T15:48:24","modified_gmt":"2024-10-07T18:48:24","slug":"ministerio-da-saude-realiza-pesquisa-com-vitimas-de-violencia-em-atendimentos-hospitalares-na-bahia","status":"publish","type":"post","link":"https:\/\/minutobahia24h.com.br\/?p=17660","title":{"rendered":"Minist\u00e9rio da Sa\u00fade realiza pesquisa com v\u00edtimas de viol\u00eancia em atendimentos hospitalares na Bahia"},"content":{"rendered":"<div class=\"wp-block-image\">\n<figure class=\"aligncenter size-full\"><img data-recalc-dims=\"1\" fetchpriority=\"high\" decoding=\"async\" width=\"768\" height=\"431\" src=\"https:\/\/i0.wp.com\/minutobahia24h.com.br\/wp-content\/uploads\/2024\/10\/Sem-titulo-65.jpg?resize=768%2C431&#038;ssl=1\" alt=\"\" class=\"wp-image-17661\" srcset=\"https:\/\/i0.wp.com\/minutobahia24h.com.br\/wp-content\/uploads\/2024\/10\/Sem-titulo-65.jpg?w=768&amp;ssl=1 768w, https:\/\/i0.wp.com\/minutobahia24h.com.br\/wp-content\/uploads\/2024\/10\/Sem-titulo-65.jpg?resize=300%2C168&amp;ssl=1 300w, https:\/\/i0.wp.com\/minutobahia24h.com.br\/wp-content\/uploads\/2024\/10\/Sem-titulo-65.jpg?resize=750%2C421&amp;ssl=1 750w\" sizes=\"(max-width: 768px) 100vw, 768px\" \/><figcaption class=\"wp-element-caption\"><sub>Foto: Freepik<\/sub><br><\/figcaption><\/figure>\n<\/div>\n\n\n<p>A partir do dia 10 de outubro, diversos munic\u00edpios da Bahia receber\u00e3o visitas de profissionais treinados e identificados para entrevistar pessoas v\u00edtimas de viol\u00eancia. Realizada pelo Minist\u00e9rio da Sa\u00fade, o Viva Inqu\u00e9rito chega \u00e0 sua 7\u00aa edi\u00e7\u00e3o. O objetivo \u00e9 levantar o perfil dessas pessoas para identificar fatores de risco e propor medidas preventivas adequadas.<\/p>\n\n\n\n<p>Neste ano, a pesquisa ser\u00e1 realizada em todas as regi\u00f5es brasileiras. Na Bahia, o estudo ser\u00e1 feito nos munic\u00edpios de Salvador, Dias d\u2019\u00c1vila, Cama\u00e7ari, Lauro de Freitas, Sim\u00f5es Filho, Vera Cruz, Guanambi, Irec\u00ea, Itabuna, Maca\u00fabas, Teixeira de Freitas, Alagoinhas, Barreiras, Campo Formoso, Cruz das Almas, Eun\u00e1polis, Feira de Santana, Jacobina, Juazeiro, Po\u00e7\u00f5es, Porto Seguro, Rio Real e Santo Ant\u00f4nio de Jesus.<\/p>\n\n\n\n<p>Por meio de entrevistas, a pesquisa busca descrever o perfil das v\u00edtimas de viol\u00eancias (interpessoais e autoprovocadas) e de acidentes (como de tr\u00e2nsito, quedas, queimaduras, entre outros) atendidas em unidades de urg\u00eancia e emerg\u00eancia. Al\u00e9m disso, vai identificar os fatores de risco e prote\u00e7\u00e3o relacionados a esses eventos, sugerindo estrat\u00e9gias para a vigil\u00e2ncia e preven\u00e7\u00e3o desses agravos.<\/p>\n\n\n\n<p>Em 2024, o Viva Inqu\u00e9rito contar\u00e1 com uma amostra representativa dos servi\u00e7os de urg\u00eancia e emerg\u00eancia de todo o pa\u00eds. A sele\u00e7\u00e3o dos servi\u00e7os de sa\u00fade participantes foi realizada por meio de sorteios aleat\u00f3rios com base em crit\u00e9rios cient\u00edficos. Esta edi\u00e7\u00e3o esteve em fase de pr\u00e9-teste ao longo de todo o m\u00eas de setembro, com o in\u00edcio oficial do estudo no dia 10 de outubro.<\/p>\n\n\n\n<p>O Minist\u00e9rio da Sa\u00fade entrou antes em contato com os hospitais selecionados para participar da pesquisa. \u201cPara o sucesso desta pesquisa, \u00e9 essencial que gestores e trabalhadores da sa\u00fade estejam devidamente sensibilizados. Esse processo \u00e9 crucial para que compreendam n\u00e3o apenas a import\u00e2ncia do estudo e seus impactos na sa\u00fade p\u00fablica, mas tamb\u00e9m para que facilitem o acesso dos pesquisadores aos servi\u00e7os, garantindo a coleta de dados de forma eficaz e colaborativa\u201d, aponta a diretora do Departamento de An\u00e1lise Epidemiol\u00f3gica e Vigil\u00e2ncia de Doen\u00e7as Transmiss\u00edveis (Daent) da pasta, Let\u00edcia Cardoso.<\/p>\n\n\n\n<p>Os coletadores de informa\u00e7\u00f5es estar\u00e3o identificados com crach\u00e1s e roupas com logos do Viva Inqu\u00e9rito e apresentar\u00e3o of\u00edcios do Minist\u00e9rio da Sa\u00fade nos servi\u00e7os em que ser\u00e3o realizados o estudo. A pesquisa tem a aprova\u00e7\u00e3o da Comiss\u00e3o Nacional de \u00c9tica em Pesquisa (Conepe).<\/p>\n\n\n\n<p><strong>Impacto das pesquisas anteriores<\/strong><\/p>\n\n\n\n<p>As edi\u00e7\u00f5es anteriores do Viva Inqu\u00e9rito identificaram quest\u00f5es importantes sobre as viol\u00eancias interpessoais e autoprovocadas e acidentes. Essas an\u00e1lises ajudaram a identificar \u00e1reas priorit\u00e1rias e foram fundamentais para o levantamento de evid\u00eancias que subsidiam a formula\u00e7\u00e3o de recomenda\u00e7\u00f5es para os servi\u00e7os e pol\u00edticas p\u00fablicas locais.<\/p>\n\n\n\n<p>blogdoeloiltoncajuhy<\/p>\n","protected":false},"excerpt":{"rendered":"<p>A partir do dia 10 de outubro, diversos munic\u00edpios da Bahia receber\u00e3o visitas de profissionais treinados e identificados para entrevistar pessoas v\u00edtimas de viol\u00eancia. Realizada pelo Minist\u00e9rio da Sa\u00fade, o Viva Inqu\u00e9rito chega \u00e0 sua 7\u00aa edi\u00e7\u00e3o. O objetivo \u00e9 levantar o perfil dessas pessoas para identificar fatores de risco e propor medidas preventivas adequadas. [&hellip;]<\/p>\n","protected":false},"author":2,"featured_media":17661,"comment_status":"open","ping_status":"open","sticky":false,"template":"","format":"standard","meta":{"_jetpack_memberships_contains_paid_content":false,"footnotes":""},"categories":[18],"tags":[],"class_list":["post-17660","post","type-post","status-publish","format-standard","has-post-thumbnail","hentry","category-saude"],"aioseo_notices":[],"jetpack_featured_media_url":"https:\/\/i0.wp.com\/minutobahia24h.com.br\/wp-content\/uploads\/2024\/10\/Sem-titulo-65.jpg?fit=768%2C431&ssl=1","jetpack_sharing_enabled":true,"_links":{"self":[{"href":"https:\/\/minutobahia24h.com.br\/index.php?rest_route=\/wp\/v2\/posts\/17660","targetHints":{"allow":["GET"]}}],"collection":[{"href":"https:\/\/minutobahia24h.com.br\/index.php?rest_route=\/wp\/v2\/posts"}],"about":[{"href":"https:\/\/minutobahia24h.com.br\/index.php?rest_route=\/wp\/v2\/types\/post"}],"author":[{"embeddable":true,"href":"https:\/\/minutobahia24h.com.br\/index.php?rest_route=\/wp\/v2\/users\/2"}],"replies":[{"embeddable":true,"href":"https:\/\/minutobahia24h.com.br\/index.php?rest_route=%2Fwp%2Fv2%2Fcomments&post=17660"}],"version-history":[{"count":1,"href":"https:\/\/minutobahia24h.com.br\/index.php?rest_route=\/wp\/v2\/posts\/17660\/revisions"}],"predecessor-version":[{"id":17662,"href":"https:\/\/minutobahia24h.com.br\/index.php?rest_route=\/wp\/v2\/posts\/17660\/revisions\/17662"}],"wp:featuredmedia":[{"embeddable":true,"href":"https:\/\/minutobahia24h.com.br\/index.php?rest_route=\/wp\/v2\/media\/17661"}],"wp:attachment":[{"href":"https:\/\/minutobahia24h.com.br\/index.php?rest_route=%2Fwp%2Fv2%2Fmedia&parent=17660"}],"wp:term":[{"taxonomy":"category","embeddable":true,"href":"https:\/\/minutobahia24h.com.br\/index.php?rest_route=%2Fwp%2Fv2%2Fcategories&post=17660"},{"taxonomy":"post_tag","embeddable":true,"href":"https:\/\/minutobahia24h.com.br\/index.php?rest_route=%2Fwp%2Fv2%2Ftags&post=17660"}],"curies":[{"name":"wp","href":"https:\/\/api.w.org\/{rel}","templated":true}]}}