{"id":17632,"date":"2024-10-07T06:33:00","date_gmt":"2024-10-07T09:33:00","guid":{"rendered":"https:\/\/minutobahia24h.com.br\/?p=17632"},"modified":"2024-10-07T06:33:01","modified_gmt":"2024-10-07T09:33:01","slug":"produtores-de-manga-se-unem-para-criacao-de-uma-cooperativa","status":"publish","type":"post","link":"https:\/\/minutobahia24h.com.br\/?p=17632","title":{"rendered":"Produtores de manga se unem para cria\u00e7\u00e3o de uma cooperativa"},"content":{"rendered":"<div class=\"wp-block-image\">\n<figure class=\"aligncenter size-full\"><img data-recalc-dims=\"1\" fetchpriority=\"high\" decoding=\"async\" width=\"696\" height=\"522\" src=\"https:\/\/i0.wp.com\/minutobahia24h.com.br\/wp-content\/uploads\/2024\/10\/Sem-titulo-56.jpg?resize=696%2C522&#038;ssl=1\" alt=\"\" class=\"wp-image-17633\" srcset=\"https:\/\/i0.wp.com\/minutobahia24h.com.br\/wp-content\/uploads\/2024\/10\/Sem-titulo-56.jpg?w=696&amp;ssl=1 696w, https:\/\/i0.wp.com\/minutobahia24h.com.br\/wp-content\/uploads\/2024\/10\/Sem-titulo-56.jpg?resize=300%2C225&amp;ssl=1 300w\" sizes=\"(max-width: 696px) 100vw, 696px\" \/><\/figure>\n<\/div>\n\n\n<p>Os produtores de manga do Vale do S\u00e3o Francisco podem constituir, em breve, uma cooperativa para fortalecer e organizar a produ\u00e7\u00e3o regional. Apreensivos com os baixos pre\u00e7os praticados no mercado e o aumento no volume da fruta, os fruticultores se reuniram na \u00faltima sexta-feira (4), na sede do Sindicato dos Produtores Rurais de Petrolina (SPR).<\/p>\n\n\n\n<p>Na abertura, o consultor de manga, C\u00e9zar Lib\u00f3rio, falou do processo produtivo da mangicultura, destacando as caracter\u00edsticas dos tratos culturais na regi\u00e3o, as dificuldades com problemas clim\u00e1ticos, at\u00e9 o final do ano, e a necessidade da cria\u00e7\u00e3o de uma cooperativa. O presidente do SPR, Jailson Lira, coordenador do encontro, refor\u00e7ou a import\u00e2ncia da cria\u00e7\u00e3o da cooperativa de produtores da fruta, justificando atrav\u00e9s do fortalecimento e organiza\u00e7\u00e3o do setor que est\u00e1 crescendo. \u201cNosso Sindicato sempre est\u00e1 presente em todas as lutas dos produtores rurais e nas iniciativas para forma\u00e7\u00e3o de cooperativas agr\u00edcolas no munic\u00edpio de Petrolina\u201d, pontuou Jailson Lira.<\/p>\n\n\n\n<p>A reuni\u00e3o tamb\u00e9m contou com a participa\u00e7\u00e3o virtual do presidente do Sistema OCB\/ PE, Malaquias Ancelmo de Oliveira, que descreveu a import\u00e2ncia da constitui\u00e7\u00e3o de uma nova cooperativa e colocou a estrutura do Sistema OCB\/PE \u00e0 disposi\u00e7\u00e3o da futura organiza\u00e7\u00e3o, para suporte em assessoria e acompanhamento.<\/p>\n\n\n\n<p>Falaram ainda durante o encontro, o contador Edevaldo Budoia, que contou um pouco da sua experi\u00eancia com outras cooperativas, e os analistas do Sebrae, Laianne Macedo e Gledson Borges. \u201cTamb\u00e9m estamos \u00e0 disposi\u00e7\u00e3o dos produtores de manga, atrav\u00e9s de uma s\u00e9rie de atendimentos, a exemplo de subs\u00eddio financeiro, certifica\u00e7\u00f5es, consultorias de gest\u00e3o e tecnologia e an\u00e1lises de res\u00edduos\u201d, ressaltou Laianne Macedo.<\/p>\n\n\n\n<p>O produtor de manga, Pedro Luiz, que cultiva a fruta em uma \u00e1rea de 12 hectares no munic\u00edpio baiano de Sobradinho, aprovou a forma\u00e7\u00e3o do grupo que vai constituir a cooperativa. \u201cAcredito muito nesta a\u00e7\u00e3o importante de apoio aos pequenos produtores rurais da fruticultura, para a organiza\u00e7\u00e3o de um empreendimento coletivo com foco principalmente na organiza\u00e7\u00e3o e gest\u00e3o do processo de comercializa\u00e7\u00e3o\u201d, concluiu.<\/p>\n\n\n\n<p>clebervieiranews<\/p>\n","protected":false},"excerpt":{"rendered":"<p>Os produtores de manga do Vale do S\u00e3o Francisco podem constituir, em breve, uma cooperativa para fortalecer e organizar a produ\u00e7\u00e3o regional. Apreensivos com os baixos pre\u00e7os praticados no mercado e o aumento no volume da fruta, os fruticultores se reuniram na \u00faltima sexta-feira (4), na sede do Sindicato dos Produtores Rurais de Petrolina (SPR). [&hellip;]<\/p>\n","protected":false},"author":2,"featured_media":17633,"comment_status":"open","ping_status":"open","sticky":false,"template":"","format":"standard","meta":{"_jetpack_memberships_contains_paid_content":false,"footnotes":""},"categories":[3],"tags":[],"class_list":["post-17632","post","type-post","status-publish","format-standard","has-post-thumbnail","hentry","category-regional"],"aioseo_notices":[],"jetpack_featured_media_url":"https:\/\/i0.wp.com\/minutobahia24h.com.br\/wp-content\/uploads\/2024\/10\/Sem-titulo-56.jpg?fit=696%2C522&ssl=1","jetpack_sharing_enabled":true,"_links":{"self":[{"href":"https:\/\/minutobahia24h.com.br\/index.php?rest_route=\/wp\/v2\/posts\/17632","targetHints":{"allow":["GET"]}}],"collection":[{"href":"https:\/\/minutobahia24h.com.br\/index.php?rest_route=\/wp\/v2\/posts"}],"about":[{"href":"https:\/\/minutobahia24h.com.br\/index.php?rest_route=\/wp\/v2\/types\/post"}],"author":[{"embeddable":true,"href":"https:\/\/minutobahia24h.com.br\/index.php?rest_route=\/wp\/v2\/users\/2"}],"replies":[{"embeddable":true,"href":"https:\/\/minutobahia24h.com.br\/index.php?rest_route=%2Fwp%2Fv2%2Fcomments&post=17632"}],"version-history":[{"count":1,"href":"https:\/\/minutobahia24h.com.br\/index.php?rest_route=\/wp\/v2\/posts\/17632\/revisions"}],"predecessor-version":[{"id":17634,"href":"https:\/\/minutobahia24h.com.br\/index.php?rest_route=\/wp\/v2\/posts\/17632\/revisions\/17634"}],"wp:featuredmedia":[{"embeddable":true,"href":"https:\/\/minutobahia24h.com.br\/index.php?rest_route=\/wp\/v2\/media\/17633"}],"wp:attachment":[{"href":"https:\/\/minutobahia24h.com.br\/index.php?rest_route=%2Fwp%2Fv2%2Fmedia&parent=17632"}],"wp:term":[{"taxonomy":"category","embeddable":true,"href":"https:\/\/minutobahia24h.com.br\/index.php?rest_route=%2Fwp%2Fv2%2Fcategories&post=17632"},{"taxonomy":"post_tag","embeddable":true,"href":"https:\/\/minutobahia24h.com.br\/index.php?rest_route=%2Fwp%2Fv2%2Ftags&post=17632"}],"curies":[{"name":"wp","href":"https:\/\/api.w.org\/{rel}","templated":true}]}}