{"id":17576,"date":"2024-10-03T08:03:31","date_gmt":"2024-10-03T11:03:31","guid":{"rendered":"https:\/\/minutobahia24h.com.br\/?p=17576"},"modified":"2024-10-03T08:03:33","modified_gmt":"2024-10-03T11:03:33","slug":"capitao-alden-critica-proibicao-de-celulares-em-sala-de-aula-proposta-pelo-mec-veja-o-que-ele-disse","status":"publish","type":"post","link":"https:\/\/minutobahia24h.com.br\/?p=17576","title":{"rendered":"Capit\u00e3o Alden critica proibi\u00e7\u00e3o de celulares em sala de aula proposta pelo MEC; veja o que ele disse"},"content":{"rendered":"<div class=\"wp-block-image\">\n<figure class=\"aligncenter size-full\"><img data-recalc-dims=\"1\" fetchpriority=\"high\" decoding=\"async\" width=\"768\" height=\"473\" src=\"https:\/\/i0.wp.com\/minutobahia24h.com.br\/wp-content\/uploads\/2024\/10\/Sem-titulo-38.jpg?resize=768%2C473&#038;ssl=1\" alt=\"\" class=\"wp-image-17577\" srcset=\"https:\/\/i0.wp.com\/minutobahia24h.com.br\/wp-content\/uploads\/2024\/10\/Sem-titulo-38.jpg?w=768&amp;ssl=1 768w, https:\/\/i0.wp.com\/minutobahia24h.com.br\/wp-content\/uploads\/2024\/10\/Sem-titulo-38.jpg?resize=300%2C185&amp;ssl=1 300w, https:\/\/i0.wp.com\/minutobahia24h.com.br\/wp-content\/uploads\/2024\/10\/Sem-titulo-38.jpg?resize=750%2C462&amp;ssl=1 750w\" sizes=\"(max-width: 768px) 100vw, 768px\" \/><figcaption class=\"wp-element-caption\">Por Reda\u00e7\u00e3o \u2013 Foto\u00a0Mario Agra \/ C\u00e2mara dos Deputados<br><\/figcaption><\/figure>\n<\/div>\n\n\n<p>O deputado federal Capit\u00e3o Alden (PL-BA), criticou a proposta do Minist\u00e9rio da Educa\u00e7\u00e3o (MEC) que visa proibir celulares em sala de aula. Para o parlamentar, a iniciativa representa uma forma de ocultar a doutrina ideol\u00f3gica nesses espa\u00e7os, uma vez que, sem os aparelhos em posse dos estudantes, os flagrantes n\u00e3o ser\u00e3o mais poss\u00edveis.<\/p>\n\n\n\n<p>A expectativa \u00e9 que o assunto retorne \u00e0 discuss\u00e3o na Casa na pr\u00f3xima semana, quando o Congresso Nacional voltar a funcionar ap\u00f3s as elei\u00e7\u00f5es municipais. O liberal \u00e9 membro titular da Comiss\u00e3o de Educa\u00e7\u00e3o da C\u00e2mara.<\/p>\n\n\n\n<p>\u201cCortina de fuma\u00e7a. Proibir celulares em sala de aula \u00e9 para evitar que novos casos de doutrina\u00e7\u00e3o ideol\u00f3gica sejam filmados. A Esquerda sempre com narrativas para esconder seus reais motivos\u201d, disparou.<\/p>\n\n\n\n<p>ivansilvanoticia<\/p>\n","protected":false},"excerpt":{"rendered":"<p>O deputado federal Capit\u00e3o Alden (PL-BA), criticou a proposta do Minist\u00e9rio da Educa\u00e7\u00e3o (MEC) que visa proibir celulares em sala de aula. Para o parlamentar, a iniciativa representa uma forma de ocultar a doutrina ideol\u00f3gica nesses espa\u00e7os, uma vez que, sem os aparelhos em posse dos estudantes, os flagrantes n\u00e3o ser\u00e3o mais poss\u00edveis. A expectativa [&hellip;]<\/p>\n","protected":false},"author":2,"featured_media":17577,"comment_status":"open","ping_status":"open","sticky":false,"template":"","format":"standard","meta":{"_jetpack_memberships_contains_paid_content":false,"footnotes":""},"categories":[39],"tags":[],"class_list":["post-17576","post","type-post","status-publish","format-standard","has-post-thumbnail","hentry","category-politica"],"aioseo_notices":[],"jetpack_featured_media_url":"https:\/\/i0.wp.com\/minutobahia24h.com.br\/wp-content\/uploads\/2024\/10\/Sem-titulo-38.jpg?fit=768%2C473&ssl=1","jetpack_sharing_enabled":true,"_links":{"self":[{"href":"https:\/\/minutobahia24h.com.br\/index.php?rest_route=\/wp\/v2\/posts\/17576","targetHints":{"allow":["GET"]}}],"collection":[{"href":"https:\/\/minutobahia24h.com.br\/index.php?rest_route=\/wp\/v2\/posts"}],"about":[{"href":"https:\/\/minutobahia24h.com.br\/index.php?rest_route=\/wp\/v2\/types\/post"}],"author":[{"embeddable":true,"href":"https:\/\/minutobahia24h.com.br\/index.php?rest_route=\/wp\/v2\/users\/2"}],"replies":[{"embeddable":true,"href":"https:\/\/minutobahia24h.com.br\/index.php?rest_route=%2Fwp%2Fv2%2Fcomments&post=17576"}],"version-history":[{"count":1,"href":"https:\/\/minutobahia24h.com.br\/index.php?rest_route=\/wp\/v2\/posts\/17576\/revisions"}],"predecessor-version":[{"id":17578,"href":"https:\/\/minutobahia24h.com.br\/index.php?rest_route=\/wp\/v2\/posts\/17576\/revisions\/17578"}],"wp:featuredmedia":[{"embeddable":true,"href":"https:\/\/minutobahia24h.com.br\/index.php?rest_route=\/wp\/v2\/media\/17577"}],"wp:attachment":[{"href":"https:\/\/minutobahia24h.com.br\/index.php?rest_route=%2Fwp%2Fv2%2Fmedia&parent=17576"}],"wp:term":[{"taxonomy":"category","embeddable":true,"href":"https:\/\/minutobahia24h.com.br\/index.php?rest_route=%2Fwp%2Fv2%2Fcategories&post=17576"},{"taxonomy":"post_tag","embeddable":true,"href":"https:\/\/minutobahia24h.com.br\/index.php?rest_route=%2Fwp%2Fv2%2Ftags&post=17576"}],"curies":[{"name":"wp","href":"https:\/\/api.w.org\/{rel}","templated":true}]}}