{"id":17528,"date":"2024-10-02T07:39:13","date_gmt":"2024-10-02T10:39:13","guid":{"rendered":"https:\/\/minutobahia24h.com.br\/?p=17528"},"modified":"2024-10-02T07:39:15","modified_gmt":"2024-10-02T10:39:15","slug":"vacina-que-protege-contra-vsr-chega-as-clinicas-conheca-o-imunizante-e-a-doenca-contra-a-qual-ele-age","status":"publish","type":"post","link":"https:\/\/minutobahia24h.com.br\/?p=17528","title":{"rendered":"Vacina que protege contra VSR chega \u00e0s cl\u00ednicas; conhe\u00e7a o imunizante e a doen\u00e7a contra a qual ele age"},"content":{"rendered":"<div class=\"wp-block-image\">\n<figure class=\"aligncenter size-full\"><img data-recalc-dims=\"1\" fetchpriority=\"high\" decoding=\"async\" width=\"800\" height=\"533\" src=\"https:\/\/i0.wp.com\/minutobahia24h.com.br\/wp-content\/uploads\/2024\/10\/Sem-titulo-22.jpg?resize=800%2C533&#038;ssl=1\" alt=\"\" class=\"wp-image-17529\" srcset=\"https:\/\/i0.wp.com\/minutobahia24h.com.br\/wp-content\/uploads\/2024\/10\/Sem-titulo-22.jpg?w=984&amp;ssl=1 984w, https:\/\/i0.wp.com\/minutobahia24h.com.br\/wp-content\/uploads\/2024\/10\/Sem-titulo-22.jpg?resize=300%2C200&amp;ssl=1 300w, https:\/\/i0.wp.com\/minutobahia24h.com.br\/wp-content\/uploads\/2024\/10\/Sem-titulo-22.jpg?resize=768%2C512&amp;ssl=1 768w, https:\/\/i0.wp.com\/minutobahia24h.com.br\/wp-content\/uploads\/2024\/10\/Sem-titulo-22.jpg?resize=750%2C500&amp;ssl=1 750w\" sizes=\"(max-width: 800px) 100vw, 800px\" \/><figcaption class=\"wp-element-caption\">A mortalidade em decorr\u00eancia de bronquiolite \u00e9 maior em beb\u00eas com 2 anos ou menos. \u2014 Foto: Reprodu\u00e7\u00e3o\/Pexels<br><br><\/figcaption><\/figure>\n<\/div>\n\n\n<p><a class=\"\" href=\"https:\/\/g1.globo.com\/saude\/noticia\/2024\/04\/01\/anvisa-registra-vacina-para-prevencao-de-bronquiolite-em-bebes.ghtml\">Aprovada pela Ag\u00eancia Nacional de Vigil\u00e2ncia Sanit\u00e1ria (Anvisa) em abril<\/a>, a vacina contra o v\u00edrus sincicial respirat\u00f3rio (VSR), respons\u00e1vel pelas infec\u00e7\u00f5es no trato respirat\u00f3rio como a bronquiolite infantil, come\u00e7ou a chegar aos centros e cl\u00ednicas particulares do Brasil.<\/p>\n\n\n\n<p>Desenvolvida pela Pfizer, a Abrysvo \u00e9 indicada para os dois grupos mais vulner\u00e1veis \u00e0s infec\u00e7\u00f5es provocadas pelo VSR:&nbsp;<strong>os idosos e os beb\u00eas<\/strong>. Para gerar a prote\u00e7\u00e3o nos pequenos, o imunizante \u00e9 aplicado na gestante&nbsp;<em>(entenda mais sobre a vacina no final da reportagem)<\/em>.<\/p>\n\n\n\n<p>No momento,&nbsp;<strong>a vacina est\u00e1 dispon\u00edvel apenas na rede privada<\/strong>, mas a Pfizer diz que j\u00e1 solicitou a inclus\u00e3o do imunizante no Programa Nacional de Imuniza\u00e7\u00f5es (PNI) para aplica\u00e7\u00e3o nos postos de sa\u00fade.&nbsp;<strong>O pedido est\u00e1 sob an\u00e1lise do Minist\u00e9rio da Sa\u00fade<\/strong>.<\/p>\n\n\n\n<p>Nas cl\u00ednicas particulares, os valores do novo imunizante podem variar de R$ 1.650 a R$ R$ 1.760.<\/p>\n\n\n\n<h2 class=\"wp-block-heading\">O VSR e a bronquiolite<\/h2>\n\n\n\n<p>O \u00faltimo boletim do InfoGripe, da Fiocruz, apontou que o VSR continua sendo a principal causa de interna\u00e7\u00e3o e \u00f3bito entre crian\u00e7as e adolescentes de 2 a 14 anos. O VSR \u00e9 respons\u00e1vel por&nbsp;<strong>75% de todos os casos de bronquiolite<\/strong>, principalmente entre&nbsp;<strong>os menores de 2 anos<\/strong>. Nessa faixa et\u00e1ria, a mortalidade em decorr\u00eancia da infec\u00e7\u00e3o \u00e9 maior.<\/p>\n\n\n\n<p>A bronquiolite \u00e9 uma s\u00edndrome respirat\u00f3ria que acomete as vias a\u00e9reas. A doen\u00e7a dificulta a chegada do oxig\u00eanio aos pulm\u00f5es. O v\u00edrus se multiplica nas c\u00e9lulas do aparelho respirat\u00f3rio superior&nbsp;<em>(veja abaixo)<\/em>.<\/p>\n\n\n\n<figure class=\"wp-block-image\"><img data-recalc-dims=\"1\" decoding=\"async\" src=\"https:\/\/i0.wp.com\/s2-g1.glbimg.com\/iEWDDTSYL_ViGCUvMFf3c9aZAdQ%3D\/0x0%3A650x1111\/984x0\/smart\/filters%3Astrip_icc%28%29\/i.s3.glbimg.com\/v1\/AUTH_59edd422c0c84a879bd37670ae4f538a\/internal_photos\/bs\/2023\/H\/t\/hfGt26Srq5JBNGAn6ivQ\/1005-info-bronquilite.png?w=800&#038;ssl=1\" alt=\"Bronquiolite \u2014 Foto: Arte g1\/Kayan Albertin\"\/><\/figure>\n\n\n\n<p>Bronquiolite \u2014 Foto: Arte g1\/Kayan Albertin<\/p>\n\n\n\n<p>Os sintomas mais comuns nos primeiros dias s\u00e3o febre e coriza. Depois de 4 ou 5 dias, a doen\u00e7a evolui para sintomas nas vias a\u00e9reas inferiores, provocando chiado, tosse, cansa\u00e7o, falta de ar.<\/p>\n\n\n\n<p>Na crian\u00e7a, como a via a\u00e9rea \u00e9 menor, mais estreita, a passagem de ar prejudicada leva a uma maior quantidade de sintomas, como a tosse, que causa desidrata\u00e7\u00e3o. Em alguns casos, a tosse pode ser t\u00e3o intensa que \u00e9 comum ocorrer v\u00f4mito.<\/p>\n\n\n\n<p>O VSR \u00e9&nbsp;<strong>MUITO&nbsp;<\/strong>contagioso e \u00e9 transmitido pelo ar ou pelo toque de objetos contaminados. A melhor forma de preven\u00e7\u00e3o \u00e9 a lavagem das m\u00e3os, uso de \u00e1lcool em gel e deixar os ambientes ventilados.<\/p>\n\n\n\n<h2 class=\"wp-block-heading\">A vacina contra VSR<\/h2>\n\n\n\n<p>No estudo de fase 3 para indica\u00e7\u00e3o materno-fetal, o imunizante se mostrou capaz de prevenir 82% das formas graves de doen\u00e7as respirat\u00f3rias causadas pelo VSR em crian\u00e7as de at\u00e9 tr\u00eas meses de idade e 69% para beb\u00eas at\u00e9 os seis meses. Em idosos, a efic\u00e1cia foi de 85,7% contra quadros graves provocados pelo VSR.<\/p>\n\n\n\n<p>O imunizante de dose \u00fanica foi aprovado para dois grupos:<\/p>\n\n\n\n<ul class=\"wp-block-list\">\n<li>Pessoas com 60 anos ou mais<\/li>\n\n\n\n<li>Gestante durante as semanas 24 e 36 da gesta\u00e7\u00e3o (segundo ou terceiro trimestre)<\/li>\n<\/ul>\n\n\n\n<p>&#8220;Quando a m\u00e3e recebe a vacina, os anticorpos produzidos por ela atravessam a placenta, fortalecendo o organismo do beb\u00ea, cujo sistema imunol\u00f3gico ainda est\u00e1 em desenvolvimento&#8221;, explica Adriana Ribeiro, diretora m\u00e9dica da Pfizer Brasil.<\/p>\n","protected":false},"excerpt":{"rendered":"<p>Aprovada pela Ag\u00eancia Nacional de Vigil\u00e2ncia Sanit\u00e1ria (Anvisa) em abril, a vacina contra o v\u00edrus sincicial respirat\u00f3rio (VSR), respons\u00e1vel pelas infec\u00e7\u00f5es no trato respirat\u00f3rio como a bronquiolite infantil, come\u00e7ou a chegar aos centros e cl\u00ednicas particulares do Brasil. Desenvolvida pela Pfizer, a Abrysvo \u00e9 indicada para os dois grupos mais vulner\u00e1veis \u00e0s infec\u00e7\u00f5es provocadas pelo [&hellip;]<\/p>\n","protected":false},"author":2,"featured_media":17529,"comment_status":"open","ping_status":"open","sticky":false,"template":"","format":"standard","meta":{"_jetpack_memberships_contains_paid_content":false,"footnotes":""},"categories":[18],"tags":[],"class_list":["post-17528","post","type-post","status-publish","format-standard","has-post-thumbnail","hentry","category-saude"],"aioseo_notices":[],"jetpack_featured_media_url":"https:\/\/i0.wp.com\/minutobahia24h.com.br\/wp-content\/uploads\/2024\/10\/Sem-titulo-22.jpg?fit=984%2C656&ssl=1","jetpack_sharing_enabled":true,"_links":{"self":[{"href":"https:\/\/minutobahia24h.com.br\/index.php?rest_route=\/wp\/v2\/posts\/17528","targetHints":{"allow":["GET"]}}],"collection":[{"href":"https:\/\/minutobahia24h.com.br\/index.php?rest_route=\/wp\/v2\/posts"}],"about":[{"href":"https:\/\/minutobahia24h.com.br\/index.php?rest_route=\/wp\/v2\/types\/post"}],"author":[{"embeddable":true,"href":"https:\/\/minutobahia24h.com.br\/index.php?rest_route=\/wp\/v2\/users\/2"}],"replies":[{"embeddable":true,"href":"https:\/\/minutobahia24h.com.br\/index.php?rest_route=%2Fwp%2Fv2%2Fcomments&post=17528"}],"version-history":[{"count":1,"href":"https:\/\/minutobahia24h.com.br\/index.php?rest_route=\/wp\/v2\/posts\/17528\/revisions"}],"predecessor-version":[{"id":17530,"href":"https:\/\/minutobahia24h.com.br\/index.php?rest_route=\/wp\/v2\/posts\/17528\/revisions\/17530"}],"wp:featuredmedia":[{"embeddable":true,"href":"https:\/\/minutobahia24h.com.br\/index.php?rest_route=\/wp\/v2\/media\/17529"}],"wp:attachment":[{"href":"https:\/\/minutobahia24h.com.br\/index.php?rest_route=%2Fwp%2Fv2%2Fmedia&parent=17528"}],"wp:term":[{"taxonomy":"category","embeddable":true,"href":"https:\/\/minutobahia24h.com.br\/index.php?rest_route=%2Fwp%2Fv2%2Fcategories&post=17528"},{"taxonomy":"post_tag","embeddable":true,"href":"https:\/\/minutobahia24h.com.br\/index.php?rest_route=%2Fwp%2Fv2%2Ftags&post=17528"}],"curies":[{"name":"wp","href":"https:\/\/api.w.org\/{rel}","templated":true}]}}