{"id":17525,"date":"2024-10-02T07:37:12","date_gmt":"2024-10-02T10:37:12","guid":{"rendered":"https:\/\/minutobahia24h.com.br\/?p=17525"},"modified":"2024-10-02T07:37:13","modified_gmt":"2024-10-02T10:37:13","slug":"aviao-de-lula-tem-problema-tecnico-no-ar-informa-fab","status":"publish","type":"post","link":"https:\/\/minutobahia24h.com.br\/?p=17525","title":{"rendered":"Avi\u00e3o de Lula tem problema t\u00e9cnico no ar, informa FAB"},"content":{"rendered":"<div class=\"wp-block-image\">\n<figure class=\"aligncenter size-full\"><img data-recalc-dims=\"1\" fetchpriority=\"high\" decoding=\"async\" width=\"600\" height=\"421\" src=\"https:\/\/i0.wp.com\/minutobahia24h.com.br\/wp-content\/uploads\/2024\/10\/Sem-titulo-21.jpg?resize=600%2C421&#038;ssl=1\" alt=\"\" class=\"wp-image-17526\" srcset=\"https:\/\/i0.wp.com\/minutobahia24h.com.br\/wp-content\/uploads\/2024\/10\/Sem-titulo-21.jpg?w=600&amp;ssl=1 600w, https:\/\/i0.wp.com\/minutobahia24h.com.br\/wp-content\/uploads\/2024\/10\/Sem-titulo-21.jpg?resize=300%2C211&amp;ssl=1 300w\" sizes=\"(max-width: 600px) 100vw, 600px\" \/><figcaption class=\"wp-element-caption\">Foto: FAB\/assessoria<br><\/figcaption><\/figure>\n<\/div>\n\n\n<p>A For\u00e7a A\u00e9rea Brasileira (FAB) informou que a aeronave presidencial VC-1, que transporta o presidente Luiz In\u00e1cio Lula da Silva e comitiva, apresentou um problema t\u00e9cnico ap\u00f3s a decolagem do Aeroporto da Cidade do M\u00e9xico, onde o presidente cumpriu agenda oficial nos \u00faltimos dois dias.<\/p>\n\n\n\n<p>O problema ocorreu nesta ter\u00e7a-feira (1\u00ba).&nbsp; Sem detalhar o incidente, a FAB informou que os procedimentos de seguran\u00e7a foram adotados seguindo os protocolos e os pilotos aguardam o consumo de combust\u00edvel necess\u00e1rio para que a aeronave retorne ao aeroporto da capital do pa\u00eds.<\/p>\n\n\n\n<p>Uma nota foi enviada \u00e0 imprensa assinada pelo comandante da FAB, Marcelo Damasceno. \u201cInformo que a aeronave presidencial VC-1, que transporta o Senhor Presidente da Rep\u00fablica no trecho entre o M\u00e9xico e o Brasil, apresentou um problema t\u00e9cnico ap\u00f3s a decolagem do Aeroporto da Cidade do M\u00e9xico, nesta ter\u00e7a-feira (01\/10). Realizados, com sucesso, os procedimentos de seguran\u00e7a para solu\u00e7\u00e3o do problema apresentado, os pilotos aguardam o consumo de combust\u00edvel necess\u00e1rio para retornarem ao mesmo aer\u00f3dromo da decolagem, com troca de aeronave e regresso a Bras\u00edlia\u201d, disse o comandante da Aeron\u00e1utica, Marcelo Kanitz.<\/p>\n\n\n\n<p>Bahia.ba<\/p>\n","protected":false},"excerpt":{"rendered":"<p>A For\u00e7a A\u00e9rea Brasileira (FAB) informou que a aeronave presidencial VC-1, que transporta o presidente Luiz In\u00e1cio Lula da Silva e comitiva, apresentou um problema t\u00e9cnico ap\u00f3s a decolagem do Aeroporto da Cidade do M\u00e9xico, onde o presidente cumpriu agenda oficial nos \u00faltimos dois dias. O problema ocorreu nesta ter\u00e7a-feira (1\u00ba).&nbsp; Sem detalhar o incidente, [&hellip;]<\/p>\n","protected":false},"author":2,"featured_media":17526,"comment_status":"open","ping_status":"open","sticky":false,"template":"","format":"standard","meta":{"_jetpack_memberships_contains_paid_content":false,"footnotes":""},"categories":[39],"tags":[],"class_list":["post-17525","post","type-post","status-publish","format-standard","has-post-thumbnail","hentry","category-politica"],"aioseo_notices":[],"jetpack_featured_media_url":"https:\/\/i0.wp.com\/minutobahia24h.com.br\/wp-content\/uploads\/2024\/10\/Sem-titulo-21.jpg?fit=600%2C421&ssl=1","jetpack_sharing_enabled":true,"_links":{"self":[{"href":"https:\/\/minutobahia24h.com.br\/index.php?rest_route=\/wp\/v2\/posts\/17525","targetHints":{"allow":["GET"]}}],"collection":[{"href":"https:\/\/minutobahia24h.com.br\/index.php?rest_route=\/wp\/v2\/posts"}],"about":[{"href":"https:\/\/minutobahia24h.com.br\/index.php?rest_route=\/wp\/v2\/types\/post"}],"author":[{"embeddable":true,"href":"https:\/\/minutobahia24h.com.br\/index.php?rest_route=\/wp\/v2\/users\/2"}],"replies":[{"embeddable":true,"href":"https:\/\/minutobahia24h.com.br\/index.php?rest_route=%2Fwp%2Fv2%2Fcomments&post=17525"}],"version-history":[{"count":1,"href":"https:\/\/minutobahia24h.com.br\/index.php?rest_route=\/wp\/v2\/posts\/17525\/revisions"}],"predecessor-version":[{"id":17527,"href":"https:\/\/minutobahia24h.com.br\/index.php?rest_route=\/wp\/v2\/posts\/17525\/revisions\/17527"}],"wp:featuredmedia":[{"embeddable":true,"href":"https:\/\/minutobahia24h.com.br\/index.php?rest_route=\/wp\/v2\/media\/17526"}],"wp:attachment":[{"href":"https:\/\/minutobahia24h.com.br\/index.php?rest_route=%2Fwp%2Fv2%2Fmedia&parent=17525"}],"wp:term":[{"taxonomy":"category","embeddable":true,"href":"https:\/\/minutobahia24h.com.br\/index.php?rest_route=%2Fwp%2Fv2%2Fcategories&post=17525"},{"taxonomy":"post_tag","embeddable":true,"href":"https:\/\/minutobahia24h.com.br\/index.php?rest_route=%2Fwp%2Fv2%2Ftags&post=17525"}],"curies":[{"name":"wp","href":"https:\/\/api.w.org\/{rel}","templated":true}]}}