{"id":17516,"date":"2024-10-02T07:29:55","date_gmt":"2024-10-02T10:29:55","guid":{"rendered":"https:\/\/minutobahia24h.com.br\/?p=17516"},"modified":"2024-10-02T07:29:56","modified_gmt":"2024-10-02T10:29:56","slug":"mpf-abre-inquerito-para-investigar-secretario-municipal-por-ocupar-ilegalmente-3-cargos-publicos-em-cidade-da-bahia","status":"publish","type":"post","link":"https:\/\/minutobahia24h.com.br\/?p=17516","title":{"rendered":"MPF abre inqu\u00e9rito para investigar secret\u00e1rio municipal por ocupar ilegalmente 3 cargos p\u00fablicos em cidade da Bahia"},"content":{"rendered":"<div class=\"wp-block-image\">\n<figure class=\"aligncenter size-large\"><img data-recalc-dims=\"1\" fetchpriority=\"high\" decoding=\"async\" width=\"800\" height=\"420\" src=\"https:\/\/i0.wp.com\/minutobahia24h.com.br\/wp-content\/uploads\/2024\/10\/Sem-titulo-18-1024x538.jpg?resize=800%2C420&#038;ssl=1\" alt=\"\" class=\"wp-image-17517\" srcset=\"https:\/\/i0.wp.com\/minutobahia24h.com.br\/wp-content\/uploads\/2024\/10\/Sem-titulo-18.jpg?resize=1024%2C538&amp;ssl=1 1024w, https:\/\/i0.wp.com\/minutobahia24h.com.br\/wp-content\/uploads\/2024\/10\/Sem-titulo-18.jpg?resize=300%2C158&amp;ssl=1 300w, https:\/\/i0.wp.com\/minutobahia24h.com.br\/wp-content\/uploads\/2024\/10\/Sem-titulo-18.jpg?resize=768%2C403&amp;ssl=1 768w, https:\/\/i0.wp.com\/minutobahia24h.com.br\/wp-content\/uploads\/2024\/10\/Sem-titulo-18.jpg?resize=750%2C394&amp;ssl=1 750w, https:\/\/i0.wp.com\/minutobahia24h.com.br\/wp-content\/uploads\/2024\/10\/Sem-titulo-18.jpg?resize=1140%2C599&amp;ssl=1 1140w, https:\/\/i0.wp.com\/minutobahia24h.com.br\/wp-content\/uploads\/2024\/10\/Sem-titulo-18.jpg?w=1200&amp;ssl=1 1200w\" sizes=\"(max-width: 800px) 100vw, 800px\" \/><figcaption class=\"wp-element-caption\">Foto: Reprodu\u00e7\u00e3o Redes Sociais<br><\/figcaption><\/figure>\n<\/div>\n\n\n<p>O Minist\u00e9rio P\u00fablico Federal (MPF) anunciou a abertura de um inqu\u00e9rito para investigar o secret\u00e1rio de sa\u00fade do munic\u00edpio de Rio do Ant\u00f4nio, no Sudoeste da Bahia, por ocupar tr\u00eas cargos p\u00fablicos ilegalmente e por irregularidades no pagamento da remunera\u00e7\u00e3o dos enfermeiros e t\u00e9cnicos de enfermagem.&nbsp;<\/p>\n\n\n\n<p>De acordo com publica\u00e7\u00e3o do Di\u00e1rio Oficial acessada pelo Bahia Not\u00edcias, o titular da pasta ocupava de forma simult\u00e2nea as fun\u00e7\u00f5es de secretariado, enfermeiro de uma Unidade de Sa\u00fade da Fam\u00edlia da cidade e de digitador em outra USF. Os dois \u00faltimos cargos eram ocupados em Ibitira, distrito do munic\u00edpio de\u00a015.720 habitantes, conforme o Instituto Brasileiro de Geografia e Estat\u00edstica (IBGE).\u00a0<\/p>\n\n\n\n<p>Segundo a autarquia, o chefe do \u00f3rg\u00e3o totalizava ao todo cerca de 100 horas semanais de trabalho e ainda praticava irregularidades durante o repasse federal do piso salarial dos enfermeiros e t\u00e9cnicos de enfermagem. O inqu\u00e9rito teria tido in\u00edcio ap\u00f3s o prazo do \u201cprocedimento preparat\u00f3rio\u201d de investiga\u00e7\u00e3o ter vencido e a gest\u00e3o municipal n\u00e3o ter respondido a um of\u00edcio emitido sobre o caso.\u00a0<\/p>\n\n\n\n<p>O MPF afirmou ainda que o procedimento foi convertido em inqu\u00e9rito para a \u201crealiza\u00e7\u00e3o de dilig\u00eancias complementares para a completa apura\u00e7\u00e3o dos fatos\u201d.\u00a0<\/p>\n\n\n\n<p>A determina\u00e7\u00e3o trouxe as iniciais do secret\u00e1rio municipal, mas n\u00e3o revelou o nome completo. No entanto, o secret\u00e1rio em quest\u00e3o seria Tarc\u00edsio Lu\u00eds Correia Machado, atual titular da pasta, segundo o site da prefeitura e a rela\u00e7\u00e3o de secret\u00e1rios do Conselho Estadual dos Secret\u00e1rios Municipais de Sa\u00fade da Bahia.<\/p>\n\n\n\n<p>A reportagem do Bahia Not\u00edcias entrou em contato com a pasta, atrav\u00e9s da assessoria de imprensa, mas n\u00e3o obteve resposta at\u00e9 o fechamento da mat\u00e9ria.<\/p>\n","protected":false},"excerpt":{"rendered":"<p>O Minist\u00e9rio P\u00fablico Federal (MPF) anunciou a abertura de um inqu\u00e9rito para investigar o secret\u00e1rio de sa\u00fade do munic\u00edpio de Rio do Ant\u00f4nio, no Sudoeste da Bahia, por ocupar tr\u00eas cargos p\u00fablicos ilegalmente e por irregularidades no pagamento da remunera\u00e7\u00e3o dos enfermeiros e t\u00e9cnicos de enfermagem.&nbsp; De acordo com publica\u00e7\u00e3o do Di\u00e1rio Oficial acessada pelo [&hellip;]<\/p>\n","protected":false},"author":2,"featured_media":17517,"comment_status":"open","ping_status":"open","sticky":false,"template":"","format":"standard","meta":{"_jetpack_memberships_contains_paid_content":false,"footnotes":""},"categories":[46],"tags":[],"class_list":["post-17516","post","type-post","status-publish","format-standard","has-post-thumbnail","hentry","category-noticia"],"aioseo_notices":[],"jetpack_featured_media_url":"https:\/\/i0.wp.com\/minutobahia24h.com.br\/wp-content\/uploads\/2024\/10\/Sem-titulo-18.jpg?fit=1200%2C630&ssl=1","jetpack_sharing_enabled":true,"_links":{"self":[{"href":"https:\/\/minutobahia24h.com.br\/index.php?rest_route=\/wp\/v2\/posts\/17516","targetHints":{"allow":["GET"]}}],"collection":[{"href":"https:\/\/minutobahia24h.com.br\/index.php?rest_route=\/wp\/v2\/posts"}],"about":[{"href":"https:\/\/minutobahia24h.com.br\/index.php?rest_route=\/wp\/v2\/types\/post"}],"author":[{"embeddable":true,"href":"https:\/\/minutobahia24h.com.br\/index.php?rest_route=\/wp\/v2\/users\/2"}],"replies":[{"embeddable":true,"href":"https:\/\/minutobahia24h.com.br\/index.php?rest_route=%2Fwp%2Fv2%2Fcomments&post=17516"}],"version-history":[{"count":1,"href":"https:\/\/minutobahia24h.com.br\/index.php?rest_route=\/wp\/v2\/posts\/17516\/revisions"}],"predecessor-version":[{"id":17518,"href":"https:\/\/minutobahia24h.com.br\/index.php?rest_route=\/wp\/v2\/posts\/17516\/revisions\/17518"}],"wp:featuredmedia":[{"embeddable":true,"href":"https:\/\/minutobahia24h.com.br\/index.php?rest_route=\/wp\/v2\/media\/17517"}],"wp:attachment":[{"href":"https:\/\/minutobahia24h.com.br\/index.php?rest_route=%2Fwp%2Fv2%2Fmedia&parent=17516"}],"wp:term":[{"taxonomy":"category","embeddable":true,"href":"https:\/\/minutobahia24h.com.br\/index.php?rest_route=%2Fwp%2Fv2%2Fcategories&post=17516"},{"taxonomy":"post_tag","embeddable":true,"href":"https:\/\/minutobahia24h.com.br\/index.php?rest_route=%2Fwp%2Fv2%2Ftags&post=17516"}],"curies":[{"name":"wp","href":"https:\/\/api.w.org\/{rel}","templated":true}]}}