{"id":17479,"date":"2024-10-01T07:51:46","date_gmt":"2024-10-01T10:51:46","guid":{"rendered":"https:\/\/minutobahia24h.com.br\/?p=17479"},"modified":"2024-10-01T07:51:48","modified_gmt":"2024-10-01T10:51:48","slug":"lagos-na-amazonia-registram-maior-media-de-temperatura-para-agosto","status":"publish","type":"post","link":"https:\/\/minutobahia24h.com.br\/?p=17479","title":{"rendered":"Lagos na Amaz\u00f4nia registram maior m\u00e9dia de temperatura para agosto"},"content":{"rendered":"<div class=\"wp-block-image\">\n<figure class=\"aligncenter size-full\"><img data-recalc-dims=\"1\" fetchpriority=\"high\" decoding=\"async\" width=\"600\" height=\"420\" src=\"https:\/\/i0.wp.com\/minutobahia24h.com.br\/wp-content\/uploads\/2024\/10\/Sem-titulo-6.jpg?resize=600%2C420&#038;ssl=1\" alt=\"\" class=\"wp-image-17480\" srcset=\"https:\/\/i0.wp.com\/minutobahia24h.com.br\/wp-content\/uploads\/2024\/10\/Sem-titulo-6.jpg?w=600&amp;ssl=1 600w, https:\/\/i0.wp.com\/minutobahia24h.com.br\/wp-content\/uploads\/2024\/10\/Sem-titulo-6.jpg?resize=300%2C210&amp;ssl=1 300w\" sizes=\"(max-width: 600px) 100vw, 600px\" \/><figcaption class=\"wp-element-caption\">Foto: Adriano Gambarini\/WWF-Brasil<br><\/figcaption><\/figure>\n<\/div>\n\n\n<p>O monitoramento realizado pela plataforma Lagos da Amaz\u00f4nia apontou aumento na m\u00e9dia da temperatura registrada no m\u00eas de agosto em 23 corpos de \u00e1gua similares aos que registraram a morte de 330 botos em 2023. Os dados indicaram um aquecimento escalonado, na compara\u00e7\u00e3o com os \u00faltimos cinco anos, acionando um alerta de amea\u00e7a \u00e0 fauna existente nesses ecossistemas.<\/p>\n\n\n\n<p>A plataforma, desenvolvida pelo WWF-Brasil com a MapBiomas, registrou que, em 12 desses lagos da regi\u00e3o amaz\u00f4nica, a temperatura acumulada at\u00e9 agosto ultrapassa a de 2023, quando botos das esp\u00e9cies cor-de-rosa e tucuxi morreram ap\u00f3s as \u00e1guas dos lagos Tef\u00e9 e Coari atingirem 40 graus Celsius (\u00b0C), no fim do m\u00eas de setembro.<\/p>\n\n\n\n<p>Na manh\u00e3 desta segunda-feira (30), por exemplo, a plataforma mostrava que o Lago Cabaliana, na Regi\u00e3o Metropolitana de Manaus, registrava 31,74\u00b0C, o que equivale a 1,2\u00b0C a mais, na compara\u00e7\u00e3o com a mesma data em 2023. Quando comparado \u00e0 media dos \u00faltimos cinco anos para o m\u00eas de setembro, o aquecimento j\u00e1 representa 2,3\u00b0C a mais.<\/p>\n\n\n\n<p>A parir da plataforma, altera\u00e7\u00f5es similares puderam ser observadas em outros 22 lagos com a mesma hidrogeomorfologia, ou seja, em corpos de \u00e1gua que apresentam caracter\u00edsticas f\u00edsicas similares. \u201cS\u00e3o lagos que a gente chama de lagos de ria. S\u00e3o mais compridos, normalmente v\u00eam de um tribut\u00e1rio, um rio pequeno afluente do Solim\u00f5es ou de outros grandes rios, que saem de dentro da floresta e desembocam primeiro em um lago mais comprido e l\u00e1 na frente, quando vai desembocar no Rio Solim\u00f5es, ele tem um pequeno canal. E \u00e9 nesse pequeno canal que se fazem essa conex\u00e3o e esse ciclo de nutrientes, de \u00e1gua e de temperatura\u201d, explica Mariana Paschoalini Frias, analista de conserva\u00e7\u00e3o do WWF-Brasil.<\/p>\n\n\n\n<p>Tais caracter\u00edsticas tamb\u00e9m deixam os corpos de \u00e1gua vulner\u00e1veis \u00e0s secas que t\u00eam se tornado mais extremas de forma sistem\u00e1tica, explica a pesquisadora. Somadas \u00e0 presen\u00e7a das esp\u00e9cies impactadas anteriormente, levaram a inclus\u00e3o na plataforma de mais oito lagos no Rio Trombetas, cinco do Rio Solim\u00f5es (tamb\u00e9m chamado Amazonas), cinco no Rio Purus, dois no Rio Madeira, dois no Rio Paru e no Rio Negro e mais um no Rio Tapaj\u00f3s, al\u00e9m dois Lagos Tef\u00e9 e Coari.<\/p>\n\n\n\n<p><strong>Alerta<\/strong><\/p>\n\n\n\n<p>Nesses locais, a ferramenta possibilita medidas de a\u00e7\u00e3o em campo caso os dados gerem alertas de amea\u00e7a \u00e0 fauna e flora locais pelo superaquecimento das \u00e1guas. A partir dessa etapa \u00e9 poss\u00edvel uma an\u00e1lise multidisciplinar pela for\u00e7a-tarefa, que inclui ainda pesquisadores do Instituto Mamirau\u00e1 e do Instituto Chico Mendes de Conserva\u00e7\u00e3o da Biodiverside (ICMBio).<\/p>\n\n\n\n<p>De acordo com Mariana, essa an\u00e1lise considera ainda a redu\u00e7\u00e3o da quantidade de \u00e1gua, a turbidez do lago e o excesso de radia\u00e7\u00e3o solar, que j\u00e1 podem impactar a vida naqueles ecossistemas. \u201cH\u00e1 um m\u00eas, o monitoramento di\u00e1rio dos lagos tem evidenciando que os animais j\u00e1 est\u00e3o sob um estresse, porque est\u00e3o confinados em um lago que est\u00e1 perdendo superf\u00edcie de \u00e1gua muito r\u00e1pido. A temperatura come\u00e7ou a ter uma amplitude t\u00e9rmica muito grande na coluna da \u00e1gua e n\u00e3o s\u00f3 na superf\u00edcie\u201d, explica.<\/p>\n\n\n\n<p><strong>Sat\u00e9lite<\/strong><\/p>\n\n\n\n<p>De acordo com o coordenador t\u00e9cnico do MapBiomas \u00c1gua, Juliano Schirmbeck, o monitoramento dos 23 lagos \u00e9 feito a partir de dados obtidos pelos sensores Modis, do sat\u00e9lite Terra, e TIRS, do sat\u00e9lite LandSat, que, combinados, possibilitam uma combina\u00e7\u00e3o robusta de informa\u00e7\u00f5es. \u201cO LandSat tem alta resolu\u00e7\u00e3o espacial, isto \u00e9, cada pixel da imagem equivale a uma \u00e1rea de 30 metros. Mas ele s\u00f3 passa sobre a regi\u00e3o uma vez a cada 16 dias. J\u00e1 o Modis tem resolu\u00e7\u00e3o espacial menor e cada pixel equivale a um quil\u00f4metro. Por\u00e9m, sua resolu\u00e7\u00e3o temporal \u00e9 bem mais alta: passa todos os dias.\u201d<\/p>\n\n\n\n<p><strong>Previs\u00e3o<\/strong><\/p>\n\n\n\n<p>At\u00e9 o momento, os pesquisadores conclu\u00edram que ainda n\u00e3o h\u00e1 uma rela\u00e7\u00e3o direta de animais encontrados mortos nos lagos este ano, com a eleva\u00e7\u00e3o da temperatura, mas os profissionais seguem em alerta na regi\u00e3o.<\/p>\n\n\n\n<p>\u201cHoje a gente consegue olhar para um fator preditivo que nos permita antecipar e programar a\u00e7\u00f5es de campo efetivas, mensurando a log\u00edstica dos diferentes locais que a gente precisa acessar. N\u00e3o \u00e9 que o evento vai ocorrer em todos os lagos, mas a gente tem um sinal de alerta dizendo que em toda a distribui\u00e7\u00e3o potencial da esp\u00e9cie na Amaz\u00f4nia, existem lagos que compartilham uma mesma similaridade e eventos simult\u00e2neos podem ocorrer\u201d, acrescenta Schirmbeck.<\/p>\n\n\n\n<p>Bahia.ba<\/p>\n","protected":false},"excerpt":{"rendered":"<p>O monitoramento realizado pela plataforma Lagos da Amaz\u00f4nia apontou aumento na m\u00e9dia da temperatura registrada no m\u00eas de agosto em 23 corpos de \u00e1gua similares aos que registraram a morte de 330 botos em 2023. Os dados indicaram um aquecimento escalonado, na compara\u00e7\u00e3o com os \u00faltimos cinco anos, acionando um alerta de amea\u00e7a \u00e0 fauna [&hellip;]<\/p>\n","protected":false},"author":2,"featured_media":17480,"comment_status":"open","ping_status":"open","sticky":false,"template":"","format":"standard","meta":{"_jetpack_memberships_contains_paid_content":false,"footnotes":""},"categories":[2],"tags":[],"class_list":["post-17479","post","type-post","status-publish","format-standard","has-post-thumbnail","hentry","category-nacional"],"aioseo_notices":[],"jetpack_featured_media_url":"https:\/\/i0.wp.com\/minutobahia24h.com.br\/wp-content\/uploads\/2024\/10\/Sem-titulo-6.jpg?fit=600%2C420&ssl=1","jetpack_sharing_enabled":true,"_links":{"self":[{"href":"https:\/\/minutobahia24h.com.br\/index.php?rest_route=\/wp\/v2\/posts\/17479","targetHints":{"allow":["GET"]}}],"collection":[{"href":"https:\/\/minutobahia24h.com.br\/index.php?rest_route=\/wp\/v2\/posts"}],"about":[{"href":"https:\/\/minutobahia24h.com.br\/index.php?rest_route=\/wp\/v2\/types\/post"}],"author":[{"embeddable":true,"href":"https:\/\/minutobahia24h.com.br\/index.php?rest_route=\/wp\/v2\/users\/2"}],"replies":[{"embeddable":true,"href":"https:\/\/minutobahia24h.com.br\/index.php?rest_route=%2Fwp%2Fv2%2Fcomments&post=17479"}],"version-history":[{"count":1,"href":"https:\/\/minutobahia24h.com.br\/index.php?rest_route=\/wp\/v2\/posts\/17479\/revisions"}],"predecessor-version":[{"id":17481,"href":"https:\/\/minutobahia24h.com.br\/index.php?rest_route=\/wp\/v2\/posts\/17479\/revisions\/17481"}],"wp:featuredmedia":[{"embeddable":true,"href":"https:\/\/minutobahia24h.com.br\/index.php?rest_route=\/wp\/v2\/media\/17480"}],"wp:attachment":[{"href":"https:\/\/minutobahia24h.com.br\/index.php?rest_route=%2Fwp%2Fv2%2Fmedia&parent=17479"}],"wp:term":[{"taxonomy":"category","embeddable":true,"href":"https:\/\/minutobahia24h.com.br\/index.php?rest_route=%2Fwp%2Fv2%2Fcategories&post=17479"},{"taxonomy":"post_tag","embeddable":true,"href":"https:\/\/minutobahia24h.com.br\/index.php?rest_route=%2Fwp%2Fv2%2Ftags&post=17479"}],"curies":[{"name":"wp","href":"https:\/\/api.w.org\/{rel}","templated":true}]}}