{"id":17473,"date":"2024-10-01T07:36:28","date_gmt":"2024-10-01T10:36:28","guid":{"rendered":"https:\/\/minutobahia24h.com.br\/?p=17473"},"modified":"2024-10-01T07:36:29","modified_gmt":"2024-10-01T10:36:29","slug":"alem-dos-numeros-mais-de-5-mil-idosos-baianos-vivem-em-asilos-e-instituicoes-de-longa-permanencia","status":"publish","type":"post","link":"https:\/\/minutobahia24h.com.br\/?p=17473","title":{"rendered":"Al\u00e9m dos n\u00fameros: Mais de 5 mil idosos baianos vivem em asilos e institui\u00e7\u00f5es de longa perman\u00eancia"},"content":{"rendered":"<div class=\"wp-block-image\">\n<figure class=\"aligncenter size-large\"><img data-recalc-dims=\"1\" fetchpriority=\"high\" decoding=\"async\" width=\"800\" height=\"420\" src=\"https:\/\/i0.wp.com\/minutobahia24h.com.br\/wp-content\/uploads\/2024\/10\/Sem-titulo-4-1024x538.jpg?resize=800%2C420&#038;ssl=1\" alt=\"\" class=\"wp-image-17474\" srcset=\"https:\/\/i0.wp.com\/minutobahia24h.com.br\/wp-content\/uploads\/2024\/10\/Sem-titulo-4.jpg?resize=1024%2C538&amp;ssl=1 1024w, https:\/\/i0.wp.com\/minutobahia24h.com.br\/wp-content\/uploads\/2024\/10\/Sem-titulo-4.jpg?resize=300%2C158&amp;ssl=1 300w, https:\/\/i0.wp.com\/minutobahia24h.com.br\/wp-content\/uploads\/2024\/10\/Sem-titulo-4.jpg?resize=768%2C403&amp;ssl=1 768w, https:\/\/i0.wp.com\/minutobahia24h.com.br\/wp-content\/uploads\/2024\/10\/Sem-titulo-4.jpg?resize=750%2C394&amp;ssl=1 750w, https:\/\/i0.wp.com\/minutobahia24h.com.br\/wp-content\/uploads\/2024\/10\/Sem-titulo-4.jpg?resize=1140%2C599&amp;ssl=1 1140w, https:\/\/i0.wp.com\/minutobahia24h.com.br\/wp-content\/uploads\/2024\/10\/Sem-titulo-4.jpg?w=1200&amp;ssl=1 1200w\" sizes=\"(max-width: 800px) 100vw, 800px\" \/><figcaption class=\"wp-element-caption\">Foto: Rafa Neddermeyer \/ Ag\u00eancia Brasil<br><\/figcaption><\/figure>\n<\/div>\n\n\n<p>Um estudo da farmac\u00eautica Pfizer, de 2015, afirma que 90% da popula\u00e7\u00e3o brasileira tem medo de envelhecer. Esse medo, intitulado \u201cgerascofobia\u201d, n\u00e3o \u00e9 em v\u00e3o. Acontece que, em 2024, as den\u00fancias sobre viol\u00eancia ou maus tratos contra idosos aumentaram 117,54% no Brasil, nos \u00faltimos dois anos, segundo a Ouvidoria Nacional de Direitos Humanos (ONDH). A viol\u00eancia, infligida comumente por familiares e cuidadores pr\u00f3ximos \u00e0 v\u00edtima, coloca milhares de idosos em situa\u00e7\u00e3o de vulnerabilidade e muitas vezes, os levam a buscar acolhimento em outros tipos de resid\u00eancia.<\/p>\n\n\n\n<p>Os dados do IBGE em 2024 apontam que 837.251 idosos vivem em domic\u00edlios coletivos, como pens\u00f5es, asilos, penitenci\u00e1rias, hot\u00e9is e entre outros. Na Bahia, dados encontrados pelo Bahia Not\u00edcias, apontam que mais de 24 mil idosos vivem em domic\u00edlios coletivos, sendo que 5.563 destes\u00a0vivem em asilos e institui\u00e7\u00f5es de longa perman\u00eancia para idosos (ILPI). Na capital baiana, grande parte dessas ILPI s\u00e3o institui\u00e7\u00f5es filantr\u00f3picas que atendem idosos em situa\u00e7\u00e3o de vulnerabilidade, sobrevivendo de doa\u00e7\u00f5es e apoios financeiros externos.\u00a0<\/p>\n\n\n\n<p>O IBGE ainda tra\u00e7ou um perfil dos idosos nessas institui\u00e7\u00f5es. Com rela\u00e7\u00e3o aos lares coletivos como um geral, quando inclui-se asilos, orfanatos, conventos, hot\u00e9is, pens\u00f5es, pres\u00eddios e penitenci\u00e1rias, os homens s\u00e3o a maioria e dentre eles, a maioria possui entre 50 a 59 anos. J\u00e1 quando se analisam os asilos e ILPIs, as mulheres com 80 anos ou mais s\u00e3o a maioria.\u00a0<\/p>\n\n\n\n<p>Os dados demonstram uma realidade cruel. Al\u00e9m de possu\u00edrem uma maior expectativa de vida, as mulheres s\u00e3o maioria da popula\u00e7\u00e3o brasileira e o n\u00famero se reflete na frequ\u00eancia de abandonos familiares e viol\u00eancias et\u00e1rias no Brasil. A coordenadora especializada de Prote\u00e7\u00e3o \u00e0 Pessoa Idosa da Defensoria P\u00fablica Estadual da Bahia (DPE-BA), Laise Carvalho, explica que a vida nestas institui\u00e7\u00f5es \u00e9, por vezes, consequ\u00eancia da falta de acesso a direitos b\u00e1sicos e uma rede de apoio.\u00a0<\/p>\n\n\n\n<figure class=\"wp-block-image\"><img data-recalc-dims=\"1\" decoding=\"async\" src=\"https:\/\/i0.wp.com\/www.bahianoticias.com.br\/fotos\/principal_noticias\/296820\/mg\/WhatsApp%20Image%202024-09-30%20at%2020.03.06..jpg?w=800&#038;ssl=1\" alt=\"\"\/><\/figure>\n\n\n\n<p><em>Foto: Tony Winston\/Ag\u00eancia Bras\u00edlia<\/em><\/p>\n\n\n\n<p>\u201cO que nos chega aqui, ou a pr\u00f3pria pessoa idosa, v\u00edtima, ou algum familiar que tem conhecimento dessa situa\u00e7\u00e3o de viol\u00eancia, viol\u00eancia das mais diversas formas, seja a viol\u00eancia f\u00edsica, psicol\u00f3gica, amea\u00e7a, viol\u00eancia patrimonial ou neglig\u00eancia quanto aos cuidados\u201d, define.\u00a0<\/p>\n\n\n\n<p>Com rela\u00e7\u00e3o \u00e0s viol\u00eancias mais comuns, observadas pela Defensoria P\u00fablica, est\u00e3o duas: a neglig\u00eancia ou abandono, e a viol\u00eancia patrimonial. Laise aponta que a neglig\u00eancia ou abandono \u00e9 a situa\u00e7\u00e3o mais comum.\u00a0<\/p>\n\n\n\n<p>\u201cO que mais chega \u00e9 neglig\u00eancia quanto aos cuidados. Aquela pessoa idosa que precisa de cuidados, mas n\u00e3o tendo condi\u00e7\u00f5es de fazer, um familiar fica sobrecarregado ou at\u00e9 mesmo, n\u00e3o tem, ent\u00e3o [o idoso] fica numa situa\u00e7\u00e3o de abandono, a rede de sa\u00fade tamb\u00e9m \u00e9 deficit\u00e1ria, ent\u00e3o n\u00e3o tem acesso \u00e0 sa\u00fade, n\u00e3o faz consultas, ent\u00e3o com isso a medica\u00e7\u00e3o j\u00e1 n\u00e3o fica da forma como deveria\u201d, descreveu.\u00a0<\/p>\n\n\n\n<p>J\u00e1 a viol\u00eancia patrimonial tem outras nuances. \u201cA viol\u00eancia patrimonial tamb\u00e9m \u00e9 aquela situa\u00e7\u00e3o em que um familiar, respons\u00e1vel por administrar a renda dessa pessoa idosa, ret\u00e9m uma quantia desse valor, sem repassar para a pessoa idosa, ou ent\u00e3o, faz um empr\u00e9stimo, um financiamento com a promessa de pagar as presta\u00e7\u00f5es e n\u00e3o faz\u201d, explica a especialista.\u00a0<\/p>\n\n\n\n<p>A coordenadora detalha que a atua\u00e7\u00e3o da Defensoria neste aspecto \u00e9 a de garantir que o idoso seja ouvido e fazer a media\u00e7\u00e3o entre as partes envolvidas num poss\u00edvel processo judicial.<\/p>\n\n\n\n<p>\u201cPelo p\u00fablico-alvo da Defensoria serem pessoas hipossuficientes economicamente, n\u00e3o terem dinheiro para contratar uma cuidadora, a gente faz, falando de uma forma mais informal, uma divis\u00e3o de tarefas [entre os filhos e cuidadores], ou, nas situa\u00e7\u00f5es em que essa pessoa est\u00e1 num grau de viol\u00eancia t\u00e3o grande que n\u00e3o h\u00e1 possibilidade de acordo, a gente d\u00e1 entrada na medida de prote\u00e7\u00e3o, com base no Estatuto da Pessoa Idosa\u201d, conta.\u00a0<\/p>\n\n\n\n<p>Laise conta que a Defensoria P\u00fablica ainda possui outras a\u00e7\u00f5es para atuar nas quest\u00f5es de viol\u00eancia contra a pessoa idosa, propiciando o acesso \u00e0 justi\u00e7a, \u201cno sentido de garantir a prote\u00e7\u00e3o aos direitos da pessoa idosa, seja na preven\u00e7\u00e3o, no programa de educa\u00e7\u00e3o em direitos, seja tamb\u00e9m na repress\u00e3o, quando j\u00e1 h\u00e1 uma situa\u00e7\u00e3o de viol\u00eancia\u201d.\u00a0<\/p>\n\n\n\n<p><strong>LARES DE IDOSOS EM SALVADOR<\/strong><\/p>\n\n\n\n<p>Quando procurada pelo Bahia Not\u00edcias, a Secretaria Municipal de Promo\u00e7\u00e3o Social, Combate \u00e0 Pobreza, Esportes e Lazer (Sempre) informou que n\u00e3o contabiliza as institui\u00e7\u00f5es de acolhimento a pessoas idosas em Salvador. No entanto, afirmou que quatro institui\u00e7\u00f5es s\u00e3o apoiadas pela Prefeitura, sendo apenas uma delas de forma direta, o Abrigo D. Pedro II.\u00a0<\/p>\n\n\n\n<p>As outras tr\u00eas institui\u00e7\u00f5es foram apoiadas por meio de um Edital de Chamamento P\u00fablico, e hoje t\u00eam o servi\u00e7o acompanhado por t\u00e9cnicos da secretaria, que monitoram a execu\u00e7\u00e3o das atividades propostas nos planos de trabalho, bem como o atendimento ao Estatuto do Idoso.<\/p>\n\n\n<div class=\"wp-block-image\">\n<figure class=\"aligncenter\"><img data-recalc-dims=\"1\" decoding=\"async\" src=\"https:\/\/i0.wp.com\/www.bahianoticias.com.br\/fotos\/principal_noticias\/296820\/mg\/WhatsApp%20Image%202024-09-30%20at%2017.55.30..jpg?w=800&#038;ssl=1\" alt=\"\"\/><\/figure>\n<\/div>\n\n\n<p><em>Centro de Geriatria e Gerontologia, da Obras Sociais Irm\u00e3 Dulce (OSID). Foto: Divulga\u00e7\u00e3o&nbsp;<\/em><\/p>\n\n\n\n<p>Uma destas institui\u00e7\u00f5es \u00e9 o Centro de Geriatria e Gerontologia, da Obras Sociais Irm\u00e3 Dulce (OSID). Ao Bahia Not\u00edcias, a Coordena\u00e7\u00e3o da Moradia de idoso informou que, atualmente, 54 idosos vivem na Morada de Idosos da OSID, sendo eles 36 mulheres e 18 homens, n\u00fameros similares \u00e0s proje\u00e7\u00f5es do IBGE.<\/p>\n\n\n\n<p>No caso da Morada, para ser acolhido na resid\u00eancia, \u201cele tem que marcar uma consulta com um m\u00e9dico geriatra. O m\u00e9dico vai fazer uma avalia\u00e7\u00e3o do perfil dele e ele vai ser encaminhado para o servi\u00e7o social, para fazer ficha, tudo direitinho&#8221;. &#8220;Ent\u00e3o ele tem um per\u00edodo de adapta\u00e7\u00e3o, que o idoso ele passa pelo per\u00edodo de adapta\u00e7\u00e3o, ele e a fam\u00edlia para ficar aqui na Morada\u201d, conta um representante.<\/p>\n\n\n\n<p>As outras duas ILPIs vinculadas \u00e0 SEMPRE, o Abrigo S\u00e3o Francisco de Assis e a Casa de Repouso Santa Clara n\u00e3o responderam \u00e0 reportagem at\u00e9 o momento desta publica\u00e7\u00e3o.\u00a0<\/p>\n\n\n\n<p>Uma destas institui\u00e7\u00f5es \u00e9 o Asilo S\u00e3o L\u00e1zaro, localizado na Av. Aliomar Baleeiro, na Estrada Velha do Aeroporto, regi\u00e3o perif\u00e9rica da capital baiana. Fundado em 1987, por Dona Terezinha, moradora da regi\u00e3o, o asilo \u00e9 gerido por Vanderlice da Luz. Ao Bahia Not\u00edcias, a gest\u00e3o declarou que eles atendem 64 idosos residentes, sendo que a maioria chega atrav\u00e9s de den\u00fancias de abandonos ou quando os familiares n\u00e3o t\u00eam condi\u00e7\u00f5es de ajudar.\u00a0<\/p>\n\n\n\n<figure class=\"wp-block-image\"><img data-recalc-dims=\"1\" decoding=\"async\" src=\"https:\/\/i0.wp.com\/www.bahianoticias.com.br\/fotos\/principal_noticias\/296820\/mg\/WhatsApp%20Image%202024-09-30%20at%2016.38.16..jpg?w=800&#038;ssl=1\" alt=\"\"\/><\/figure>\n\n\n\n<p><em>Asilo S\u00e3o L\u00e1zaro, em Salvador. Foto: Arquivo pessoal<\/em><\/p>\n\n\n\n<p>Como uma institui\u00e7\u00e3o filantr\u00f3pica, o Asilo S\u00e3o L\u00e1zaro \u00e9 financiado com doa\u00e7\u00f5es de alimentos, roupas e dinheiro, que ajudam a custear as despesas como \u00e1gua, luz e funcion\u00e1rios. Atualmente, a institui\u00e7\u00e3o n\u00e3o aceita novos residentes. O cen\u00e1rio, com a busca por doa\u00e7\u00f5es, \u00e9 comum a diversos outros asilos e lares, especialmente quando n\u00e3o se tem financiamento ou suporte governamental.\u00a0<\/p>\n\n\n\n<p>Ao BN, a representante da Defensoria P\u00fablica da Bahia, Laise Carvalho, comentou ainda sobre a regulamenta\u00e7\u00e3o destas institui\u00e7\u00f5es de longa perman\u00eancia. \u201cAs Institui\u00e7\u00f5es de Longa Perman\u00eancia, independentemente da natureza jur\u00eddica que possua, seja p\u00fablica, seja privada, seja filantr\u00f3pica, deve respeitar o Estatuto da Pessoa Idosa. A partir do momento em que uma pessoa idosa est\u00e1 neste espa\u00e7o, l\u00e1 \u00e9 considerada a sua resid\u00eancia e todos os seus direitos devem ser respeitados. Para que uma pessoa idosa seja institucionalizada, ela estando l\u00facida e orientada, deve depender da sua vontade\u201d, explica.\u00a0<\/p>\n\n\n\n<p>Ela aponta que, ainda que estejam prestando um servi\u00e7o social, a institui\u00e7\u00e3o pode ser responsabilizada por irregularidades na gest\u00e3o e cuidado com os idosos. \u201cAssim, ela [a institui\u00e7\u00e3o] ou os profissionais que l\u00e1 estejam s\u00e3o responsabilizados por qualquer situa\u00e7\u00e3o que viole os direitos da pessoa idosa. Essa viol\u00eancia pode ser uma neglig\u00eancia medicamentosa,\u00a0maus-tratos verbal, f\u00edsico ou at\u00e9 mesmo uma segrega\u00e7\u00e3o, um tratamento diferenciado entre os idosos, ent\u00e3o isso tudo deve ser atentado\u201d, afirma.\u00a0<\/p>\n\n\n\n<p>E completa: \u201c\u00c9 bom tamb\u00e9m destacar que essas ILPIs realizam uma presta\u00e7\u00e3o de servi\u00e7os, por mais que tenha um cunho religioso ou filantr\u00f3pico ali, \u00e9 uma presta\u00e7\u00e3o de servi\u00e7o que est\u00e1 sendo realizada, tem regras a serem observadas\u201d.\u00a0<\/p>\n\n\n\n<p>Entre as legisla\u00e7\u00f5es a serem seguidas, est\u00e1 a obten\u00e7\u00e3o de um alvar\u00e1 da Vigil\u00e2ncia Sanit\u00e1ria, dos Bombeiros e a inscri\u00e7\u00e3o no Conselho Municipal do Idoso.\u00a0<\/p>\n\n\n\n<p>BN<\/p>\n","protected":false},"excerpt":{"rendered":"<p>Um estudo da farmac\u00eautica Pfizer, de 2015, afirma que 90% da popula\u00e7\u00e3o brasileira tem medo de envelhecer. Esse medo, intitulado \u201cgerascofobia\u201d, n\u00e3o \u00e9 em v\u00e3o. Acontece que, em 2024, as den\u00fancias sobre viol\u00eancia ou maus tratos contra idosos aumentaram 117,54% no Brasil, nos \u00faltimos dois anos, segundo a Ouvidoria Nacional de Direitos Humanos (ONDH). A [&hellip;]<\/p>\n","protected":false},"author":2,"featured_media":17474,"comment_status":"open","ping_status":"open","sticky":false,"template":"","format":"standard","meta":{"_jetpack_memberships_contains_paid_content":false,"footnotes":""},"categories":[46],"tags":[],"class_list":["post-17473","post","type-post","status-publish","format-standard","has-post-thumbnail","hentry","category-noticia"],"aioseo_notices":[],"jetpack_featured_media_url":"https:\/\/i0.wp.com\/minutobahia24h.com.br\/wp-content\/uploads\/2024\/10\/Sem-titulo-4.jpg?fit=1200%2C630&ssl=1","jetpack_sharing_enabled":true,"_links":{"self":[{"href":"https:\/\/minutobahia24h.com.br\/index.php?rest_route=\/wp\/v2\/posts\/17473","targetHints":{"allow":["GET"]}}],"collection":[{"href":"https:\/\/minutobahia24h.com.br\/index.php?rest_route=\/wp\/v2\/posts"}],"about":[{"href":"https:\/\/minutobahia24h.com.br\/index.php?rest_route=\/wp\/v2\/types\/post"}],"author":[{"embeddable":true,"href":"https:\/\/minutobahia24h.com.br\/index.php?rest_route=\/wp\/v2\/users\/2"}],"replies":[{"embeddable":true,"href":"https:\/\/minutobahia24h.com.br\/index.php?rest_route=%2Fwp%2Fv2%2Fcomments&post=17473"}],"version-history":[{"count":1,"href":"https:\/\/minutobahia24h.com.br\/index.php?rest_route=\/wp\/v2\/posts\/17473\/revisions"}],"predecessor-version":[{"id":17475,"href":"https:\/\/minutobahia24h.com.br\/index.php?rest_route=\/wp\/v2\/posts\/17473\/revisions\/17475"}],"wp:featuredmedia":[{"embeddable":true,"href":"https:\/\/minutobahia24h.com.br\/index.php?rest_route=\/wp\/v2\/media\/17474"}],"wp:attachment":[{"href":"https:\/\/minutobahia24h.com.br\/index.php?rest_route=%2Fwp%2Fv2%2Fmedia&parent=17473"}],"wp:term":[{"taxonomy":"category","embeddable":true,"href":"https:\/\/minutobahia24h.com.br\/index.php?rest_route=%2Fwp%2Fv2%2Fcategories&post=17473"},{"taxonomy":"post_tag","embeddable":true,"href":"https:\/\/minutobahia24h.com.br\/index.php?rest_route=%2Fwp%2Fv2%2Ftags&post=17473"}],"curies":[{"name":"wp","href":"https:\/\/api.w.org\/{rel}","templated":true}]}}