{"id":17464,"date":"2024-10-01T07:23:45","date_gmt":"2024-10-01T10:23:45","guid":{"rendered":"https:\/\/minutobahia24h.com.br\/?p=17464"},"modified":"2024-10-01T07:23:46","modified_gmt":"2024-10-01T10:23:46","slug":"detento-e-encontrado-morto-dentro-de-cela-no-conjunto-penal-de-feira-de-santana","status":"publish","type":"post","link":"https:\/\/minutobahia24h.com.br\/?p=17464","title":{"rendered":"Detento \u00e9 encontrado morto dentro de cela no Conjunto Penal de Feira de Santana"},"content":{"rendered":"<div class=\"wp-block-image\">\n<figure class=\"aligncenter size-full\"><img data-recalc-dims=\"1\" fetchpriority=\"high\" decoding=\"async\" width=\"505\" height=\"344\" src=\"https:\/\/i0.wp.com\/minutobahia24h.com.br\/wp-content\/uploads\/2024\/10\/Sem-titulo-1.jpg?resize=505%2C344&#038;ssl=1\" alt=\"\" class=\"wp-image-17465\" srcset=\"https:\/\/i0.wp.com\/minutobahia24h.com.br\/wp-content\/uploads\/2024\/10\/Sem-titulo-1.jpg?w=505&amp;ssl=1 505w, https:\/\/i0.wp.com\/minutobahia24h.com.br\/wp-content\/uploads\/2024\/10\/Sem-titulo-1.jpg?resize=300%2C204&amp;ssl=1 300w\" sizes=\"(max-width: 505px) 100vw, 505px\" \/><\/figure>\n<\/div>\n\n\n<p>Um detento, identificado como Almir Alves Borges Junior, 24 anos, foi encontrado morto dentro da cela 11, no Conjunto Penal de Feira de Santana. Segundo informa\u00e7\u00f5es apuradas pelo Acorda Cidade, junto \u00e0 pol\u00edcia, o corpo do detento estava pendurado por um tecido amarrado ao pesco\u00e7o, sem apresentar sinais vitais. A delegada Danielle Matias presidiu o levantamento cadav\u00e9rico e o corpo foi encaminhado para o Departamento de Pol\u00edcia T\u00e9cnica (DPT) para ser necropsiado.<\/p>\n\n\n\n<p>Acorda Cidade&nbsp;<\/p>\n","protected":false},"excerpt":{"rendered":"<p>Um detento, identificado como Almir Alves Borges Junior, 24 anos, foi encontrado morto dentro da cela 11, no Conjunto Penal de Feira de Santana. Segundo informa\u00e7\u00f5es apuradas pelo Acorda Cidade, junto \u00e0 pol\u00edcia, o corpo do detento estava pendurado por um tecido amarrado ao pesco\u00e7o, sem apresentar sinais vitais. A delegada Danielle Matias presidiu o [&hellip;]<\/p>\n","protected":false},"author":2,"featured_media":17465,"comment_status":"open","ping_status":"open","sticky":false,"template":"","format":"standard","meta":{"_jetpack_memberships_contains_paid_content":false,"footnotes":""},"categories":[3],"tags":[],"class_list":["post-17464","post","type-post","status-publish","format-standard","has-post-thumbnail","hentry","category-regional"],"aioseo_notices":[],"jetpack_featured_media_url":"https:\/\/i0.wp.com\/minutobahia24h.com.br\/wp-content\/uploads\/2024\/10\/Sem-titulo-1.jpg?fit=505%2C344&ssl=1","jetpack_sharing_enabled":true,"_links":{"self":[{"href":"https:\/\/minutobahia24h.com.br\/index.php?rest_route=\/wp\/v2\/posts\/17464","targetHints":{"allow":["GET"]}}],"collection":[{"href":"https:\/\/minutobahia24h.com.br\/index.php?rest_route=\/wp\/v2\/posts"}],"about":[{"href":"https:\/\/minutobahia24h.com.br\/index.php?rest_route=\/wp\/v2\/types\/post"}],"author":[{"embeddable":true,"href":"https:\/\/minutobahia24h.com.br\/index.php?rest_route=\/wp\/v2\/users\/2"}],"replies":[{"embeddable":true,"href":"https:\/\/minutobahia24h.com.br\/index.php?rest_route=%2Fwp%2Fv2%2Fcomments&post=17464"}],"version-history":[{"count":1,"href":"https:\/\/minutobahia24h.com.br\/index.php?rest_route=\/wp\/v2\/posts\/17464\/revisions"}],"predecessor-version":[{"id":17466,"href":"https:\/\/minutobahia24h.com.br\/index.php?rest_route=\/wp\/v2\/posts\/17464\/revisions\/17466"}],"wp:featuredmedia":[{"embeddable":true,"href":"https:\/\/minutobahia24h.com.br\/index.php?rest_route=\/wp\/v2\/media\/17465"}],"wp:attachment":[{"href":"https:\/\/minutobahia24h.com.br\/index.php?rest_route=%2Fwp%2Fv2%2Fmedia&parent=17464"}],"wp:term":[{"taxonomy":"category","embeddable":true,"href":"https:\/\/minutobahia24h.com.br\/index.php?rest_route=%2Fwp%2Fv2%2Fcategories&post=17464"},{"taxonomy":"post_tag","embeddable":true,"href":"https:\/\/minutobahia24h.com.br\/index.php?rest_route=%2Fwp%2Fv2%2Ftags&post=17464"}],"curies":[{"name":"wp","href":"https:\/\/api.w.org\/{rel}","templated":true}]}}