{"id":17295,"date":"2024-09-25T07:36:11","date_gmt":"2024-09-25T10:36:11","guid":{"rendered":"https:\/\/minutobahia24h.com.br\/?p=17295"},"modified":"2024-09-25T07:36:12","modified_gmt":"2024-09-25T10:36:12","slug":"racha-entre-psd-e-pl-repercute-em-disputa-pela-camara-com-elmar-e-antonio-brito-confiando-em-adesao-do-governo","status":"publish","type":"post","link":"https:\/\/minutobahia24h.com.br\/?p=17295","title":{"rendered":"Racha entre PSD e PL repercute em disputa pela C\u00e2mara com Elmar e Ant\u00f4nio Brito &#8220;confiando&#8221; em ades\u00e3o do governo"},"content":{"rendered":"<div class=\"wp-block-image\">\n<figure class=\"aligncenter size-large\"><img data-recalc-dims=\"1\" fetchpriority=\"high\" decoding=\"async\" width=\"800\" height=\"420\" src=\"https:\/\/i0.wp.com\/minutobahia24h.com.br\/wp-content\/uploads\/2024\/09\/Sem-titulo-244-1024x538.jpg?resize=800%2C420&#038;ssl=1\" alt=\"\" class=\"wp-image-17296\" srcset=\"https:\/\/i0.wp.com\/minutobahia24h.com.br\/wp-content\/uploads\/2024\/09\/Sem-titulo-244.jpg?resize=1024%2C538&amp;ssl=1 1024w, https:\/\/i0.wp.com\/minutobahia24h.com.br\/wp-content\/uploads\/2024\/09\/Sem-titulo-244.jpg?resize=300%2C158&amp;ssl=1 300w, https:\/\/i0.wp.com\/minutobahia24h.com.br\/wp-content\/uploads\/2024\/09\/Sem-titulo-244.jpg?resize=768%2C403&amp;ssl=1 768w, https:\/\/i0.wp.com\/minutobahia24h.com.br\/wp-content\/uploads\/2024\/09\/Sem-titulo-244.jpg?resize=750%2C394&amp;ssl=1 750w, https:\/\/i0.wp.com\/minutobahia24h.com.br\/wp-content\/uploads\/2024\/09\/Sem-titulo-244.jpg?resize=1140%2C599&amp;ssl=1 1140w, https:\/\/i0.wp.com\/minutobahia24h.com.br\/wp-content\/uploads\/2024\/09\/Sem-titulo-244.jpg?w=1200&amp;ssl=1 1200w\" sizes=\"(max-width: 800px) 100vw, 800px\" \/><figcaption class=\"wp-element-caption\">Foto: Divulga\u00e7\u00e3o<br><\/figcaption><\/figure>\n<\/div>\n\n\n<p>\u201cO governo n\u00e3o apoiar\u00e1 o candidato ligado ao PL\u201d. A afirma\u00e7\u00e3o feita por uma lideran\u00e7a ligada ao deputado federal Elmar Nascimento (Uni\u00e3o) e aponta um cen\u00e1rio ainda movimentado na corrida pela presid\u00eancia da C\u00e2mara dos Deputados.\u00a0<a href=\"https:\/\/www.bahianoticias.com.br\/noticia\/296605-otto-rebate-campanha-de-boicote-contra-o-psd-promovida-pelo-pl-os-dois-partidos-estao-coligados-em-diversas-cidades\" target=\"_blank\" rel=\"noreferrer noopener\">A recente disputa entre o PSD e o PL<\/a>, por conta dos pedidos de impeachment do ministro do Supremo Tribunal Federal Alexandre de Moraes, tamb\u00e9m impactar\u00e1\u00a0no embate na C\u00e2mara.\u00a0<\/p>\n\n\n\n<p>A sinaliza\u00e7\u00e3o feita ganha eco com outros interlocutores do deputado federal Ant\u00f4nio Brito (PSD), que tamb\u00e9m indicaram que o governo deve priorizar uma candidatura distinta ao que o PL apoie. A an\u00e1lise feita pelo grupo sinaliza\u00a0que a nova \u201ccoaliz\u00e3o\u201d formada por PP, Republicanos e PL e ligada ao atual presidente da C\u00e2mara, Arthur Lira (PP), que\u00a0tem apontado para o nome do deputado federal Hugo Motta (Republicanos), n\u00e3o deve receber ades\u00e3o do governo do presidente Luiz In\u00e1cio Lula da Silva (PT). Fontes entrevistadas pelo Bahia Not\u00edcias indicam e confirmam a avalia\u00e7\u00e3o.<\/p>\n\n\n\n<p>Com a elei\u00e7\u00e3o ocorrendo em fevereiro, o PT possui 68 deputados, com a segunda maior bancada da casa. O grupo de parlamentares \u00e9 visto por Elmar e Brito como o fiel da balan\u00e7a para a sucess\u00e3o de Arthur Lira, j\u00e1 que\u00a0o partido integra a Federa\u00e7\u00e3o PT-PCdoB-PV, que chega a 80 deputados e vota em bloco. Somados, Uni\u00e3o e PSD foram a \u201cmaior bancada\u201d na C\u00e2mara, o que permite que Elmar e Brito somem cerca de 180 votos.\u00a0<\/p>\n\n\n\n<p>A dupla tenta apresentar ao governo \u201cuma alternativa\u201d para que o governo n\u00e3o apoie um nome que tenha o amparo do PL e, consequentemente, o bolsonarismo. Com isso, aumentaria a chance de uma composi\u00e7\u00e3o, seja ela com Brito \u2014 mais ligado ao governo Lula \u2014, seja ela com Elmar, que possui maior ades\u00e3o do bloco central na C\u00e2mara. A \u201cdesidrata\u00e7\u00e3o dupla\u201d de Hugo Motta tamb\u00e9m seria um \u201cplano\u201d usado por Elmar e Brito.\u00a0<\/p>\n\n\n\n<p><a href=\"https:\/\/www.bahianoticias.com.br\/noticia\/296117-nos-moldes-da-alianca-lula-alckmin-aliados-de-elmar-e-brito-indicam-que-parceria-tera-afunilamento-e-dialogo-na-bahia\" target=\"_blank\" rel=\"noreferrer noopener\"><br>A impens\u00e1vel rela\u00e7\u00e3o entre o presidente Luiz In\u00e1cio Lula da Silva (PT) e o vice Geraldo Alckmin (PSB)<\/a>\u00a0\u00e9 usada para simbolizar esse\u00a0recente movimento na disputa pela C\u00e2mara dos Deputados.\u00a0<a href=\"https:\/\/www.bahianoticias.com.br\/noticia\/296108-elmar-e-brito-se-reunem-e-sinalizam-alianca-contra-hugo-motta-para-sucessao-de-lira-na-camara-dos-deputados\" target=\"_blank\" rel=\"noreferrer noopener\">O acordo recente entre os deputados federais baianos<\/a>\u00a0fez com que aliados relembrarem do fato.\u00a0<\/p>\n\n\n\n<p>Pessoas pr\u00f3ximas\u00a0aos parlamentares sinalizaram que a costura feita entre os pol\u00edticos e lideran\u00e7as das duas legendas dever\u00e1 ser feita nos moldes da alian\u00e7a do atual presidente Lula e de Alckmin, antigos rivais. Em julho de 2022, o petista surpreendeu e indicou Alckmin para vice, durante a busca pela presid\u00eancia contra o ex-presidente Jair Bolsonaro (PL).<\/p>\n\n\n\n<p>A \u201cuni\u00e3o dos baianos\u201d, com a reuni\u00e3o recente,\u00a0deve ter o di\u00e1logo com as bancadas intensificado para \u201caparar arestas\u201d entre os grupos. Mesmo sem confirmarem quem ser\u00e1 o candidato na disputa e se utilizar\u00e3o a estrat\u00e9gia de dois nomes na elei\u00e7\u00e3o, lideran\u00e7as pr\u00f3ximas sinalizaram que qualquer movimento deve ser tomado ap\u00f3s um \u201cpacto\u201d maior para a estrat\u00e9gia ter \u00eaxito.\u00a0<\/p>\n\n\n\n<p>BN<\/p>\n","protected":false},"excerpt":{"rendered":"<p>\u201cO governo n\u00e3o apoiar\u00e1 o candidato ligado ao PL\u201d. A afirma\u00e7\u00e3o feita por uma lideran\u00e7a ligada ao deputado federal Elmar Nascimento (Uni\u00e3o) e aponta um cen\u00e1rio ainda movimentado na corrida pela presid\u00eancia da C\u00e2mara dos Deputados.\u00a0A recente disputa entre o PSD e o PL, por conta dos pedidos de impeachment do ministro do Supremo Tribunal [&hellip;]<\/p>\n","protected":false},"author":2,"featured_media":17296,"comment_status":"open","ping_status":"open","sticky":false,"template":"","format":"standard","meta":{"_jetpack_memberships_contains_paid_content":false,"footnotes":""},"categories":[39],"tags":[],"class_list":["post-17295","post","type-post","status-publish","format-standard","has-post-thumbnail","hentry","category-politica"],"aioseo_notices":[],"jetpack_featured_media_url":"https:\/\/i0.wp.com\/minutobahia24h.com.br\/wp-content\/uploads\/2024\/09\/Sem-titulo-244.jpg?fit=1200%2C630&ssl=1","jetpack_sharing_enabled":true,"_links":{"self":[{"href":"https:\/\/minutobahia24h.com.br\/index.php?rest_route=\/wp\/v2\/posts\/17295","targetHints":{"allow":["GET"]}}],"collection":[{"href":"https:\/\/minutobahia24h.com.br\/index.php?rest_route=\/wp\/v2\/posts"}],"about":[{"href":"https:\/\/minutobahia24h.com.br\/index.php?rest_route=\/wp\/v2\/types\/post"}],"author":[{"embeddable":true,"href":"https:\/\/minutobahia24h.com.br\/index.php?rest_route=\/wp\/v2\/users\/2"}],"replies":[{"embeddable":true,"href":"https:\/\/minutobahia24h.com.br\/index.php?rest_route=%2Fwp%2Fv2%2Fcomments&post=17295"}],"version-history":[{"count":1,"href":"https:\/\/minutobahia24h.com.br\/index.php?rest_route=\/wp\/v2\/posts\/17295\/revisions"}],"predecessor-version":[{"id":17297,"href":"https:\/\/minutobahia24h.com.br\/index.php?rest_route=\/wp\/v2\/posts\/17295\/revisions\/17297"}],"wp:featuredmedia":[{"embeddable":true,"href":"https:\/\/minutobahia24h.com.br\/index.php?rest_route=\/wp\/v2\/media\/17296"}],"wp:attachment":[{"href":"https:\/\/minutobahia24h.com.br\/index.php?rest_route=%2Fwp%2Fv2%2Fmedia&parent=17295"}],"wp:term":[{"taxonomy":"category","embeddable":true,"href":"https:\/\/minutobahia24h.com.br\/index.php?rest_route=%2Fwp%2Fv2%2Fcategories&post=17295"},{"taxonomy":"post_tag","embeddable":true,"href":"https:\/\/minutobahia24h.com.br\/index.php?rest_route=%2Fwp%2Fv2%2Ftags&post=17295"}],"curies":[{"name":"wp","href":"https:\/\/api.w.org\/{rel}","templated":true}]}}