{"id":17292,"date":"2024-09-25T07:34:02","date_gmt":"2024-09-25T10:34:02","guid":{"rendered":"https:\/\/minutobahia24h.com.br\/?p=17292"},"modified":"2024-09-25T07:34:04","modified_gmt":"2024-09-25T10:34:04","slug":"estado-pode-sofrer-isolamento-logistico-com-renovacao-de-concessao-da-ferrovia-centro-atlantica","status":"publish","type":"post","link":"https:\/\/minutobahia24h.com.br\/?p=17292","title":{"rendered":"Estado pode sofrer isolamento log\u00edstico com renova\u00e7\u00e3o de concess\u00e3o da Ferrovia Centro-Atl\u00e2ntica"},"content":{"rendered":"<div class=\"wp-block-image\">\n<figure class=\"aligncenter size-full\"><img data-recalc-dims=\"1\" fetchpriority=\"high\" decoding=\"async\" width=\"601\" height=\"420\" src=\"https:\/\/i0.wp.com\/minutobahia24h.com.br\/wp-content\/uploads\/2024\/09\/Sem-titulo-243.jpg?resize=601%2C420&#038;ssl=1\" alt=\"\" class=\"wp-image-17293\" srcset=\"https:\/\/i0.wp.com\/minutobahia24h.com.br\/wp-content\/uploads\/2024\/09\/Sem-titulo-243.jpg?w=601&amp;ssl=1 601w, https:\/\/i0.wp.com\/minutobahia24h.com.br\/wp-content\/uploads\/2024\/09\/Sem-titulo-243.jpg?resize=300%2C210&amp;ssl=1 300w\" sizes=\"(max-width: 601px) 100vw, 601px\" \/><figcaption class=\"wp-element-caption\">Foto: CBPM\/assessoria<\/figcaption><\/figure>\n<\/div>\n\n\n<p>Com a proposta de renova\u00e7\u00e3o da concess\u00e3o da Ferrovia Centro Atl\u00e2ntica (FCA) pela empresa VLI, por mais 30 anos, em discuss\u00e3o nas audi\u00eancias p\u00fablicas que acontecer\u00e3o entre 30 de setembro e 4 de outubro, a Federa\u00e7\u00e3o das Ind\u00fastrias do Estado da Bahia (FIEB) avalia que \u00e9 preciso que a Bahia se mobilize para defender a log\u00edstica ferrovi\u00e1ria, que corre risco de encolher ainda mais e causar impactos negativos \u00e0 economia local, em particular, \u00e0 ind\u00fastria, que utiliza esse modal para o transporte de sua produ\u00e7\u00e3o. Em Salvador, a audi\u00eancia est\u00e1 marcada para o dia 4 de outubro.<\/p>\n\n\n\n<p>Pela proposta da VLI, os trechos da FCA na Bahia, que interligam o estado a Minas Gerais e Sergipe, ser\u00e3o descontinuados no contrato de renova\u00e7\u00e3o, com a paralisa\u00e7\u00e3o desses trechos. Dos 7.220km de ferrovia sob concess\u00e3o, a VLI quer devolver 2.132km, dos quais 291km (14%) s\u00e3o em territ\u00f3rio baiano \u2013 Bonfim\/Petrolina e Alagoinhas\/Propri\u00e1.<\/p>\n\n\n\n<p>Outro ponto preocupante \u00e9 o que acontecer\u00e1 com os 1.883km, incluindo o trecho Corinto-Campo Formoso, de onde h\u00e1 liga\u00e7\u00f5es com os trechos a serem devolvidos no estado.<\/p>\n\n\n\n<p><strong>Perda de cargas<\/strong>&nbsp;\u2013&nbsp; \u201cPrecisamos nos posicionar sobre a proposta que est\u00e1 em curso e defender esse trecho estrat\u00e9gico para a Bahia. O que est\u00e1 em jogo \u00e9 a interliga\u00e7\u00e3o da Bahia pela via ferrovi\u00e1ria com outros centros importantes, o escoamento da produ\u00e7\u00e3o de setores importantes da nossa economia, como a minera\u00e7\u00e3o\u201d, afirma o presidente da FIEB, Carlos Henrique Passos.<\/p>\n\n\n\n<p>Para ele, \u00e9 preciso pensar mais \u00e0 frente para entender o grande impacto do que est\u00e1 em curso, pois a interrup\u00e7\u00e3o da opera\u00e7\u00e3o da FCA na Bahia abre caminho para a perda de cargas do trecho FIOL Barreiras\/Mara Rosa (novo tra\u00e7ado que est\u00e1 em estudo pelo governo federal, em substitui\u00e7\u00e3o a Figueir\u00f3polis).<\/p>\n\n\n\n<p>A FIEB defende que seja garantida formalmente, na renova\u00e7\u00e3o, a manuten\u00e7\u00e3o da opera\u00e7\u00e3o no trecho baiano, enquanto o governo define qual modelo operacional ser\u00e1 adotado para esta ferrovia. Somado a essa garantia, dever\u00e1 acontecer investimento p\u00fablico para viabilizar as condi\u00e7\u00f5es de opera\u00e7\u00e3o do trecho. \u201cN\u00e3o ser\u00e1 poss\u00edvel atrair um investidor privado para operar, baseado nas condi\u00e7\u00f5es atuais\u201d, afirma.<\/p>\n\n\n\n<p>Bahia.ba<\/p>\n","protected":false},"excerpt":{"rendered":"<p>Com a proposta de renova\u00e7\u00e3o da concess\u00e3o da Ferrovia Centro Atl\u00e2ntica (FCA) pela empresa VLI, por mais 30 anos, em discuss\u00e3o nas audi\u00eancias p\u00fablicas que acontecer\u00e3o entre 30 de setembro e 4 de outubro, a Federa\u00e7\u00e3o das Ind\u00fastrias do Estado da Bahia (FIEB) avalia que \u00e9 preciso que a Bahia se mobilize para defender a [&hellip;]<\/p>\n","protected":false},"author":2,"featured_media":17293,"comment_status":"open","ping_status":"open","sticky":false,"template":"","format":"standard","meta":{"_jetpack_memberships_contains_paid_content":false,"footnotes":""},"categories":[21],"tags":[],"class_list":["post-17292","post","type-post","status-publish","format-standard","has-post-thumbnail","hentry","category-bahia"],"aioseo_notices":[],"jetpack_featured_media_url":"https:\/\/i0.wp.com\/minutobahia24h.com.br\/wp-content\/uploads\/2024\/09\/Sem-titulo-243.jpg?fit=601%2C420&ssl=1","jetpack_sharing_enabled":true,"_links":{"self":[{"href":"https:\/\/minutobahia24h.com.br\/index.php?rest_route=\/wp\/v2\/posts\/17292","targetHints":{"allow":["GET"]}}],"collection":[{"href":"https:\/\/minutobahia24h.com.br\/index.php?rest_route=\/wp\/v2\/posts"}],"about":[{"href":"https:\/\/minutobahia24h.com.br\/index.php?rest_route=\/wp\/v2\/types\/post"}],"author":[{"embeddable":true,"href":"https:\/\/minutobahia24h.com.br\/index.php?rest_route=\/wp\/v2\/users\/2"}],"replies":[{"embeddable":true,"href":"https:\/\/minutobahia24h.com.br\/index.php?rest_route=%2Fwp%2Fv2%2Fcomments&post=17292"}],"version-history":[{"count":1,"href":"https:\/\/minutobahia24h.com.br\/index.php?rest_route=\/wp\/v2\/posts\/17292\/revisions"}],"predecessor-version":[{"id":17294,"href":"https:\/\/minutobahia24h.com.br\/index.php?rest_route=\/wp\/v2\/posts\/17292\/revisions\/17294"}],"wp:featuredmedia":[{"embeddable":true,"href":"https:\/\/minutobahia24h.com.br\/index.php?rest_route=\/wp\/v2\/media\/17293"}],"wp:attachment":[{"href":"https:\/\/minutobahia24h.com.br\/index.php?rest_route=%2Fwp%2Fv2%2Fmedia&parent=17292"}],"wp:term":[{"taxonomy":"category","embeddable":true,"href":"https:\/\/minutobahia24h.com.br\/index.php?rest_route=%2Fwp%2Fv2%2Fcategories&post=17292"},{"taxonomy":"post_tag","embeddable":true,"href":"https:\/\/minutobahia24h.com.br\/index.php?rest_route=%2Fwp%2Fv2%2Ftags&post=17292"}],"curies":[{"name":"wp","href":"https:\/\/api.w.org\/{rel}","templated":true}]}}