{"id":171,"date":"2023-09-11T09:53:45","date_gmt":"2023-09-11T12:53:45","guid":{"rendered":"https:\/\/minutobahia24h.com.br\/?p=171"},"modified":"2023-09-11T09:53:45","modified_gmt":"2023-09-11T12:53:45","slug":"operacao-cumpre-mandado-de-policial-militar-acusado-de-homicidio-em-queimadas","status":"publish","type":"post","link":"https:\/\/minutobahia24h.com.br\/?p=171","title":{"rendered":"Opera\u00e7\u00e3o cumpre mandado de policial militar acusado de homic\u00eddio em Queimadas"},"content":{"rendered":"<div class=\"wp-block-image\">\n<figure class=\"aligncenter size-large\"><img data-recalc-dims=\"1\" fetchpriority=\"high\" decoding=\"async\" width=\"800\" height=\"449\" src=\"https:\/\/i0.wp.com\/minutobahia24h.com.br\/wp-content\/uploads\/2023\/09\/IMG-20230906-WA0721-1140x640-1-1024x575.jpg?resize=800%2C449&#038;ssl=1\" alt=\"\" class=\"wp-image-173\" srcset=\"https:\/\/i0.wp.com\/minutobahia24h.com.br\/wp-content\/uploads\/2023\/09\/IMG-20230906-WA0721-1140x640-1.jpg?resize=1024%2C575&amp;ssl=1 1024w, https:\/\/i0.wp.com\/minutobahia24h.com.br\/wp-content\/uploads\/2023\/09\/IMG-20230906-WA0721-1140x640-1.jpg?resize=300%2C168&amp;ssl=1 300w, https:\/\/i0.wp.com\/minutobahia24h.com.br\/wp-content\/uploads\/2023\/09\/IMG-20230906-WA0721-1140x640-1.jpg?resize=768%2C431&amp;ssl=1 768w, https:\/\/i0.wp.com\/minutobahia24h.com.br\/wp-content\/uploads\/2023\/09\/IMG-20230906-WA0721-1140x640-1.jpg?resize=750%2C421&amp;ssl=1 750w, https:\/\/i0.wp.com\/minutobahia24h.com.br\/wp-content\/uploads\/2023\/09\/IMG-20230906-WA0721-1140x640-1.jpg?w=1140&amp;ssl=1 1140w\" sizes=\"(max-width: 800px) 100vw, 800px\" \/><\/figure>\n<\/div>\n\n\n<p><em>A v\u00edtima foi morta a tiros na zona rural do munic\u00edpio, em julho deste ano. Equipes do Depin, com o apoio do Gaeco\/Norte e da Pol\u00edcia Militar, realizaram as a\u00e7\u00f5es<\/em><\/p>\n\n\n\n<p>A Pol\u00edcia Civil da Bahia realizou uma a\u00e7\u00e3o entre coordenadorias do Departamento de Pol\u00edcia do Interior (Depin), na manh\u00e3 desta quarta-feira (6), no munic\u00edpio de Queimadas, distante 300 km de Salvador, para a pris\u00e3o de um policial militar acusado da morte de Alberto dos Santos Pereira, de 20 anos, ocorrida no dia 20 de julho, naquele munic\u00edpio.<\/p>\n\n\n\n<p>Horas ap\u00f3s as a\u00e7\u00f5es de cumprimentos de mandados de busca e apreens\u00e3o, o policial se apresentou na Companhia de Pol\u00edcia Militar do munic\u00edpio de Iti\u00faba, no final da manh\u00e3. Em seguida, teve o mandado de pris\u00e3o cumprido na sede da 19\u00aa Coordenadoria Regional de Pol\u00edcia do Interior (Coorpin\/Senhor do Bonfim).<\/p>\n\n\n\n<p>O coordenador da 19\u00aa Coorpin\/Senhor do Bonfim, delegado At\u00edlio T\u00e9rcio, destacou a continuidade das investiga\u00e7\u00f5es. \u201cSeguiremos com diversas dilig\u00eancias investigativas para esclarecer as circunst\u00e2ncias e a motiva\u00e7\u00e3o do crime, bem como a poss\u00edvel participa\u00e7\u00e3o de outros envolvidos\u201d, comentou.<\/p>\n\n\n\n<p>As a\u00e7\u00f5es foram realizadas em parceria com a 4\u00aa Coorpin de Santo Ant\u00f4nio de Jesus, da Coordena\u00e7\u00e3o de Apoio T\u00e9cnico \u00e0 Investiga\u00e7\u00e3o (Cati\/Depin), do Grupo de Atua\u00e7\u00e3o Especial de Repress\u00e3o ao Crime Organizado (Gaeco\/Norte), do Minist\u00e9rio P\u00fablico da Bahia, da Corregedoria e do 6\u00b0 Batalh\u00e3o de Pol\u00edcia Militar (BPM), da Companhia Independente de Policiamento Especializado (Cipe-Caatinga).<\/p>\n\n\n\n<figure class=\"wp-block-embed is-type-video is-provider-youtube wp-block-embed-youtube wp-embed-aspect-16-9 wp-has-aspect-ratio\"><div class=\"wp-block-embed__wrapper\">\n<iframe title=\"OPERA\u00c7\u00c3O  EM QUEIMADAS  PRENDE ACUSADO DE HOMIC\u00cdDIO\" width=\"800\" height=\"450\" data-src=\"https:\/\/www.youtube.com\/embed\/EWEv6brXguU?feature=oembed\" frameborder=\"0\" allow=\"accelerometer; autoplay; clipboard-write; encrypted-media; gyroscope; picture-in-picture; web-share\" allowfullscreen src=\"data:image\/gif;base64,R0lGODlhAQABAAAAACH5BAEKAAEALAAAAAABAAEAAAICTAEAOw==\" class=\"lazyload\" data-load-mode=\"1\"><\/iframe>\n<\/div><\/figure>\n\n\n\n<p><\/p>\n\n\n\n<p>Ascom-PC \/ Tony Silva<\/p>\n","protected":false},"excerpt":{"rendered":"<p>A v\u00edtima foi morta a tiros na zona rural do munic\u00edpio, em julho deste ano. Equipes do Depin, com o apoio do Gaeco\/Norte e da Pol\u00edcia Militar, realizaram as a\u00e7\u00f5es A Pol\u00edcia Civil da Bahia realizou uma a\u00e7\u00e3o entre coordenadorias do Departamento de Pol\u00edcia do Interior (Depin), na manh\u00e3 desta quarta-feira (6), no munic\u00edpio de [&hellip;]<\/p>\n","protected":false},"author":2,"featured_media":173,"comment_status":"open","ping_status":"open","sticky":false,"template":"","format":"standard","meta":{"_jetpack_memberships_contains_paid_content":false,"footnotes":""},"categories":[13],"tags":[],"class_list":["post-171","post","type-post","status-publish","format-standard","has-post-thumbnail","hentry","category-policial"],"aioseo_notices":[],"jetpack_featured_media_url":"https:\/\/i0.wp.com\/minutobahia24h.com.br\/wp-content\/uploads\/2023\/09\/IMG-20230906-WA0721-1140x640-1.jpg?fit=1140%2C640&ssl=1","jetpack_sharing_enabled":true,"_links":{"self":[{"href":"https:\/\/minutobahia24h.com.br\/index.php?rest_route=\/wp\/v2\/posts\/171","targetHints":{"allow":["GET"]}}],"collection":[{"href":"https:\/\/minutobahia24h.com.br\/index.php?rest_route=\/wp\/v2\/posts"}],"about":[{"href":"https:\/\/minutobahia24h.com.br\/index.php?rest_route=\/wp\/v2\/types\/post"}],"author":[{"embeddable":true,"href":"https:\/\/minutobahia24h.com.br\/index.php?rest_route=\/wp\/v2\/users\/2"}],"replies":[{"embeddable":true,"href":"https:\/\/minutobahia24h.com.br\/index.php?rest_route=%2Fwp%2Fv2%2Fcomments&post=171"}],"version-history":[{"count":1,"href":"https:\/\/minutobahia24h.com.br\/index.php?rest_route=\/wp\/v2\/posts\/171\/revisions"}],"predecessor-version":[{"id":174,"href":"https:\/\/minutobahia24h.com.br\/index.php?rest_route=\/wp\/v2\/posts\/171\/revisions\/174"}],"wp:featuredmedia":[{"embeddable":true,"href":"https:\/\/minutobahia24h.com.br\/index.php?rest_route=\/wp\/v2\/media\/173"}],"wp:attachment":[{"href":"https:\/\/minutobahia24h.com.br\/index.php?rest_route=%2Fwp%2Fv2%2Fmedia&parent=171"}],"wp:term":[{"taxonomy":"category","embeddable":true,"href":"https:\/\/minutobahia24h.com.br\/index.php?rest_route=%2Fwp%2Fv2%2Fcategories&post=171"},{"taxonomy":"post_tag","embeddable":true,"href":"https:\/\/minutobahia24h.com.br\/index.php?rest_route=%2Fwp%2Fv2%2Ftags&post=171"}],"curies":[{"name":"wp","href":"https:\/\/api.w.org\/{rel}","templated":true}]}}