{"id":17095,"date":"2024-09-19T07:36:28","date_gmt":"2024-09-19T10:36:28","guid":{"rendered":"https:\/\/minutobahia24h.com.br\/?p=17095"},"modified":"2024-09-19T07:36:29","modified_gmt":"2024-09-19T10:36:29","slug":"governo-da-bahia-avalia-comprar-passagens-aereas-de-companhias-para-incentivar-aviacao-regional","status":"publish","type":"post","link":"https:\/\/minutobahia24h.com.br\/?p=17095","title":{"rendered":"Governo da Bahia avalia comprar passagens a\u00e9reas de companhias para incentivar avia\u00e7\u00e3o regional"},"content":{"rendered":"<div class=\"wp-block-image\">\n<figure class=\"aligncenter size-large\"><img data-recalc-dims=\"1\" fetchpriority=\"high\" decoding=\"async\" width=\"800\" height=\"420\" src=\"https:\/\/i0.wp.com\/minutobahia24h.com.br\/wp-content\/uploads\/2024\/09\/Sem-titulo-186-1024x538.jpg?resize=800%2C420&#038;ssl=1\" alt=\"\" class=\"wp-image-17096\" srcset=\"https:\/\/i0.wp.com\/minutobahia24h.com.br\/wp-content\/uploads\/2024\/09\/Sem-titulo-186.jpg?resize=1024%2C538&amp;ssl=1 1024w, https:\/\/i0.wp.com\/minutobahia24h.com.br\/wp-content\/uploads\/2024\/09\/Sem-titulo-186.jpg?resize=300%2C158&amp;ssl=1 300w, https:\/\/i0.wp.com\/minutobahia24h.com.br\/wp-content\/uploads\/2024\/09\/Sem-titulo-186.jpg?resize=768%2C403&amp;ssl=1 768w, https:\/\/i0.wp.com\/minutobahia24h.com.br\/wp-content\/uploads\/2024\/09\/Sem-titulo-186.jpg?resize=750%2C394&amp;ssl=1 750w, https:\/\/i0.wp.com\/minutobahia24h.com.br\/wp-content\/uploads\/2024\/09\/Sem-titulo-186.jpg?resize=1140%2C599&amp;ssl=1 1140w, https:\/\/i0.wp.com\/minutobahia24h.com.br\/wp-content\/uploads\/2024\/09\/Sem-titulo-186.jpg?w=1200&amp;ssl=1 1200w\" sizes=\"(max-width: 800px) 100vw, 800px\" \/><figcaption class=\"wp-element-caption\">Foto: Will Recarey \/ Divulga\u00e7\u00e3o Salvador Bahia Airport<br><\/figcaption><\/figure>\n<\/div>\n\n\n<p>Apesar de recentemente ter conquistado importantes voos internacionais, como a liga\u00e7\u00e3o entre Salvador-Paris (Fran\u00e7a) e Salvador-Vars\u00f3via (Pol\u00f4nia), a avia\u00e7\u00e3o regional da Bahia ainda vem sofrendo com alguns \u201cgargalos\u201d. Companhias a\u00e9reas t\u00eam deixado de ofertar voos pelo estado alegando que o percurso \u201cn\u00e3o compensa financeiramente\u201d, mesmo com os incentivos de diminui\u00e7\u00e3o de impostos sobre os combust\u00edveis da avia\u00e7\u00e3o.<\/p>\n\n\n\n<p>De acordo com informa\u00e7\u00f5es obtidas pelo Bahia Not\u00edcias com interlocutores da Secretaria de Turismo da Bahia (Setur), a pasta para entregar ao governador Jer\u00f4nimo Rodrigues (PT) um novo estudo para retomar os voos internos. A solu\u00e7\u00e3o n\u00e3o seria diminuir ainda mais a incid\u00eancia de impostos, mas sim, o pr\u00f3prio Estado realizar a compra de passagens.<\/p>\n\n\n\n<p>A fonte indicou que a gest\u00e3o estadual poderia aproveitar as passagens compradas para realizar o envio de servidores ao redor da Bahia. Segundo a fonte, Jer\u00f4nimo deve receber o estudo ainda nesta semana para indicar os futuros procedimentos adotados pela secretaria.<\/p>\n\n\n\n<p>\u201cEstamos vendo de comprar as passagens, podemos aproveitar para enviar alguns servidores. Acredito que compense mais\u201d, indicou a fonte.<\/p>\n\n\n\n<p>Segundo o interlocutor, atualmente, o governo deixa de arrecadar cerca de R$ 4 milh\u00f5es mensais com a redu\u00e7\u00e3o do ICMS sobre o querosene de avia\u00e7\u00e3o (QAV) para 3,8%. A taxa nacional \u00e9 na casa dos 20%.Segundo ele, a alternativa de comprar as passagens para atrair mais voos internos, inclusive, seria \u201cmais barato\u201d do que zerar o imposto que incide nos combust\u00edveis.<\/p>\n\n\n\n<p>Em abril, a Latam suspendeu os voos entre Salvador e diversos munic\u00edpios do interior, como Len\u00e7\u00f3is, Teixeira de Freitas, Paulo Afonso, Barreiras, Vit\u00f3ria da Conquista e Guanambi. Na \u00e9poca, a companhia a\u00e9rea alegou justamente entraves financeiros para a manuten\u00e7\u00e3o dos trajetos.<\/p>\n\n\n\n<p>Durante entrevista ao Bahia Not\u00edcias no Ar, programa da r\u00e1dio Antena 1, 100.1, na \u00faltima sexta-feira (18), o titular da Setur, Maur\u00edcio Bacelar, explicou sobre as dificuldades em rela\u00e7\u00e3o aos incentivos fiscais \u00e0s companhias a\u00e9reas do estado. Segundo o secret\u00e1rio, os entraves tamb\u00e9m possuem influ\u00eancia na crise dentro do pr\u00f3prio setor.<\/p>\n\n\n\n<p>\u201c2021 quem fazia os voos regionais era a Azul, 2022 foi a Gol, em 2023 era a Latam. Todas disseram que o est\u00edmulo financeiro que o governo d\u00e1 no ICMS \u00e9 insuficiente para cobrir o custo destes voos. N\u00f3s somos limitados pelo Conselho Nacional de Pol\u00edtica Fazend\u00e1ria. Para a gente aprovar um est\u00edmulo fiscal, ele precisa ser aprovado por todos os estados, em unanimidade. Basta que um estado vete para que ele n\u00e3o seja aprovado\u201d, explicou Bacelar.<\/p>\n\n\n\n<p>\u201c\u00c9 a crise que as companhias a\u00e9reas t\u00eam. Elas t\u00eam dificuldades em aeronaves. Elas t\u00eam dificuldades em pe\u00e7as de reposi\u00e7\u00e3o, e isso nos colocou nessa situa\u00e7\u00e3o dif\u00edcil\u201d, completou.<\/p>\n\n\n\n<p>BN<\/p>\n","protected":false},"excerpt":{"rendered":"<p>Apesar de recentemente ter conquistado importantes voos internacionais, como a liga\u00e7\u00e3o entre Salvador-Paris (Fran\u00e7a) e Salvador-Vars\u00f3via (Pol\u00f4nia), a avia\u00e7\u00e3o regional da Bahia ainda vem sofrendo com alguns \u201cgargalos\u201d. Companhias a\u00e9reas t\u00eam deixado de ofertar voos pelo estado alegando que o percurso \u201cn\u00e3o compensa financeiramente\u201d, mesmo com os incentivos de diminui\u00e7\u00e3o de impostos sobre os combust\u00edveis [&hellip;]<\/p>\n","protected":false},"author":2,"featured_media":17096,"comment_status":"open","ping_status":"open","sticky":false,"template":"","format":"standard","meta":{"_jetpack_memberships_contains_paid_content":false,"footnotes":""},"categories":[46],"tags":[],"class_list":["post-17095","post","type-post","status-publish","format-standard","has-post-thumbnail","hentry","category-noticia"],"aioseo_notices":[],"jetpack_featured_media_url":"https:\/\/i0.wp.com\/minutobahia24h.com.br\/wp-content\/uploads\/2024\/09\/Sem-titulo-186.jpg?fit=1200%2C630&ssl=1","jetpack_sharing_enabled":true,"_links":{"self":[{"href":"https:\/\/minutobahia24h.com.br\/index.php?rest_route=\/wp\/v2\/posts\/17095","targetHints":{"allow":["GET"]}}],"collection":[{"href":"https:\/\/minutobahia24h.com.br\/index.php?rest_route=\/wp\/v2\/posts"}],"about":[{"href":"https:\/\/minutobahia24h.com.br\/index.php?rest_route=\/wp\/v2\/types\/post"}],"author":[{"embeddable":true,"href":"https:\/\/minutobahia24h.com.br\/index.php?rest_route=\/wp\/v2\/users\/2"}],"replies":[{"embeddable":true,"href":"https:\/\/minutobahia24h.com.br\/index.php?rest_route=%2Fwp%2Fv2%2Fcomments&post=17095"}],"version-history":[{"count":1,"href":"https:\/\/minutobahia24h.com.br\/index.php?rest_route=\/wp\/v2\/posts\/17095\/revisions"}],"predecessor-version":[{"id":17097,"href":"https:\/\/minutobahia24h.com.br\/index.php?rest_route=\/wp\/v2\/posts\/17095\/revisions\/17097"}],"wp:featuredmedia":[{"embeddable":true,"href":"https:\/\/minutobahia24h.com.br\/index.php?rest_route=\/wp\/v2\/media\/17096"}],"wp:attachment":[{"href":"https:\/\/minutobahia24h.com.br\/index.php?rest_route=%2Fwp%2Fv2%2Fmedia&parent=17095"}],"wp:term":[{"taxonomy":"category","embeddable":true,"href":"https:\/\/minutobahia24h.com.br\/index.php?rest_route=%2Fwp%2Fv2%2Fcategories&post=17095"},{"taxonomy":"post_tag","embeddable":true,"href":"https:\/\/minutobahia24h.com.br\/index.php?rest_route=%2Fwp%2Fv2%2Ftags&post=17095"}],"curies":[{"name":"wp","href":"https:\/\/api.w.org\/{rel}","templated":true}]}}