{"id":17065,"date":"2024-09-18T07:36:40","date_gmt":"2024-09-18T10:36:40","guid":{"rendered":"https:\/\/minutobahia24h.com.br\/?p=17065"},"modified":"2024-09-18T07:36:41","modified_gmt":"2024-09-18T10:36:41","slug":"banco-central-deve-promover-nesta-quarta-1o-aumento-de-juros-do-terceiro-mandato-de-lula","status":"publish","type":"post","link":"https:\/\/minutobahia24h.com.br\/?p=17065","title":{"rendered":"Banco Central deve promover nesta quarta 1\u00ba aumento de juros do terceiro mandato de Lula"},"content":{"rendered":"<div class=\"wp-block-image\">\n<figure class=\"aligncenter size-full\"><img data-recalc-dims=\"1\" fetchpriority=\"high\" decoding=\"async\" width=\"800\" height=\"450\" src=\"https:\/\/i0.wp.com\/minutobahia24h.com.br\/wp-content\/uploads\/2024\/09\/Sem-titulo-179.jpg?resize=800%2C450&#038;ssl=1\" alt=\"\" class=\"wp-image-17066\" srcset=\"https:\/\/i0.wp.com\/minutobahia24h.com.br\/wp-content\/uploads\/2024\/09\/Sem-titulo-179.jpg?w=984&amp;ssl=1 984w, https:\/\/i0.wp.com\/minutobahia24h.com.br\/wp-content\/uploads\/2024\/09\/Sem-titulo-179.jpg?resize=300%2C169&amp;ssl=1 300w, https:\/\/i0.wp.com\/minutobahia24h.com.br\/wp-content\/uploads\/2024\/09\/Sem-titulo-179.jpg?resize=768%2C432&amp;ssl=1 768w, https:\/\/i0.wp.com\/minutobahia24h.com.br\/wp-content\/uploads\/2024\/09\/Sem-titulo-179.jpg?resize=750%2C422&amp;ssl=1 750w\" sizes=\"(max-width: 800px) 100vw, 800px\" \/><figcaption class=\"wp-element-caption\">Banco Central deve promover alta de juros nesta quarta, aposta mercado financeiro \u2014 Foto: GloboNews<br><br><\/figcaption><\/figure>\n<\/div>\n\n\n<p>O Comit\u00ea de Pol\u00edtica Monet\u00e1ria (Copom) do Banco Central deve promover nesta quarta-feira (18) seu primeiro aumento de juros desde agosto de 2022. Se confirmada a proje\u00e7\u00e3o do mercado financeiro, essa ser\u00e1 tamb\u00e9m\u00a0<strong>a primeira alta do terceiro mandato do presidente\u00a0<\/strong><a class=\"\" href=\"https:\/\/g1.globo.com\/tudo-sobre\/luiz-inacio-lula-da-silva\/\"><strong>Luiz In\u00e1cio Lula da Silva<\/strong><\/a><strong>.<\/strong> Atualmente,\u00a0<a class=\"\" href=\"https:\/\/g1.globo.com\/economia\/noticia\/2024\/07\/31\/copom-mantem-selic-em-1050percent-ao-ano-em-decisao-ja-esperada-pelo-mercado.ghtml\">ap\u00f3s uma sucess\u00e3o de cortes e duas manuten\u00e7\u00f5es seguidas, a taxa b\u00e1sica da economia est\u00e1 em 10,50% ao ano.<\/a><\/p>\n\n\n\n<p class=\"has-text-align-justify\">A\u00a0<a class=\"\" href=\"https:\/\/g1.globo.com\/economia\/noticia\/2024\/09\/09\/boletim-focus-mercado-financeiro-passa-a-prever-alta-dos-juros-na-semana-que-vem.ghtml\">expectativa do mercado \u00e9 de que o juro subir\u00e1 para 10,75% ao ano<\/a>\u00a0nesta quarta-feira.\u00a0O an\u00fancio acontecer\u00e1 ap\u00f3s as 18h. E de que a taxa\u00a0continue subindo at\u00e9 atingir 11,50% ao ano em janeiro \u2014 com um crescimento de 1 ponto percentual ao todo.<\/p>\n\n\n\n<p class=\"has-text-align-justify\"><strong>Os analistas tamb\u00e9m estimam que, a partir de julho do ano que vem, a taxa come\u00e7ar\u00e1 a recuar,&nbsp;<\/strong><strong>terminando 2025 em 10,50% ao ano.<\/strong><\/p>\n\n\n\n<h2 class=\"wp-block-heading\">Cr\u00edticas do setor produtivo<\/h2>\n\n\n\n<p>O in\u00edcio do ciclo de alta dos juros, se confirmado, acontecer\u00e1 em meio a fortes cr\u00edticas do setor produtivo da economia.<\/p>\n\n\n\n<ul class=\"wp-block-list\">\n<li>Para o\u00a0<strong>presidente da Confedera\u00e7\u00e3o Nacional da Ind\u00fastria (CNI), Ricardo Alban<\/strong>, &#8220;n\u00e3o h\u00e1 mais espa\u00e7o para novos aumentos da Selic. &#8220;Com os sinais de desacelera\u00e7\u00e3o da infla\u00e7\u00e3o e o cen\u00e1rio global de cortes nas taxas de juros, o Brasil deve aproveitar o momento para reduzir a Selic. A manuten\u00e7\u00e3o de uma pol\u00edtica monet\u00e1ria t\u00e3o conservadora coloca o pa\u00eds em uma posi\u00e7\u00e3o desfavor\u00e1vel na competitividade global e penaliza o crescimento econ\u00f4mico\u201d, afirmou.<\/li>\n\n\n\n<li>Por meio de nota, a\u00a0<strong>C\u00e2mara Brasileira da Ind\u00fastria da Constru\u00e7\u00e3o (CBIC)<\/strong>\u00a0avaliou que o aumento da taxa Selic pode prejudicar o ciclo de novos investimentos que vem sendo observado na constru\u00e7\u00e3o, impondo ao empreendedor uma cautela maior na tomada de decis\u00f5es, o que corresponde a um adiamento ou at\u00e9 mesmo o cancelamento de novos investimentos. &#8220;Esse movimento ter\u00e1 impacto na economia, na medida em que poder\u00e1 reduzir a gera\u00e7\u00e3o de novos empregos&#8221;, acrescentou.<\/li>\n\n\n\n<li>A\u00a0<strong>Associa\u00e7\u00e3o Brasileira da Ind\u00fastria T\u00eaxtil e de Confec\u00e7\u00e3o (Abit)<\/strong>\u00a0manifestou posi\u00e7\u00e3o contr\u00e1ria a qualquer aumento da Selic neste momento. &#8220;O Brasil tem hoje um dos juros reais mais altos do mundo. Esse fator \u00e9 extremamente nocivo para a ind\u00fastria, todos os setores produtivos e a economia como um todo, pois dificulta o aumento dos investimentos, impede o crescimento sustentado e sustent\u00e1vel do Pa\u00eds e reduz a competitividade das empresas nacionais no cen\u00e1rio global&#8221;, concluiu.<\/li>\n\n\n\n<li>A\u00a0<strong>Confedera\u00e7\u00e3o Nacional do Com\u00e9rcio de Bens, Servi\u00e7os e Turismo (CNC)<\/strong>\u00a0avalia que a press\u00e3o inflacion\u00e1ria e a deteriora\u00e7\u00e3o do quadro macroecon\u00f4mico s\u00e3o em grande parte consequ\u00eancias do desequil\u00edbrio das contas p\u00fablicas, e que v\u00ea o ciclo de alta dos juros, previsto para os pr\u00f3ximos meses, com preocupa\u00e7\u00e3o. &#8220;Embora reconhe\u00e7amos que o Banco Central atua de maneira correta, dada a deteriora\u00e7\u00e3o do quadro fiscal e as press\u00f5es inflacion\u00e1rias, o aumento da taxa de juros encarece o custo de capital para as empresas, os financiamentos e o cr\u00e9dito ao consumidor. Esse movimento tem um efeito negativo sobre a atividade econ\u00f4mica, em especial nos setores do com\u00e9rcio e do turismo, com destaque para o varejo brasileiro&#8221;, concluiu.<\/li>\n<\/ul>\n\n\n\n<h2 class=\"wp-block-heading\">Indica\u00e7\u00e3o de novo presidente<\/h2>\n\n\n\n<p>O aumento de juros projetado pelo mercado financeiro acontece ap\u00f3s a&nbsp;<a class=\"\" href=\"https:\/\/g1.globo.com\/economia\/noticia\/2024\/08\/28\/conheca-gabriel-galipolo-indicado-de-lula-para-presidir-o-banco-central.ghtml\">indica\u00e7\u00e3o do economista Gabriel Gal\u00edpolo<\/a>, atualmente diretor de Pol\u00edtica Monet\u00e1ria da institui\u00e7\u00e3o, para o comando do BC a partir de 2025.&nbsp;<strong>Ele ainda ter\u00e1 de ser sabatinado e aprovado pelo Senado para poder tomar posse.<\/strong><\/p>\n\n\n\n<p>Lula&nbsp;<a class=\"\" href=\"https:\/\/g1.globo.com\/economia\/noticia\/2024\/07\/31\/ranking-juros-reais.ghtml\">desaprova o patamar alto dos juros reais brasileiros na compara\u00e7\u00e3o com o resto do mundo<\/a>, alegando que eles freiam o crescimento da economia.<\/p>\n\n\n\n<p>O presidente j\u00e1 fez v\u00e1rias cr\u00edticas ao atual presidente do BC, Roberto Campos Neto, indicado por Bolsonaro, que fica at\u00e9 o fim deste ano no cargo.<\/p>\n\n\n\n<p>Com a&nbsp;<a class=\"\" href=\"https:\/\/g1.globo.com\/politica\/noticia\/2021\/02\/24\/bolsonaro-sanciona-lei-que-estabelece-a-autonomia-do-banco-central-veja-detalhes.ghtml\">autonomia da institui\u00e7\u00e3o aprovada<\/a>, os&nbsp;<strong>diretores e presidente do BC t\u00eam mandato fixo<\/strong>. Deste modo, n\u00e3o podem mais ser demitidos pelo presidente da Rep\u00fablica.<\/p>\n\n\n\n<blockquote class=\"wp-block-quote is-layout-flow wp-block-quote-is-layout-flow\">\n<p>&#8220;Um presidente do Banco Central [Campos Neto] que n\u00e3o demonstra nenhuma capacidade de autonomia, que tem lado pol\u00edtico e que, na minha opini\u00e3o, trabalha muito mais para prejudicar o pa\u00eds do que para ajudar o pa\u00eds. N\u00e3o tem explica\u00e7\u00e3o a taxa de juros do jeito que est\u00e1&#8221;, afirmou Lula em julho, ap\u00f3s os maiores bancos do pa\u00eds projetarem interrup\u00e7\u00e3o do processo de corte dos juros<\/p>\n<\/blockquote>\n\n\n\n<p class=\"has-text-align-justify\">Em agosto, por\u00e9m,\u00a0<strong>o presidente da Rep\u00fablica afirmou que n\u00e3o tem problema Gal\u00edpolo<\/strong>, indicado por ele posteriormente para a Presid\u00eancia do BC,\u00a0<strong>falar em aumento dos juros<\/strong>\u00a0\u2014\u00a0<strong>pois ele seria uma pessoa &#8220;competent\u00edssima&#8221;, um &#8220;brasileiro que gosta do Brasil&#8221;.<\/strong><\/p>\n\n\n\n<p class=\"has-text-align-justify\">Defla\u00e7\u00e3o em agosto e sistema de metas<\/p>\n\n\n\n<p>O mercado acredita que o BC deve subir os juros nesta semana apesar de a infla\u00e7\u00e3o oficial do pa\u00eds, medida pelo \u00cdndice Nacional de Pre\u00e7os ao Consumidor Amplo (IPCA),&nbsp;<a class=\"\" href=\"https:\/\/g1.globo.com\/economia\/noticia\/2024\/09\/10\/ipca-precos-cai-002percent-em-agosto.ghtml\">ter ca\u00eddo, ou seja, terem registrado uma defla\u00e7\u00e3o, de 0,02% em agosto.<\/a><\/p>\n\n\n\n<p><strong>Pelo sistema de metas, que serve de refer\u00eancia para a atua\u00e7\u00e3o do BC, entretanto, o Copom deve nivelar a taxa de juros para atingir as metas fixadas para os pr\u00f3ximos anos, e n\u00e3o tendo por base a infla\u00e7\u00e3o passada.<\/strong><\/p>\n\n\n\n<ul class=\"wp-block-list\">\n<li>A meta central de infla\u00e7\u00e3o \u00e9 de 3% neste ano, e ser\u00e1 considerada formalmente cumprida se o \u00edndice oscilar entre 1,5% e 4,5% neste ano.<\/li>\n\n\n\n<li>A partir de 2025, e a meta passou a ser cont\u00ednua em 3%, podendo oscilar entre 1,5% e 4,5% sem que seja descumprida (sempre considerando o cen\u00e1rio em 12 meses).<\/li>\n<\/ul>\n\n\n\n<p>As decis\u00f5es sobre a taxa de juros demoram de seis a 18 meses para terem impacto pleno na economia.&nbsp;<strong>Com isso, o BC j\u00e1 est\u00e1 mirando, neste momento, na infla\u00e7\u00e3o, no acumulado de doze meses, at\u00e9 mar\u00e7o de 2026.<\/strong><\/p>\n\n\n\n<p>E as&nbsp;<strong>proje\u00e7\u00f5es do BC e do mercado est\u00e3o, no jarg\u00e3o t\u00e9cnico, &#8220;desancoradas&#8221; das metas de infla\u00e7\u00e3o fixadas para o futuro, e subindo.<\/strong><\/p>\n\n\n\n<ul class=\"wp-block-list\">\n<li>Na semana passada,\u00a0<strong>os analistas dos bancos estimaram um IPCA de 4,35% para 2024, de 3,95% para 2025 e de 3,61% para 2026<\/strong>\u00a0\u2014 acima do objetivo central de 3%, mas dentro do limite de at\u00e9 4,5%.<\/li>\n\n\n\n<li>No fim de junho, o Banco Central projetou uma infla\u00e7\u00e3o de 4,2% para 2024, de 3,6% para 2025 e de 3,2% para 2026, tamb\u00e9m acima da meta central e dentro do intervalo de toler\u00e2ncia.<\/li>\n<\/ul>\n\n\n\n<blockquote class=\"wp-block-quote is-layout-flow wp-block-quote-is-layout-flow\">\n<p>&#8220;O Copom volta a se reunir em setembro ap\u00f3s semanas de intensa volatilidade e com fundamentos que justificam o in\u00edcio de um ciclo de alta de juros.&#8221;, informou o Ita\u00fa, em comunicado. A institui\u00e7\u00e3o projeta um aumento de 1,5 ponto percentual nos juros nos pr\u00f3ximos meses.<\/p>\n<\/blockquote>\n\n\n\n<p>Para o Ita\u00fa, os fatores que pressionam a infla\u00e7\u00e3o e justificam alta dos juros s\u00e3o:<\/p>\n\n\n\n<ol class=\"wp-block-list\">\n<li>o real seguiu pressionado, ou seja, o d\u00f3lar continuou alto, pr\u00f3ximo das m\u00e1ximas recentes;<\/li>\n\n\n\n<li>as cont\u00ednuas incertezas sobre os rumos das contas p\u00fablicas, com dificuldades do governo em equilibrar suas contas;<\/li>\n\n\n\n<li>os dados mais recentes de atividade indicam que a economia se encontra mais aquecida do que o BC esperava na \u00faltima reuni\u00e3o;<\/li>\n\n\n\n<li>as expectativas de infla\u00e7\u00e3o seguem desancoradas (acima das metas fixadas).<\/li>\n<\/ol>\n\n\n\n<p><a class=\"\" href=\"https:\/\/g1.globo.com\/economia\/noticia\/2023\/04\/27\/campos-neto-diz-que-banco-central-define-taxa-de-juros-de-forma-tecnica-e-avalia-que-inflacao-continua-alta.ghtml\">O BC defende que sua atua\u00e7\u00e3o \u00e9 t\u00e9cnica<\/a>, com o objetivo de conter o crescimento da infla\u00e7\u00e3o.<\/p>\n\n\n\n<p><strong>Para a institui\u00e7\u00e3o, a alta nos pre\u00e7os causa preju\u00edzos, principalmente, \u00e0 popula\u00e7\u00e3o mais pobre, abocanhando proporcionalmente uma parte maior de sua renda, al\u00e9m de desorganizar a economia e de prejudicar o planejamento das empresas.<\/strong><\/p>\n\n\n\n<p class=\"has-text-align-justify\">&#8220;O custo de combater a infla\u00e7\u00e3o \u00e9 muito alto para a sociedade, e tem impactos duros no curto prazo. Mas o custo de n\u00e3o combater \u00e9 muito mais alto e tem impactos muito mais nocivos a m\u00e9dio e longo prazo. Ent\u00e3o, nosso trabalho \u00e9 fazer essa converg\u00eancia [para as metas de infla\u00e7\u00e3o] com o m\u00ednimo custo poss\u00edvel [em termos de impacto na atividade]&#8221; , afirmou o presidente do BC, Roberto Campos Neto, no ano passado.<\/p>\n","protected":false},"excerpt":{"rendered":"<p>O Comit\u00ea de Pol\u00edtica Monet\u00e1ria (Copom) do Banco Central deve promover nesta quarta-feira (18) seu primeiro aumento de juros desde agosto de 2022. Se confirmada a proje\u00e7\u00e3o do mercado financeiro, essa ser\u00e1 tamb\u00e9m\u00a0a primeira alta do terceiro mandato do presidente\u00a0Luiz In\u00e1cio Lula da Silva. Atualmente,\u00a0ap\u00f3s uma sucess\u00e3o de cortes e duas manuten\u00e7\u00f5es seguidas, a taxa [&hellip;]<\/p>\n","protected":false},"author":2,"featured_media":17066,"comment_status":"open","ping_status":"open","sticky":false,"template":"","format":"standard","meta":{"_jetpack_memberships_contains_paid_content":false,"footnotes":""},"categories":[19],"tags":[],"class_list":["post-17065","post","type-post","status-publish","format-standard","has-post-thumbnail","hentry","category-economia"],"aioseo_notices":[],"jetpack_featured_media_url":"https:\/\/i0.wp.com\/minutobahia24h.com.br\/wp-content\/uploads\/2024\/09\/Sem-titulo-179.jpg?fit=984%2C554&ssl=1","jetpack_sharing_enabled":true,"_links":{"self":[{"href":"https:\/\/minutobahia24h.com.br\/index.php?rest_route=\/wp\/v2\/posts\/17065","targetHints":{"allow":["GET"]}}],"collection":[{"href":"https:\/\/minutobahia24h.com.br\/index.php?rest_route=\/wp\/v2\/posts"}],"about":[{"href":"https:\/\/minutobahia24h.com.br\/index.php?rest_route=\/wp\/v2\/types\/post"}],"author":[{"embeddable":true,"href":"https:\/\/minutobahia24h.com.br\/index.php?rest_route=\/wp\/v2\/users\/2"}],"replies":[{"embeddable":true,"href":"https:\/\/minutobahia24h.com.br\/index.php?rest_route=%2Fwp%2Fv2%2Fcomments&post=17065"}],"version-history":[{"count":1,"href":"https:\/\/minutobahia24h.com.br\/index.php?rest_route=\/wp\/v2\/posts\/17065\/revisions"}],"predecessor-version":[{"id":17067,"href":"https:\/\/minutobahia24h.com.br\/index.php?rest_route=\/wp\/v2\/posts\/17065\/revisions\/17067"}],"wp:featuredmedia":[{"embeddable":true,"href":"https:\/\/minutobahia24h.com.br\/index.php?rest_route=\/wp\/v2\/media\/17066"}],"wp:attachment":[{"href":"https:\/\/minutobahia24h.com.br\/index.php?rest_route=%2Fwp%2Fv2%2Fmedia&parent=17065"}],"wp:term":[{"taxonomy":"category","embeddable":true,"href":"https:\/\/minutobahia24h.com.br\/index.php?rest_route=%2Fwp%2Fv2%2Fcategories&post=17065"},{"taxonomy":"post_tag","embeddable":true,"href":"https:\/\/minutobahia24h.com.br\/index.php?rest_route=%2Fwp%2Fv2%2Ftags&post=17065"}],"curies":[{"name":"wp","href":"https:\/\/api.w.org\/{rel}","templated":true}]}}