{"id":17047,"date":"2024-09-18T07:20:02","date_gmt":"2024-09-18T10:20:02","guid":{"rendered":"https:\/\/minutobahia24h.com.br\/?p=17047"},"modified":"2024-09-18T07:20:04","modified_gmt":"2024-09-18T10:20:04","slug":"lula-diz-que-brasil-nao-estava-preparado-para-incendios-e-que-setores-querem-provocar-confusao","status":"publish","type":"post","link":"https:\/\/minutobahia24h.com.br\/?p=17047","title":{"rendered":"Lula diz que Brasil n\u00e3o estava preparado para inc\u00eandios e que &#8216;setores&#8217; querem provocar confus\u00e3o"},"content":{"rendered":"<div class=\"wp-block-image\">\n<figure class=\"aligncenter size-large\"><img data-recalc-dims=\"1\" fetchpriority=\"high\" decoding=\"async\" width=\"800\" height=\"420\" src=\"https:\/\/i0.wp.com\/minutobahia24h.com.br\/wp-content\/uploads\/2024\/09\/Sem-titulo-173-1024x538.jpg?resize=800%2C420&#038;ssl=1\" alt=\"\" class=\"wp-image-17048\" srcset=\"https:\/\/i0.wp.com\/minutobahia24h.com.br\/wp-content\/uploads\/2024\/09\/Sem-titulo-173.jpg?resize=1024%2C538&amp;ssl=1 1024w, https:\/\/i0.wp.com\/minutobahia24h.com.br\/wp-content\/uploads\/2024\/09\/Sem-titulo-173.jpg?resize=300%2C158&amp;ssl=1 300w, https:\/\/i0.wp.com\/minutobahia24h.com.br\/wp-content\/uploads\/2024\/09\/Sem-titulo-173.jpg?resize=768%2C403&amp;ssl=1 768w, https:\/\/i0.wp.com\/minutobahia24h.com.br\/wp-content\/uploads\/2024\/09\/Sem-titulo-173.jpg?resize=750%2C394&amp;ssl=1 750w, https:\/\/i0.wp.com\/minutobahia24h.com.br\/wp-content\/uploads\/2024\/09\/Sem-titulo-173.jpg?resize=1140%2C599&amp;ssl=1 1140w, https:\/\/i0.wp.com\/minutobahia24h.com.br\/wp-content\/uploads\/2024\/09\/Sem-titulo-173.jpg?w=1200&amp;ssl=1 1200w\" sizes=\"(max-width: 800px) 100vw, 800px\" \/><figcaption class=\"wp-element-caption\">Foto: Marcelo Camargo \/ EBC<br><\/figcaption><\/figure>\n<\/div>\n\n\n<p>O presidente Lula (PT) afirmou nesta ter\u00e7a-feira (17) que o Brasil n\u00e3o estava preparado para enfrentar as queimadas que atingem diferentes regi\u00f5es do pa\u00eds. O petista ainda sugeriu que os focos de inc\u00eandio podem ser decorrentes de a\u00e7\u00f5es orquestradas. Disse sentir um &#8220;oportunismo&#8221; de alguns setores que tentam criar confus\u00e3o nesse pa\u00eds. Lula, no entanto, n\u00e3o descreveu quais seriam os setores.<\/p>\n\n\n\n<p>&#8220;O dado concreto \u00e9 que a mim parece muita anormalidade. Algumas coisas s\u00e3o as de sempre, corriqueira, que pega fogo. A seca \u00e9 a maior dos \u00faltimos tempos, o calor tamb\u00e9m e est\u00e1 no mundo inteiro&#8221;, declarou o presidente.<br>&nbsp;<\/p>\n\n\n\n<p>&#8220;Mas algo me cheira de oportunismo tamb\u00e9m, sabe, de alguns setores, tentando criar confus\u00e3o nesse pa\u00eds. O que queremos \u00e9 autoriza\u00e7\u00e3o para fazer as investiga\u00e7\u00f5es, cumprir inqu\u00e9ritos, investigar, interrogar porque, sinceramente, se as pessoas estiverem cometendo esse tipo de crime a lei tem que ser exercida na sua plenitude&#8221;, completou.<\/p>\n\n\n\n<p>Lula reuniu chefes de outros Poderes e outras autoridades em uma reuni\u00e3o no Pal\u00e1cio do Planalto, para discutir um pacote de medidas contras as queimadas e inc\u00eandios florestais. Participam os presidentes do STF (Supremo Tribunal Federal, Lu\u00eds Roberto Barroso; da C\u00e2mara dos Deputado, Arthur Lira (PP-AL); e do Senado, Rodrigo Pacheco (PSD-MG).\u00a0<\/p>\n\n\n\n<p>Tamb\u00e9m participam da reuni\u00e3o o procurador-geral da Rep\u00fablica, Paulo Gonet; o presidente do STJ (Superior Tribunal de Justi\u00e7a), ministro Herman Benjamin; e o vice-presidente do TCU (Tribunal de Contas da Uni\u00e3o), ministro Vital do R\u00eago Filho; al\u00e9m de ministros do governo Lula.<\/p>\n\n\n\n<p>O governo federal pretende apresentar depois da reuni\u00e3o um pacote de medidas para enfrentar os inc\u00eandios que atingem diferentes regi\u00f5es do pa\u00eds, destruindo vegeta\u00e7\u00e3o nativa e despejando fuma\u00e7as das queimadas nas cidades. A cat\u00e1strofe clim\u00e1tica tamb\u00e9m provoca uma severa seca na regi\u00e3o Norte do Brasil, deixando rios inaveg\u00e1veis e amea\u00e7ando o abastecimento de algumas cidades.<\/p>\n\n\n\n<p>No \u00faltimo fim de semana, um inc\u00eandio destruiu parte do Parque Nacional de Bras\u00edlia. A capital federal amanheceu nesta segunda-feira (16) coberta pela fuma\u00e7a das queimadas. \u00a0<\/p>\n\n\n\n<p>Ainda no domingo (15), Lula e a primeira-dama Janja sobrevoaram a \u00e1rea consumida pelo fogo no Parque Nacional de Bras\u00edlia. A crise clim\u00e1tica e o alastramento dos inc\u00eandios por diversas regi\u00f5es do pa\u00eds v\u00eam dando muni\u00e7\u00e3o para a oposi\u00e7\u00e3o, em particular a ala ligada ao ex-presidente Jair Bolsonaro (PL). O argumento \u00e9 de que o antecessor foi duramente criticado em 2020 por causa dos inc\u00eandios que destru\u00edram parte do pantanal, mas agora o preju\u00edzo ambiental se mostra ainda maior.<\/p>\n\n\n\n<p>BN<\/p>\n","protected":false},"excerpt":{"rendered":"<p>O presidente Lula (PT) afirmou nesta ter\u00e7a-feira (17) que o Brasil n\u00e3o estava preparado para enfrentar as queimadas que atingem diferentes regi\u00f5es do pa\u00eds. O petista ainda sugeriu que os focos de inc\u00eandio podem ser decorrentes de a\u00e7\u00f5es orquestradas. Disse sentir um &#8220;oportunismo&#8221; de alguns setores que tentam criar confus\u00e3o nesse pa\u00eds. Lula, no entanto, [&hellip;]<\/p>\n","protected":false},"author":2,"featured_media":17048,"comment_status":"open","ping_status":"open","sticky":false,"template":"","format":"standard","meta":{"_jetpack_memberships_contains_paid_content":false,"footnotes":""},"categories":[39],"tags":[],"class_list":["post-17047","post","type-post","status-publish","format-standard","has-post-thumbnail","hentry","category-politica"],"aioseo_notices":[],"jetpack_featured_media_url":"https:\/\/i0.wp.com\/minutobahia24h.com.br\/wp-content\/uploads\/2024\/09\/Sem-titulo-173.jpg?fit=1200%2C630&ssl=1","jetpack_sharing_enabled":true,"_links":{"self":[{"href":"https:\/\/minutobahia24h.com.br\/index.php?rest_route=\/wp\/v2\/posts\/17047","targetHints":{"allow":["GET"]}}],"collection":[{"href":"https:\/\/minutobahia24h.com.br\/index.php?rest_route=\/wp\/v2\/posts"}],"about":[{"href":"https:\/\/minutobahia24h.com.br\/index.php?rest_route=\/wp\/v2\/types\/post"}],"author":[{"embeddable":true,"href":"https:\/\/minutobahia24h.com.br\/index.php?rest_route=\/wp\/v2\/users\/2"}],"replies":[{"embeddable":true,"href":"https:\/\/minutobahia24h.com.br\/index.php?rest_route=%2Fwp%2Fv2%2Fcomments&post=17047"}],"version-history":[{"count":1,"href":"https:\/\/minutobahia24h.com.br\/index.php?rest_route=\/wp\/v2\/posts\/17047\/revisions"}],"predecessor-version":[{"id":17049,"href":"https:\/\/minutobahia24h.com.br\/index.php?rest_route=\/wp\/v2\/posts\/17047\/revisions\/17049"}],"wp:featuredmedia":[{"embeddable":true,"href":"https:\/\/minutobahia24h.com.br\/index.php?rest_route=\/wp\/v2\/media\/17048"}],"wp:attachment":[{"href":"https:\/\/minutobahia24h.com.br\/index.php?rest_route=%2Fwp%2Fv2%2Fmedia&parent=17047"}],"wp:term":[{"taxonomy":"category","embeddable":true,"href":"https:\/\/minutobahia24h.com.br\/index.php?rest_route=%2Fwp%2Fv2%2Fcategories&post=17047"},{"taxonomy":"post_tag","embeddable":true,"href":"https:\/\/minutobahia24h.com.br\/index.php?rest_route=%2Fwp%2Fv2%2Ftags&post=17047"}],"curies":[{"name":"wp","href":"https:\/\/api.w.org\/{rel}","templated":true}]}}