{"id":16950,"date":"2024-09-16T06:57:30","date_gmt":"2024-09-16T09:57:30","guid":{"rendered":"https:\/\/minutobahia24h.com.br\/?p=16950"},"modified":"2024-09-16T06:57:33","modified_gmt":"2024-09-16T09:57:33","slug":"video-datena-acerta-cadeirada-em-pablo-marcal-durante-debate-para-prefeitura-de-sp","status":"publish","type":"post","link":"https:\/\/minutobahia24h.com.br\/?p=16950","title":{"rendered":"V\u00cdDEO: Datena acerta cadeirada em Pablo Mar\u00e7al durante debate para prefeitura de SP"},"content":{"rendered":"<div class=\"wp-block-image\">\n<figure class=\"aligncenter size-large\"><img data-recalc-dims=\"1\" fetchpriority=\"high\" decoding=\"async\" width=\"800\" height=\"420\" src=\"https:\/\/i0.wp.com\/minutobahia24h.com.br\/wp-content\/uploads\/2024\/09\/Sem-titulo-146-1024x538.jpg?resize=800%2C420&#038;ssl=1\" alt=\"\" class=\"wp-image-16952\" srcset=\"https:\/\/i0.wp.com\/minutobahia24h.com.br\/wp-content\/uploads\/2024\/09\/Sem-titulo-146.jpg?resize=1024%2C538&amp;ssl=1 1024w, https:\/\/i0.wp.com\/minutobahia24h.com.br\/wp-content\/uploads\/2024\/09\/Sem-titulo-146.jpg?resize=300%2C158&amp;ssl=1 300w, https:\/\/i0.wp.com\/minutobahia24h.com.br\/wp-content\/uploads\/2024\/09\/Sem-titulo-146.jpg?resize=768%2C403&amp;ssl=1 768w, https:\/\/i0.wp.com\/minutobahia24h.com.br\/wp-content\/uploads\/2024\/09\/Sem-titulo-146.jpg?resize=750%2C394&amp;ssl=1 750w, https:\/\/i0.wp.com\/minutobahia24h.com.br\/wp-content\/uploads\/2024\/09\/Sem-titulo-146.jpg?resize=1140%2C599&amp;ssl=1 1140w, https:\/\/i0.wp.com\/minutobahia24h.com.br\/wp-content\/uploads\/2024\/09\/Sem-titulo-146.jpg?w=1200&amp;ssl=1 1200w\" sizes=\"(max-width: 800px) 100vw, 800px\" \/><figcaption class=\"wp-element-caption\">Foto: Reprodu\u00e7\u00e3o \/ Cultura<br><\/figcaption><\/figure>\n<\/div>\n\n\n<p>Cenas lament\u00e1veis na corrida eleitoral de S\u00e3o Paulo. Na noite deste domingo (15), durante o debate da TV Cultura para a prefeitura, o candidato Jos\u00e9 Luiz Datena (PSDB) deu uma cadeirada em Pablo Mar\u00e7al (PRTB). Logo ap\u00f3s Pablo dizer que Datena &#8220;n\u00e3o \u00e9 homem&#8221; para agredi-lo, os \u00e2nimos se exaltaram e o apresentador precisou chamar um intervalo comercial. Ap\u00f3s o ato, o comunicador foi expulso do debate, enquanto Pablo Mar\u00e7al preferiu n\u00e3o seguir na discuss\u00e3o com os demais candidatos.\u00a0<\/p>\n\n\n\n<p>A busca pelo cargo m\u00e1ximo da capital paulista tem sido marcada por constantes provoca\u00e7\u00f5es e acusa\u00e7\u00f5es de todos os lados. Nas \u00faltimas semanas, Mar\u00e7al vem ganhando espa\u00e7o nas pesquisas, enquanto Datena n\u00e3o aparece entre os favoritos.<\/p>\n\n\n\n<p><strong>Confira o v\u00eddeo:<\/strong><\/p>\n\n\n\n<figure class=\"wp-block-embed is-type-video is-provider-dailymotion wp-block-embed-dailymotion\"><div class=\"wp-block-embed__wrapper\">\n<iframe title=\"Datena agride Mar\u00e7al com cadeira ao vivo e ambos deixam debate da TV Cultura\" frameborder=\"0\" width=\"566\" height=\"1000\" data-src=\"https:\/\/geo.dailymotion.com\/player.html?video=x95q912&#038;\" allowfullscreen allow=\"autoplay; fullscreen; picture-in-picture; web-share\" src=\"data:image\/gif;base64,R0lGODlhAQABAAAAACH5BAEKAAEALAAAAAABAAEAAAICTAEAOw==\" class=\"lazyload\" data-load-mode=\"1\"><\/iframe>\n<\/div><\/figure>\n\n\n\n<p>BN<\/p>\n","protected":false},"excerpt":{"rendered":"<p>Cenas lament\u00e1veis na corrida eleitoral de S\u00e3o Paulo. Na noite deste domingo (15), durante o debate da TV Cultura para a prefeitura, o candidato Jos\u00e9 Luiz Datena (PSDB) deu uma cadeirada em Pablo Mar\u00e7al (PRTB). Logo ap\u00f3s Pablo dizer que Datena &#8220;n\u00e3o \u00e9 homem&#8221; para agredi-lo, os \u00e2nimos se exaltaram e o apresentador precisou chamar [&hellip;]<\/p>\n","protected":false},"author":2,"featured_media":16952,"comment_status":"open","ping_status":"open","sticky":false,"template":"","format":"standard","meta":{"_jetpack_memberships_contains_paid_content":false,"footnotes":""},"categories":[50],"tags":[],"class_list":["post-16950","post","type-post","status-publish","format-standard","has-post-thumbnail","hentry","category-eleicoes-2024"],"aioseo_notices":[],"jetpack_featured_media_url":"https:\/\/i0.wp.com\/minutobahia24h.com.br\/wp-content\/uploads\/2024\/09\/Sem-titulo-146.jpg?fit=1200%2C630&ssl=1","jetpack_sharing_enabled":true,"_links":{"self":[{"href":"https:\/\/minutobahia24h.com.br\/index.php?rest_route=\/wp\/v2\/posts\/16950","targetHints":{"allow":["GET"]}}],"collection":[{"href":"https:\/\/minutobahia24h.com.br\/index.php?rest_route=\/wp\/v2\/posts"}],"about":[{"href":"https:\/\/minutobahia24h.com.br\/index.php?rest_route=\/wp\/v2\/types\/post"}],"author":[{"embeddable":true,"href":"https:\/\/minutobahia24h.com.br\/index.php?rest_route=\/wp\/v2\/users\/2"}],"replies":[{"embeddable":true,"href":"https:\/\/minutobahia24h.com.br\/index.php?rest_route=%2Fwp%2Fv2%2Fcomments&post=16950"}],"version-history":[{"count":1,"href":"https:\/\/minutobahia24h.com.br\/index.php?rest_route=\/wp\/v2\/posts\/16950\/revisions"}],"predecessor-version":[{"id":16953,"href":"https:\/\/minutobahia24h.com.br\/index.php?rest_route=\/wp\/v2\/posts\/16950\/revisions\/16953"}],"wp:featuredmedia":[{"embeddable":true,"href":"https:\/\/minutobahia24h.com.br\/index.php?rest_route=\/wp\/v2\/media\/16952"}],"wp:attachment":[{"href":"https:\/\/minutobahia24h.com.br\/index.php?rest_route=%2Fwp%2Fv2%2Fmedia&parent=16950"}],"wp:term":[{"taxonomy":"category","embeddable":true,"href":"https:\/\/minutobahia24h.com.br\/index.php?rest_route=%2Fwp%2Fv2%2Fcategories&post=16950"},{"taxonomy":"post_tag","embeddable":true,"href":"https:\/\/minutobahia24h.com.br\/index.php?rest_route=%2Fwp%2Fv2%2Ftags&post=16950"}],"curies":[{"name":"wp","href":"https:\/\/api.w.org\/{rel}","templated":true}]}}