{"id":16824,"date":"2024-09-11T07:43:13","date_gmt":"2024-09-11T10:43:13","guid":{"rendered":"https:\/\/minutobahia24h.com.br\/?p=16824"},"modified":"2024-09-11T07:43:15","modified_gmt":"2024-09-11T10:43:15","slug":"jacu-e-boca-preta-as-cidades-baianas-onde-a-politica-vira-torcida-de-futebol","status":"publish","type":"post","link":"https:\/\/minutobahia24h.com.br\/?p=16824","title":{"rendered":"Jacu e boca preta: as cidades baianas onde a pol\u00edtica vira torcida de futebol"},"content":{"rendered":"<div class=\"wp-block-image\">\n<figure class=\"aligncenter size-full\"><img data-recalc-dims=\"1\" fetchpriority=\"high\" decoding=\"async\" width=\"694\" height=\"392\" src=\"https:\/\/i0.wp.com\/minutobahia24h.com.br\/wp-content\/uploads\/2024\/09\/Sem-titulo-108.jpg?resize=694%2C392&#038;ssl=1\" alt=\"\" class=\"wp-image-16825\" srcset=\"https:\/\/i0.wp.com\/minutobahia24h.com.br\/wp-content\/uploads\/2024\/09\/Sem-titulo-108.jpg?w=694&amp;ssl=1 694w, https:\/\/i0.wp.com\/minutobahia24h.com.br\/wp-content\/uploads\/2024\/09\/Sem-titulo-108.jpg?resize=300%2C169&amp;ssl=1 300w\" sizes=\"(max-width: 694px) 100vw, 694px\" \/><\/figure>\n<\/div>\n\n\n<p>Al\u00e9m de Senhor do Bonfim mais tr\u00eas cidades baiana tem grupo jacu:<\/p>\n\n\n\n<p id=\"paragrafo-s93mis8ym2\">Em Muritiba, no rec\u00f4ncavo baiano, um vereador j\u00e1 teve que pintar \u00e0s pressas a fachada da sua nova casa para n\u00e3o infringir a etiqueta pol\u00edtica. Pintada de amarela, a resid\u00eancia poderia denunci\u00e1-lo como um \u201cbabonete\u201d, o grupo pol\u00edtico rival ao seu, que usa a cor do c\u00e9u como s\u00edmbolo. Os \u201cjacus\u201d, como ele, s\u00e3o adeptos do azul, e todo mundo sabe disso.<\/p>\n\n\n\n<p id=\"paragrafo-ahrimha6pf\">A experi\u00eancia pol\u00edtica em cidades do interior \u2014 sobretudo as de pequeno e m\u00e9dio porte \u2014 \u00e9 marcada por essa rivalidade entre dois grupos pol\u00edticos. E o antagonismo vira uma marca cultural, refletido por apelidos inspirados em m\u00fasicas, hist\u00f3rias e goza\u00e7\u00f5es.<\/p>\n\n\n\n<p id=\"paragrafo-a2rp20pzjv\">\u201cQuanto menor o interior, mais forte \u00e9 essa realidade\u201d, explica o historiador Marcos Batista, que pesquisou, no mestrado pela Universidade do Estado da Bahia (Uneb), os rivais jacus e os beija-flor, de Santo Ant\u00f4nio de Jesus.<\/p>\n\n\n\n<p id=\"paragrafo-ibknpqpove\">Na pesquisa, Batista investigou tamb\u00e9m os poss\u00edveis motivos para isso acontecer. E n\u00e3o s\u00f3 em Santo Ant\u00f4nio. Os partidos, por si s\u00f3, tiveram dificuldade de se firmar na experi\u00eancia pol\u00edtica local. \u201cAt\u00e9 o fato de ter menos festividades [nessas cidades] impacta. A pol\u00edtica surge como um evento, time de futebol.Vira cultura\u201d.<\/p>\n\n\n\n<p id=\"paragrafo-f2vbw02cb0\">O \u201capadrinhamento\u201d, simb\u00f3lico e literal (com \u00e1gua benta, na igreja), de nativos por pol\u00edticos d\u00e1 contornos de intimidade \u00e0 disputa, o que fortalece o antagonismo. \u201cN\u00e3o s\u00f3 os apadrinhados ganham empregos e outras moedas de troca, como h\u00e1 crian\u00e7as que realmente s\u00e3o batizadas por pol\u00edticos, o que cria la\u00e7o de lealdade, e se cria uma familiaridade\u201d, completa Batista.<\/p>\n\n\n\n<p id=\"paragrafo-75h7epgd64\">A industrializa\u00e7\u00e3o e crescimento das cidades, no entanto, tende a enfraquecer os times pol\u00edticos. \u201cA depend\u00eancia pode mudar\u201d, explica Batista, \u201co que n\u00e3o significa o fim desse antagonismo hist\u00f3rico\u201d.<\/p>\n\n\n\n<h2 class=\"wp-block-heading\" id=\"intertitulo-j54fw1frw2\">Santo Ant\u00f4nio de Jesus: os jacu e os beija-flor<\/h2>\n\n\n<div class=\"wp-block-image\">\n<figure class=\"aligncenter\"><img data-recalc-dims=\"1\" decoding=\"async\" data-src=\"https:\/\/i0.wp.com\/midias.correio24horas.com.br\/2024\/08\/18\/crime-aconteceu-em-festa-realizada-em-santo-antonio-de-jesus-2391562-article.jpg?w=800&#038;ssl=1\" alt=\"Crime aconteceu em festa realizada em Santo Ant\u00f4nio de Jesus\" src=\"data:image\/gif;base64,R0lGODlhAQABAAAAACH5BAEKAAEALAAAAAABAAEAAAICTAEAOw==\" class=\"lazyload\" \/><noscript><img data-recalc-dims=\"1\" decoding=\"async\" src=\"https:\/\/i0.wp.com\/midias.correio24horas.com.br\/2024\/08\/18\/crime-aconteceu-em-festa-realizada-em-santo-antonio-de-jesus-2391562-article.jpg?w=800&#038;ssl=1\" alt=\"Crime aconteceu em festa realizada em Santo Ant\u00f4nio de Jesus\"\/><\/noscript><\/figure>\n<\/div>\n\n\n<p>Santo Ant\u00f4nio de Jesus&nbsp;Cr\u00e9dito: Reprodu\u00e7\u00e3o\/Prefeitura SAJ<\/p>\n\n\n\n<p id=\"paragrafo-v66qrusl7d\">A hist\u00f3ria dos<a href=\"https:\/\/www.correio24horas.com.br\/eleicoes\/genival-lidera-disputa-em-sto-antonio-de-jesus-com-542-aponta-parana-pesquisas-0824\" target=\"_blank\" rel=\"noreferrer noopener\">&nbsp;rivais pol\u00edticos de Santo Ant\u00f4nio de Jesus<\/a>, no Rec\u00f4ncavo Baiano, \u00e9 de dissid\u00eancias e conchavos. Ela come\u00e7a em 1962. O primeiro grupo a surgir no p\u00e1reo, com um nome, \u00e9 o beija-flor, formado por separatistas do extinto Partido Republicano, que reinava na cidade sob as r\u00e9deas de Ant\u00f4nio Fraga, prefeito da cidade nos anos 40 e 50.<\/p>\n\n\n\n<p id=\"paragrafo-r5xrt40oz2\">\u201cAos poucos, esse grupo foi ganhando for\u00e7a e uma m\u00fasica inspirou sua exist\u00eancia\u201d, explica o historiador Marcos Batista, que estudou, no mestrado pela Universidade do Estado da Bahia (Uneb), os conflitos pol\u00edticos do munic\u00edpio. A m\u00fasica era \u201cMeu Beija-Flor\u201d, composta por Onildo Almeida e eternizada pela cantora Marin\u00eas. De um novo racha interno surgem os rivais \u2013 os Jacus. \u201cDiferentemente de outros lugares, onde o Jacu \u00e9 usado para se referir ao perdedor, em Santo Ant\u00f4nio, n\u00e3o\u201d, ressalta Batista.<\/p>\n\n\n\n<p id=\"paragrafo-qr2p2hztb0\">Mas, dessa vez, n\u00e3o \u00e9 uma can\u00e7\u00e3o que inspira o apelido. Os dissidentes se reun\u00edam em uma sobrado da fam\u00edlia, onde existia uma esp\u00e9cie de pequeno zool\u00f3gico, formado por v\u00e1rios bichos. Entre eles, estavam as aves jacu. \u201cDa\u00ed que a popula\u00e7\u00e3o passou a dizer, quando tinham esses encontros: \u2018l\u00e1 vai a jacuzada\u2019\u201d, afirma o historiador.<\/p>\n\n\n\n<p id=\"paragrafo-ilb7tnsbl6\">Em Santo Ant\u00f4nio, a insignific\u00e2ncia das ideologias \u00e9 revelada pela homogeneidade dos rivais: ambos s\u00e3o filiados a partidos de direita ou centro, e j\u00e1 estabeleceram alian\u00e7as em diferentes momentos hist\u00f3ricos.<\/p>\n\n\n\n<p id=\"paragrafo-ivpwo3mahj\">Em julho deste ano, por exemplo, o ex-prefeito Euvaldo Rosa (PSD), um Jacu, e outro ex-prefeito, Humberto Leite (PP), dos Beija-Flor, sacudiu as estruturas. Principalmente porque outro beija-flor, Genival Deolino (PSDB), tenta reelei\u00e7\u00e3o contra Euvaldo e um candidato da terceira via, Edvaldo \u201cda rec\u00f4ncavo\u201d (PMB). \u201cMas isso n\u00e3o muda em nada a rivalidade local, mesmo que algumas pessoas tenham ficado tristes\u201d, acredita o pesquisador Marcos.<\/p>\n\n\n\n<p id=\"paragrafo-cn20lirenm\">Para o historiador, os rivais s\u00e3o como \u201cos democratas e republicanos dos Estados Unidos\u201d: \u201cexistem muitas diferen\u00e7as internas nos pr\u00f3prios grupos\u201d.<\/p>\n\n\n\n<h2 class=\"wp-block-heading\" id=\"intertitulo-iozn4ifd63\">Campo Formoso: boca branca versus boca preta<\/h2>\n\n\n<div class=\"wp-block-image\">\n<figure class=\"aligncenter\"><img data-recalc-dims=\"1\" decoding=\"async\" data-src=\"https:\/\/i0.wp.com\/midias.correio24horas.com.br\/2024\/05\/16\/uma-crianca-de-tres-anos-foi-esquecida-por-cerca-de-40-minutos-dentro-de-uma-van-escolar-na-zona-rural-de-campo-formoso-2106926-article.png?w=800&#038;ssl=1\" alt=\"Uma crian\u00e7a de tr\u00eas anos foi esquecida por cerca de 40 minutos dentro de uma van escolar na zona rural de Campo Formoso\" src=\"data:image\/gif;base64,R0lGODlhAQABAAAAACH5BAEKAAEALAAAAAABAAEAAAICTAEAOw==\" class=\"lazyload\" \/><noscript><img data-recalc-dims=\"1\" decoding=\"async\" src=\"https:\/\/i0.wp.com\/midias.correio24horas.com.br\/2024\/05\/16\/uma-crianca-de-tres-anos-foi-esquecida-por-cerca-de-40-minutos-dentro-de-uma-van-escolar-na-zona-rural-de-campo-formoso-2106926-article.png?w=800&#038;ssl=1\" alt=\"Uma crian\u00e7a de tr\u00eas anos foi esquecida por cerca de 40 minutos dentro de uma van escolar na zona rural de Campo Formoso\"\/><\/noscript><\/figure>\n<\/div>\n\n\n<p>Campo Formoso&nbsp;Cr\u00e9dito: Carol Garcia\/ GOVBA<\/p>\n\n\n\n<p id=\"paragrafo-jal4xfnsur\">Desde o in\u00edcio da Rep\u00fablica brasileira, em 1889, a pol\u00edtica em Campo Formoso, no norte da Bahia, se desdobra em apelidos. Os pioneiros foram os grupos liderados por Jos\u00e9 Gon\u00e7alves, que vivia na Fazenda Piabas, e o Coronel Ant\u00f4nio Pereira Guimar\u00e3es Filho, residente no n\u00facleo urbano.<\/p>\n\n\n\n<p id=\"paragrafo-j3iujrxx0s\">\u201cA\u00ed os apoiadores de Dr. Jos\u00e9 viraram os \u2018Piabas\u2019, em refer\u00eancia \u00e0 moradia dele, e o outro \u2018papa-mel\u2019, j\u00e1 que Ant\u00f4nio, como bom sertanejo, era chegado \u00e0 alimenta\u00e7\u00e3o de mel com farinha de mandioca\u201d, explica o historiador Jos\u00e9 Carlos Martins, especializado nas tramas locais.<\/p>\n\n\n\n<p id=\"paragrafo-jw9a47trjm\">O falecimento dos oponentes suspendeu o uso dos apelidos pol\u00edticos, at\u00e9 uma certa brincadeira de \u201cboca branca\u201d e \u201cboca preta\u201d surgir. Nas elei\u00e7\u00f5es de 1974, concorreram \u00e0 Prefeitura R\u00f4mulo Galv\u00e3o de Carvalho e Luis Alberto Prisco Viana.<\/p>\n\n\n\n<p id=\"paragrafo-279xyq75gn\">No bigode do primeiro candidato, mais velho, despontavam os fios brancos. \u201cJ\u00e1 Lu\u00eds possu\u00eda um vasto bigode, bem preto. E em um determinado dia, um garimpeiro saiu com um pejorativo no bom sentido\u201d, narra o historiador Jos\u00e9. \u201cS\u00e3o o boca preta e o boca branca\u201d, brincou o catador de pedras preciosas.<\/p>\n\n\n\n<p id=\"paragrafo-vu9kdvdfsg\">A partir da\u00ed, a cidade se dividiu entre os \u201cboca preta\u201d e \u201cboca branca\u201d, sem espa\u00e7o para tons intermedi\u00e1rios. O neg\u00f3cio era, e \u00e9, levado t\u00e3o a s\u00e9rio que, antes de um com\u00edcio de Prisco Viana, os homens foram avisados com anteced\u00eancia para aparecerem bigodudos no evento.<\/p>\n\n\n\n<p id=\"paragrafo-j6w1cxksdv\">Aqueles que n\u00e3o tivessem pelo o suficiente que improvisassem com tinta preta ou pelos posti\u00e7os. O inverso tamb\u00e9m aconteceu. Quem tinha bigode preto tratou de raspar. Os grisalhos tiveram entrada livre.<\/p>\n\n\n\n<p id=\"paragrafo-66fykd34mw\">\u201cE parece que assim vai continuar por muitos e muitos anos. nisso se resume a pol\u00edtica, n\u00e3o esquerda e direita\u201d, projeta Jos\u00e9.<\/p>\n\n\n\n<p id=\"paragrafo-ltbsvxg70c\">Hoje, quem comanda a cidade \u00e9 o grupo dos \u2018boca branca\u2019, representado por Elmo Nascimento (irm\u00e3o do deputado federal Elmar Nascimento), que tenta reelei\u00e7\u00e3o pela uni\u00e3o brasil. A advers\u00e1ria dele \u00e9 Denise Menezes, que tamb\u00e9m tem sobrenome e heran\u00e7a na pol\u00edtica local: \u00e9 esposa do deputado estadual Adolfo Menezes.<\/p>\n\n\n\n<h2 class=\"wp-block-heading\" id=\"intertitulo-rgi3tdae07\">Muritiba: Os babonetes e os jacus<\/h2>\n\n\n<div class=\"wp-block-image\">\n<figure class=\"aligncenter\"><img data-recalc-dims=\"1\" decoding=\"async\" data-src=\"https:\/\/i0.wp.com\/midias.correio24horas.com.br\/2024\/09\/06\/auto-upload-2414652.png?w=800&#038;ssl=1\" alt=\"\" src=\"data:image\/gif;base64,R0lGODlhAQABAAAAACH5BAEKAAEALAAAAAABAAEAAAICTAEAOw==\" class=\"lazyload\" \/><noscript><img data-recalc-dims=\"1\" decoding=\"async\" src=\"https:\/\/i0.wp.com\/midias.correio24horas.com.br\/2024\/09\/06\/auto-upload-2414652.png?w=800&#038;ssl=1\" alt=\"\"\/><\/noscript><\/figure>\n<\/div>\n\n\n<p>Muritiba, no Rec\u00f4ncavo Baiano&nbsp;Cr\u00e9dito: Divulga\u00e7\u00e3o\/Prefeitura de Muritiba<\/p>\n\n\n\n<p id=\"paragrafo-t9q0rqyi4i\">Dizem que, em Muritiba, o centro \u00e9 mais azul, e o amarelo colore mais os bairros das periferias, como o Paraguai e Buri.<\/p>\n\n\n\n<p id=\"paragrafo-4s7bp4hbcw\">Os tons refletem o antagonismo pol\u00edtico na cidade do Rec\u00f4ncavo baiano: todo mundo sabe que a cor do c\u00e9u pertence aos babonetes, e a dos girass\u00f3is aos jacus. \u201cJ\u00e1 teve casa aqui cuja fachada era amarela e teve que mudar para azul, sen\u00e3o iam achar que era casa de jacu\u201d, conta uma moradora que prefere n\u00e3o ser identificada.<\/p>\n\n\n\n<p id=\"paragrafo-cczicricv2\">Os apelidos dos advers\u00e1rios surgiram no in\u00edcio dos anos 2000, quando Epif\u00e2nio Marques Sampaio, ex-prefeito, chegou ao poder conhecido por um nome inspirado em seu apelido de inf\u00e2ncia \u2014 Bab\u00e3o. \u201cOs seguidores, ent\u00e3o, viraram os babonetes\u201d, explica a nativa an\u00f4nima.<\/p>\n\n\n\n<p id=\"paragrafo-5pd54dxrqv\">J\u00e1 os \u201cjacus\u201d passaram a ser chamados assim por uma brincadeira conhecida, inclusive em outros interiores baianos. \u201cGeralmente, \u00e9 chamado assim o lado que perde\u201d, completa ela. J\u00e1 o motivo da defini\u00e7\u00e3o das cores pelos rivais n\u00e3o est\u00e1 bem claro, mas h\u00e1 um palpite.<\/p>\n\n\n\n<p id=\"paragrafo-oshsdive15\">Os babonetes sempre foram vistos como um grupo \u201cde elite econ\u00f4mica\u201d local, o que indicaria sua inclina\u00e7\u00e3o \u00e0 direita. Como o azul, historicamente, \u00e9 escolhido pelos partidos dessa ala, veio a calhar para os babonetes.<\/p>\n\n\n\n<p id=\"paragrafo-yahrel3ayd\">O amarelo dos jacus denota a oposi\u00e7\u00e3o. \u201cS\u00e3o um grupo mais relacionado ao pov\u00e3o, talvez \u00e0 esquerda\u201d, afirma a moradora. A briga mais acalorada do momento na pol\u00edtica da cidade \u00e9, inclusive, sobre a posse das cores.<\/p>\n\n\n\n<p id=\"paragrafo-jg29rb7ek2\">M\u00e3e Mara, uma das candidatas \u00e0 Prefeitura, \u00e9 jacu, mas usou o azul em um evento recente. Os babonetes, todos vestidos de azul e rodeados por bal\u00f5es dessa cor, reagiram na conven\u00e7\u00e3o do dia 4 de agosto: \u201cEssa cor vai ser sempre heran\u00e7a nossa. O azul \u00e9 nosso.\u201d<\/p>\n\n\n\n<p id=\"paragrafo-53kculecz5\">\u201c\u00c9 uma gincana, n\u00e3o h\u00e1 ideais e ideologias. Qual \u00e9 a filosofia de tal partido? Eles n\u00e3o conhecem, e n\u00e3o interessa\u201d, acredita a moradora entrevistada.<\/p>\n\n\n\n<p id=\"paragrafo-8pyv17xx7g\">A rivalidade, no entanto, nem sempre \u00e9 t\u00e3o ing\u00eanua assim. Em mar\u00e7o do ano passado, por exemplo, uma<a href=\"https:\/\/www.correio24horas.com.br\/bahia\/em-meio-a-pedido-de-cassacao-e-denuncias-briga-generalizada-acontece-na-camara-de-muritiba-0323\" target=\"_blank\" rel=\"noreferrer noopener\">&nbsp;sess\u00e3o na C\u00e2mara Municipal&nbsp;<\/a>terminou em uma confus\u00e3o generalizada entre vereadores.<\/p>\n\n\n\n<h2 class=\"wp-block-heading\" id=\"intertitulo-lueta0pbc0\">C\u00edcero Dantas: os Jacu e os Gavi\u00e3o<\/h2>\n\n\n<div class=\"wp-block-image\">\n<figure class=\"aligncenter\"><img data-recalc-dims=\"1\" decoding=\"async\" data-src=\"https:\/\/i0.wp.com\/midias.correio24horas.com.br\/2023\/06\/21\/vista-de-cicero-dantas-1784034-article.jpg?w=800&#038;ssl=1\" alt=\"Vista de C\u00edcero Dantas\" src=\"data:image\/gif;base64,R0lGODlhAQABAAAAACH5BAEKAAEALAAAAAABAAEAAAICTAEAOw==\" class=\"lazyload\" \/><noscript><img data-recalc-dims=\"1\" decoding=\"async\" src=\"https:\/\/i0.wp.com\/midias.correio24horas.com.br\/2023\/06\/21\/vista-de-cicero-dantas-1784034-article.jpg?w=800&#038;ssl=1\" alt=\"Vista de C\u00edcero Dantas\"\/><\/noscript><\/figure>\n<\/div>\n\n\n<p>Vista de C\u00edcero Dantas&nbsp;Cr\u00e9dito: Reprodu\u00e7\u00e3o<\/p>\n\n\n\n<p id=\"paragrafo-l52usmutio\">No in\u00edcio dos anos 90, o<a href=\"https:\/\/www.correio24horas.com.br\/entretenimento\/alcymar-monteiro-passa-mal-depois-de-show-e-cancela-apresentacoes-0723\" target=\"_blank\" rel=\"noreferrer noopener\">&nbsp;cantor cearense Alcymar Monteiro<\/a>&nbsp;emplacou o sucesso \u201cPenera Gavi\u00e3o\u201d [O cavalheiro pega a dama pela m\u00e3o\/\u00c9 a\u00ed que a gente v\u00ea o bote do gavi\u00e3o]. Bem distante de onde o artista despontou, a can\u00e7\u00e3o serviu a outro prop\u00f3sito. Tocada \u00e0 exaust\u00e3o em festas e eventos pol\u00edticos de C\u00edcero Dantas, no Nordeste da Bahia, a m\u00fasica inspirou o surgimento de um grupo pol\u00edtico.<\/p>\n\n\n\n<p id=\"paragrafo-zwk9dnaqda\">\u201cFoi a\u00ed que o Gavi\u00e3o surgiu\u201d, explica a conhecedora da hist\u00f3ria local Ruth Oliveira. \u201cE o pr\u00f3prio Gavi\u00e3o simbolizou o que seria o outro lado\u2026. o jacu\u201d, acrescenta ela, que faz parte dessa ala.<\/p>\n\n\n\n<p id=\"paragrafo-jg62rmoo5m\">A escolha do nome do oponente era uma analogia pejorativa \u00e0s caracter\u00edsticas pol\u00edticas desse grupo, segundo Ruth. As aves jacu s\u00e3o definidas pelo temperamento d\u00f3cil, e os gavi\u00f5es, que hoje est\u00e3o no poder, queriam insinuar que os eleitores e pol\u00edticos jacu, portanto, eram fracos em disputas. \u201cO jacu n\u00e3o era de briga, de revanche, era mais pacato.&nbsp;Enquanto os gavi\u00f5es partiam para cima\u201d, perfila Ruth.<\/p>\n\n\n\n<p id=\"paragrafo-xw9dyl2y12\">O principal sobrenome por tr\u00e1s dessa disputa era a fam\u00edlia Vieira, a mais tradicional da cidade, simbolizada pelos jacus. Antes dos jacus e gavi\u00f5es, no entanto, os rivais j\u00e1 reivindicavam nomes pr\u00f3prios.<\/p>\n\n\n\n<p id=\"paragrafo-p1sihuuoh4\">No engatinhar da Rep\u00fablica, os conservadores ligados ao Bar\u00e3o de Jeremoabo e aos Dantas eram conhecidos como \u201cUrubus\u201d. Os apoiadores liberais dos outro grupo, ligado ao Padre Caetano e Coronel Salles, eram chamados de \u201cPebas\u201d. D\u00e9cadas depois, entre os anos 20 e 40, rivalizavam o Boca Preta \u2013 nome que n\u00e3o tinha nada a ver com bigode, mas a um cachorro de ca\u00e7a \u2013 e os Barriga d\u2019\u00e1gua.<\/p>\n\n\n\n<h2 class=\"wp-block-heading\" id=\"intertitulo-a5npakevc0\">Mutu\u00edpe: azul versus vermelho<\/h2>\n\n\n<div class=\"wp-block-image\">\n<figure class=\"aligncenter\"><img data-recalc-dims=\"1\" decoding=\"async\" data-src=\"https:\/\/i0.wp.com\/midias.correio24horas.com.br\/2024\/09\/06\/os-azuis-versus-vermelhos-em-mutuipe-2415952.jpg?w=800&#038;ssl=1\" alt=\"Os azuis versus vermelhos em Mutu\u00edpe\" src=\"data:image\/gif;base64,R0lGODlhAQABAAAAACH5BAEKAAEALAAAAAABAAEAAAICTAEAOw==\" class=\"lazyload\" \/><noscript><img data-recalc-dims=\"1\" decoding=\"async\" src=\"https:\/\/i0.wp.com\/midias.correio24horas.com.br\/2024\/09\/06\/os-azuis-versus-vermelhos-em-mutuipe-2415952.jpg?w=800&#038;ssl=1\" alt=\"Os azuis versus vermelhos em Mutu\u00edpe\"\/><\/noscript><\/figure>\n<\/div>\n\n\n<p>Os azuis versus vermelhos em Mutu\u00edpe&nbsp;Cr\u00e9dito: Arte Correio<\/p>\n\n\n\n<p id=\"paragrafo-82gjl0extj\">O term\u00f4metro pol\u00edtico de Mutu\u00edpe, no Vale do Jiquiri\u00e7\u00e1 baiano, \u00e9 a Pra\u00e7a G\u00f3es Calmon, no centro comercial da cidade. \u201cNo dia da elei\u00e7\u00e3o, quem ocupa a pra\u00e7a mais cedo sabe que ganhou a disputa\u201d, conta o radialista Jun\u00edcio J\u00fanior. Durante 60 anos, um grupo pol\u00edtico, sem nome na \u00e9poca, reinou nessa arena p\u00fablica. O \u201czoi\u00e3o\u201d era o termo usado para definir qualquer candidato que estivesse, claro, de olho na Prefeitura.<\/p>\n\n\n\n<p id=\"paragrafo-j1n9h21rn1\">A vit\u00f3ria de um petista \u2013 que era o maior \u201czoi\u00e3o\u201d das disputas \u2013 em 2000 p\u00f4s fim a uma dinastia liderada pela fam\u00edlia Rocha. E iniciou um novo ciclo de rivalidade. O \u201czoi\u00e3o\u201d, a partir da\u00ed, passou a ser chamado de \u201cvermelho\u201d, heran\u00e7a da cor do partido dos trabalhadores (PT), e os antigos mandat\u00e1rios da terra viraram os \u201cazul\u201d.<\/p>\n\n\n\n<p id=\"paragrafo-ywmbvsrg98\">O nome da pra\u00e7a central do munic\u00edpio. No auge dessa briga, por pouco n\u00e3o foi modificado para homenagear os vencedores, o que n\u00e3o aconteceu. Hoje, o poder est\u00e1 nas m\u00e3os do \u201cazul\u201d, ap\u00f3s a temporada de 16 anos dos \u201cvermelhos\u201d na prefeitura. Alheia a essas oscila\u00e7\u00f5es, uma brincadeira persiste: \u201cquem perde sempre \u00e9 chamado de jacu, independentemente do lado\u201d, explica o radialista.<\/p>\n\n\n\n<p>clebervieiranews<\/p>\n","protected":false},"excerpt":{"rendered":"<p>Al\u00e9m de Senhor do Bonfim mais tr\u00eas cidades baiana tem grupo jacu: Em Muritiba, no rec\u00f4ncavo baiano, um vereador j\u00e1 teve que pintar \u00e0s pressas a fachada da sua nova casa para n\u00e3o infringir a etiqueta pol\u00edtica. Pintada de amarela, a resid\u00eancia poderia denunci\u00e1-lo como um \u201cbabonete\u201d, o grupo pol\u00edtico rival ao seu, que usa [&hellip;]<\/p>\n","protected":false},"author":2,"featured_media":16825,"comment_status":"open","ping_status":"open","sticky":false,"template":"","format":"standard","meta":{"_jetpack_memberships_contains_paid_content":false,"footnotes":""},"categories":[50],"tags":[],"class_list":["post-16824","post","type-post","status-publish","format-standard","has-post-thumbnail","hentry","category-eleicoes-2024"],"aioseo_notices":[],"jetpack_featured_media_url":"https:\/\/i0.wp.com\/minutobahia24h.com.br\/wp-content\/uploads\/2024\/09\/Sem-titulo-108.jpg?fit=694%2C392&ssl=1","jetpack_sharing_enabled":true,"_links":{"self":[{"href":"https:\/\/minutobahia24h.com.br\/index.php?rest_route=\/wp\/v2\/posts\/16824","targetHints":{"allow":["GET"]}}],"collection":[{"href":"https:\/\/minutobahia24h.com.br\/index.php?rest_route=\/wp\/v2\/posts"}],"about":[{"href":"https:\/\/minutobahia24h.com.br\/index.php?rest_route=\/wp\/v2\/types\/post"}],"author":[{"embeddable":true,"href":"https:\/\/minutobahia24h.com.br\/index.php?rest_route=\/wp\/v2\/users\/2"}],"replies":[{"embeddable":true,"href":"https:\/\/minutobahia24h.com.br\/index.php?rest_route=%2Fwp%2Fv2%2Fcomments&post=16824"}],"version-history":[{"count":1,"href":"https:\/\/minutobahia24h.com.br\/index.php?rest_route=\/wp\/v2\/posts\/16824\/revisions"}],"predecessor-version":[{"id":16826,"href":"https:\/\/minutobahia24h.com.br\/index.php?rest_route=\/wp\/v2\/posts\/16824\/revisions\/16826"}],"wp:featuredmedia":[{"embeddable":true,"href":"https:\/\/minutobahia24h.com.br\/index.php?rest_route=\/wp\/v2\/media\/16825"}],"wp:attachment":[{"href":"https:\/\/minutobahia24h.com.br\/index.php?rest_route=%2Fwp%2Fv2%2Fmedia&parent=16824"}],"wp:term":[{"taxonomy":"category","embeddable":true,"href":"https:\/\/minutobahia24h.com.br\/index.php?rest_route=%2Fwp%2Fv2%2Fcategories&post=16824"},{"taxonomy":"post_tag","embeddable":true,"href":"https:\/\/minutobahia24h.com.br\/index.php?rest_route=%2Fwp%2Fv2%2Ftags&post=16824"}],"curies":[{"name":"wp","href":"https:\/\/api.w.org\/{rel}","templated":true}]}}