{"id":16814,"date":"2024-09-11T07:34:27","date_gmt":"2024-09-11T10:34:27","guid":{"rendered":"https:\/\/minutobahia24h.com.br\/?p=16814"},"modified":"2024-09-11T07:34:28","modified_gmt":"2024-09-11T10:34:28","slug":"aulao-territorial-em-senhor-do-bonfim-reforca-preparacao-de-estudantes-para-o-enem","status":"publish","type":"post","link":"https:\/\/minutobahia24h.com.br\/?p=16814","title":{"rendered":"Aul\u00e3o territorial em Senhor do Bonfim refor\u00e7a prepara\u00e7\u00e3o de estudantes para o ENEM"},"content":{"rendered":"<div class=\"wp-block-image\">\n<figure class=\"aligncenter size-full\"><img data-recalc-dims=\"1\" fetchpriority=\"high\" decoding=\"async\" width=\"636\" height=\"640\" src=\"https:\/\/i0.wp.com\/minutobahia24h.com.br\/wp-content\/uploads\/2024\/09\/Sem-titulo-105.jpg?resize=636%2C640&#038;ssl=1\" alt=\"\" class=\"wp-image-16816\" srcset=\"https:\/\/i0.wp.com\/minutobahia24h.com.br\/wp-content\/uploads\/2024\/09\/Sem-titulo-105.jpg?w=636&amp;ssl=1 636w, https:\/\/i0.wp.com\/minutobahia24h.com.br\/wp-content\/uploads\/2024\/09\/Sem-titulo-105.jpg?resize=298%2C300&amp;ssl=1 298w, https:\/\/i0.wp.com\/minutobahia24h.com.br\/wp-content\/uploads\/2024\/09\/Sem-titulo-105.jpg?resize=150%2C150&amp;ssl=1 150w, https:\/\/i0.wp.com\/minutobahia24h.com.br\/wp-content\/uploads\/2024\/09\/Sem-titulo-105.jpg?resize=75%2C75&amp;ssl=1 75w\" sizes=\"(max-width: 636px) 100vw, 636px\" \/><\/figure>\n<\/div>\n\n\n<p>A Secretaria da Educa\u00e7\u00e3o do Estado (SEC) vai promover, nesta quarta-feira (11), um aul\u00e3o preparat\u00f3rio para o Exame Nacional do Ensino M\u00e9dio (ENEM), no N\u00facleo Territorial de Educa\u00e7\u00e3o Piemonte Norte do Itapicuru (NTE 25), em Senhor do Bonfim. A a\u00e7\u00e3o reunir\u00e1 cerca de 200 estudantes do Col\u00e9gio Estadual Senhor do Bonfim e do Centro Estadual de Educa\u00e7\u00e3o Profissional (CEEP) Professor Paulo Batista Machado, no audit\u00f3rio do CEEP. A iniciativa tamb\u00e9m ser\u00e1 transmitida ao vivo para as outras 22 unidades escolares da regi\u00e3o, atrav\u00e9s do canal do YouTube do NTE 25 (<a href=\"https:\/\/www.youtube.com\/@NTE25NUCLEOTERRITORIA\">https:\/\/www.youtube.com\/@NTE25NUCLEOTERRITORIA<\/a>).<\/p>\n\n\n\n<p>Desde o dia 2 de setembro, a SEC tem realizado aul\u00f5es preparat\u00f3rios em todo o Estado, oferecendo uma combina\u00e7\u00e3o de revis\u00e3o de conte\u00fado e orienta\u00e7\u00e3o estrat\u00e9gica e motivacional para os alunos da rede estadual. O Dia D \u2013 Aul\u00e3o Territorial \u00e9 uma extens\u00e3o do plano \u201cT\u00f4 com Voc\u00ea no ENEM\u201d, que visa preparar mais de 120 mil estudantes baianos para o exame, oferecendo uma abordagem diferenciada, com foco na resolu\u00e7\u00e3o de quest\u00f5es e no aumento da confian\u00e7a dos alunos. Os professores da Universidade do Estado da Bahia (UNEB) v\u00e3o revisar os principais temas cobrados no ENEM, al\u00e9m de compartilhar dicas pr\u00e1ticas para otimizar o tempo durante a prova.<\/p>\n\n\n\n<p>A iniciativa, que est\u00e1 sendo realizada nos 27 N\u00facleos Territoriais de Educa\u00e7\u00e3o da Bahia, reflete o compromisso da SEC em garantir que os estudantes estejam prontos para conquistar uma vaga no Ensino Superior.<\/p>\n\n\n\n<p><strong>SERVI\u00c7O<\/strong><\/p>\n\n\n\n<p>O qu\u00ea: Aul\u00e3o territorial preparat\u00f3rio para o ENEM, em Senhor do Bonfim<\/p>\n\n\n\n<p>Quando: quarta-feira (11\/09), &nbsp;8h \u00e0s 12h<\/p>\n\n\n\n<p>Onde: Audit\u00f3rio do Centro Estadual de Educa\u00e7\u00e3o Profissional (CEEP) Professor Paulo Batista Machado, em Senhor do Bonfim<\/p>\n\n\n\n<p><strong><em>Ascom SEC<\/em><\/strong><\/p>\n","protected":false},"excerpt":{"rendered":"<p>A Secretaria da Educa\u00e7\u00e3o do Estado (SEC) vai promover, nesta quarta-feira (11), um aul\u00e3o preparat\u00f3rio para o Exame Nacional do Ensino M\u00e9dio (ENEM), no N\u00facleo Territorial de Educa\u00e7\u00e3o Piemonte Norte do Itapicuru (NTE 25), em Senhor do Bonfim. A a\u00e7\u00e3o reunir\u00e1 cerca de 200 estudantes do Col\u00e9gio Estadual Senhor do Bonfim e do Centro Estadual [&hellip;]<\/p>\n","protected":false},"author":2,"featured_media":16816,"comment_status":"open","ping_status":"open","sticky":false,"template":"","format":"standard","meta":{"_jetpack_memberships_contains_paid_content":false,"footnotes":""},"categories":[17],"tags":[],"class_list":["post-16814","post","type-post","status-publish","format-standard","has-post-thumbnail","hentry","category-senhor-do-bonfim"],"aioseo_notices":[],"jetpack_featured_media_url":"https:\/\/i0.wp.com\/minutobahia24h.com.br\/wp-content\/uploads\/2024\/09\/Sem-titulo-105.jpg?fit=636%2C640&ssl=1","jetpack_sharing_enabled":true,"_links":{"self":[{"href":"https:\/\/minutobahia24h.com.br\/index.php?rest_route=\/wp\/v2\/posts\/16814","targetHints":{"allow":["GET"]}}],"collection":[{"href":"https:\/\/minutobahia24h.com.br\/index.php?rest_route=\/wp\/v2\/posts"}],"about":[{"href":"https:\/\/minutobahia24h.com.br\/index.php?rest_route=\/wp\/v2\/types\/post"}],"author":[{"embeddable":true,"href":"https:\/\/minutobahia24h.com.br\/index.php?rest_route=\/wp\/v2\/users\/2"}],"replies":[{"embeddable":true,"href":"https:\/\/minutobahia24h.com.br\/index.php?rest_route=%2Fwp%2Fv2%2Fcomments&post=16814"}],"version-history":[{"count":1,"href":"https:\/\/minutobahia24h.com.br\/index.php?rest_route=\/wp\/v2\/posts\/16814\/revisions"}],"predecessor-version":[{"id":16817,"href":"https:\/\/minutobahia24h.com.br\/index.php?rest_route=\/wp\/v2\/posts\/16814\/revisions\/16817"}],"wp:featuredmedia":[{"embeddable":true,"href":"https:\/\/minutobahia24h.com.br\/index.php?rest_route=\/wp\/v2\/media\/16816"}],"wp:attachment":[{"href":"https:\/\/minutobahia24h.com.br\/index.php?rest_route=%2Fwp%2Fv2%2Fmedia&parent=16814"}],"wp:term":[{"taxonomy":"category","embeddable":true,"href":"https:\/\/minutobahia24h.com.br\/index.php?rest_route=%2Fwp%2Fv2%2Fcategories&post=16814"},{"taxonomy":"post_tag","embeddable":true,"href":"https:\/\/minutobahia24h.com.br\/index.php?rest_route=%2Fwp%2Fv2%2Ftags&post=16814"}],"curies":[{"name":"wp","href":"https:\/\/api.w.org\/{rel}","templated":true}]}}