{"id":16769,"date":"2024-09-10T06:16:44","date_gmt":"2024-09-10T09:16:44","guid":{"rendered":"https:\/\/minutobahia24h.com.br\/?p=16769"},"modified":"2024-09-10T06:16:46","modified_gmt":"2024-09-10T09:16:46","slug":"atraso-salarial-ameaca-paralisar-atendimentos-no-hospital-regional-de-jacobina","status":"publish","type":"post","link":"https:\/\/minutobahia24h.com.br\/?p=16769","title":{"rendered":"Atraso salarial amea\u00e7a paralisar atendimentos no Hospital Regional de Jacobina"},"content":{"rendered":"<div class=\"wp-block-image\">\n<figure class=\"aligncenter size-full\"><img data-recalc-dims=\"1\" fetchpriority=\"high\" decoding=\"async\" width=\"800\" height=\"484\" src=\"https:\/\/i0.wp.com\/minutobahia24h.com.br\/wp-content\/uploads\/2024\/09\/Sem-titulo-91.jpg?resize=800%2C484&#038;ssl=1\" alt=\"\" class=\"wp-image-16770\" srcset=\"https:\/\/i0.wp.com\/minutobahia24h.com.br\/wp-content\/uploads\/2024\/09\/Sem-titulo-91.jpg?w=900&amp;ssl=1 900w, https:\/\/i0.wp.com\/minutobahia24h.com.br\/wp-content\/uploads\/2024\/09\/Sem-titulo-91.jpg?resize=300%2C181&amp;ssl=1 300w, https:\/\/i0.wp.com\/minutobahia24h.com.br\/wp-content\/uploads\/2024\/09\/Sem-titulo-91.jpg?resize=768%2C464&amp;ssl=1 768w, https:\/\/i0.wp.com\/minutobahia24h.com.br\/wp-content\/uploads\/2024\/09\/Sem-titulo-91.jpg?resize=750%2C453&amp;ssl=1 750w\" sizes=\"(max-width: 800px) 100vw, 800px\" \/><\/figure>\n<\/div>\n\n\n<p>O Hospital Regional Vicentina Goulart, localizado em Jacobina e administrado pelo Governo do Estado da Bahia, enfrenta uma crise que pode resultar na suspens\u00e3o de atendimentos nos pr\u00f3ximos dias. A situa\u00e7\u00e3o alarmante foi revelada por profissionais m\u00e9dicos que procuraram a Reda\u00e7\u00e3o do Blog Jacobina 24 Horas para expor suas preocupa\u00e7\u00f5es.<\/p>\n\n\n\n<p>Segundo os relatos, os m\u00e9dicos est\u00e3o enfrentando atrasos salariais de at\u00e9 dois meses, o que tem gerado s\u00e9rias dificuldades para aqueles que residem em cidades distantes como Petrolina e Concei\u00e7\u00e3o do Coit\u00e9. Esses profissionais afirmam estar \u201cpagando para trabalhar\u201d, uma vez que continuam cumprindo suas obriga\u00e7\u00f5es sem receber seus vencimentos.<\/p>\n\n\n\n<p>Diante da gravidade da situa\u00e7\u00e3o, o Sindicato dos M\u00e9dicos no Estado da Bahia (SINDIMED) convocou uma Assembleia Geral Extraordin\u00e1ria para esta ter\u00e7a-feira, 10 de setembro, \u00e0s 16h. O encontro, que ser\u00e1 realizado virtualmente atrav\u00e9s do Google Meet, tem como objetivo discutir os problemas enfrentados pelos m\u00e9dicos e deliberar sobre poss\u00edveis a\u00e7\u00f5es, incluindo a possibilidade de suspender parcialmente os atendimentos no Hospital Regional de Jacobina.<\/p>\n\n\n\n<p>O edital de convoca\u00e7\u00e3o, assinado pela presidente do SINDIMED, Rita Virg\u00ednia Marques Ribeiro, convoca todos os m\u00e9dicos prestadores de servi\u00e7os&nbsp;qO edital de convoca\u00e7\u00e3o, assinado pela presidente do SINDIMED, Rita Virg\u00ednia Marques Ribeiro, convoca todos os m\u00e9dicos prestadores de servi\u00e7os que atuam no Hospital Regional Vicentina Goulart a participarem da assembleia. A pauta inclui a declara\u00e7\u00e3o de estado permanente de assembleia, discuss\u00e3o sobre os atrasos remunerat\u00f3rios, negocia\u00e7\u00f5es com os gestores e a possibilidade de restri\u00e7\u00e3o de atendimento.<\/p>\n\n\n\n<p>A crise no Hospital Regional Vicentina Goulart levanta preocupa\u00e7\u00f5es sobre a continuidade e qualidade dos servi\u00e7os de sa\u00fade oferecidos \u00e0 popula\u00e7\u00e3o de Jacobina e regi\u00e3o. A poss\u00edvel suspens\u00e3o de atendimentos poderia impactar significativamente o acesso aos cuidados m\u00e9dicos na \u00e1rea, tornando urgente uma resolu\u00e7\u00e3o para o impasse entre os profissionais de sa\u00fade e a administra\u00e7\u00e3o estadual.<\/p>\n\n\n<div class=\"wp-block-image\">\n<figure class=\"aligncenter\"><a href=\"https:\/\/i0.wp.com\/blogger.googleusercontent.com\/img\/b\/R29vZ2xl\/AVvXsEgljmn1KhAkeNzzZTedsAC3SMOPSi4vHyGsJYAbMJWp9MebesGv0PwMOwKYCglBsBfD7dQtWcXCfDeUN7hsy-cXgYZq_BejlIytWjAVFfCBn5wlC2tZTj-HnZ7lZZNZogOYBkuAp9CYgTr2_P8yczbLRUT7b4unaV6R1wRJn25zaASCzg6l_Gl5i14UsC4\/s925\/0b.png?ssl=1\"><img data-recalc-dims=\"1\" decoding=\"async\" data-src=\"https:\/\/i0.wp.com\/blogger.googleusercontent.com\/img\/b\/R29vZ2xl\/AVvXsEgljmn1KhAkeNzzZTedsAC3SMOPSi4vHyGsJYAbMJWp9MebesGv0PwMOwKYCglBsBfD7dQtWcXCfDeUN7hsy-cXgYZq_BejlIytWjAVFfCBn5wlC2tZTj-HnZ7lZZNZogOYBkuAp9CYgTr2_P8yczbLRUT7b4unaV6R1wRJn25zaASCzg6l_Gl5i14UsC4\/w512-h640\/0b.png?w=800&#038;ssl=1\" alt=\"\" src=\"data:image\/gif;base64,R0lGODlhAQABAAAAACH5BAEKAAEALAAAAAABAAEAAAICTAEAOw==\" class=\"lazyload\" \/><noscript><img data-recalc-dims=\"1\" decoding=\"async\" src=\"https:\/\/i0.wp.com\/blogger.googleusercontent.com\/img\/b\/R29vZ2xl\/AVvXsEgljmn1KhAkeNzzZTedsAC3SMOPSi4vHyGsJYAbMJWp9MebesGv0PwMOwKYCglBsBfD7dQtWcXCfDeUN7hsy-cXgYZq_BejlIytWjAVFfCBn5wlC2tZTj-HnZ7lZZNZogOYBkuAp9CYgTr2_P8yczbLRUT7b4unaV6R1wRJn25zaASCzg6l_Gl5i14UsC4\/w512-h640\/0b.png?w=800&#038;ssl=1\" alt=\"\"\/><\/noscript><\/a><\/figure>\n<\/div>\n\n\n<p>Fonte: Jacobina 24 Horas<\/p>\n","protected":false},"excerpt":{"rendered":"<p>O Hospital Regional Vicentina Goulart, localizado em Jacobina e administrado pelo Governo do Estado da Bahia, enfrenta uma crise que pode resultar na suspens\u00e3o de atendimentos nos pr\u00f3ximos dias. A situa\u00e7\u00e3o alarmante foi revelada por profissionais m\u00e9dicos que procuraram a Reda\u00e7\u00e3o do Blog Jacobina 24 Horas para expor suas preocupa\u00e7\u00f5es. Segundo os relatos, os m\u00e9dicos [&hellip;]<\/p>\n","protected":false},"author":2,"featured_media":16770,"comment_status":"open","ping_status":"open","sticky":false,"template":"","format":"standard","meta":{"_jetpack_memberships_contains_paid_content":false,"footnotes":""},"categories":[46],"tags":[],"class_list":["post-16769","post","type-post","status-publish","format-standard","has-post-thumbnail","hentry","category-noticia"],"aioseo_notices":[],"jetpack_featured_media_url":"https:\/\/i0.wp.com\/minutobahia24h.com.br\/wp-content\/uploads\/2024\/09\/Sem-titulo-91.jpg?fit=900%2C544&ssl=1","jetpack_sharing_enabled":true,"_links":{"self":[{"href":"https:\/\/minutobahia24h.com.br\/index.php?rest_route=\/wp\/v2\/posts\/16769","targetHints":{"allow":["GET"]}}],"collection":[{"href":"https:\/\/minutobahia24h.com.br\/index.php?rest_route=\/wp\/v2\/posts"}],"about":[{"href":"https:\/\/minutobahia24h.com.br\/index.php?rest_route=\/wp\/v2\/types\/post"}],"author":[{"embeddable":true,"href":"https:\/\/minutobahia24h.com.br\/index.php?rest_route=\/wp\/v2\/users\/2"}],"replies":[{"embeddable":true,"href":"https:\/\/minutobahia24h.com.br\/index.php?rest_route=%2Fwp%2Fv2%2Fcomments&post=16769"}],"version-history":[{"count":1,"href":"https:\/\/minutobahia24h.com.br\/index.php?rest_route=\/wp\/v2\/posts\/16769\/revisions"}],"predecessor-version":[{"id":16771,"href":"https:\/\/minutobahia24h.com.br\/index.php?rest_route=\/wp\/v2\/posts\/16769\/revisions\/16771"}],"wp:featuredmedia":[{"embeddable":true,"href":"https:\/\/minutobahia24h.com.br\/index.php?rest_route=\/wp\/v2\/media\/16770"}],"wp:attachment":[{"href":"https:\/\/minutobahia24h.com.br\/index.php?rest_route=%2Fwp%2Fv2%2Fmedia&parent=16769"}],"wp:term":[{"taxonomy":"category","embeddable":true,"href":"https:\/\/minutobahia24h.com.br\/index.php?rest_route=%2Fwp%2Fv2%2Fcategories&post=16769"},{"taxonomy":"post_tag","embeddable":true,"href":"https:\/\/minutobahia24h.com.br\/index.php?rest_route=%2Fwp%2Fv2%2Ftags&post=16769"}],"curies":[{"name":"wp","href":"https:\/\/api.w.org\/{rel}","templated":true}]}}