{"id":16617,"date":"2024-09-04T07:32:50","date_gmt":"2024-09-04T10:32:50","guid":{"rendered":"https:\/\/minutobahia24h.com.br\/?p=16617"},"modified":"2024-09-04T07:32:53","modified_gmt":"2024-09-04T10:32:53","slug":"fumaca-de-incendios-afeta-escolas-forca-uso-de-mascaras-e-ameaca-resto-do-pais","status":"publish","type":"post","link":"https:\/\/minutobahia24h.com.br\/?p=16617","title":{"rendered":"Fuma\u00e7a de inc\u00eandios afeta escolas, for\u00e7a uso de m\u00e1scaras e amea\u00e7a resto do pa\u00eds"},"content":{"rendered":"<div class=\"wp-block-image\">\n<figure class=\"aligncenter size-full\"><img data-recalc-dims=\"1\" fetchpriority=\"high\" decoding=\"async\" width=\"600\" height=\"420\" src=\"https:\/\/i0.wp.com\/minutobahia24h.com.br\/wp-content\/uploads\/2024\/09\/Sem-titulo-46.jpg?resize=600%2C420&#038;ssl=1\" alt=\"\" class=\"wp-image-16618\" srcset=\"https:\/\/i0.wp.com\/minutobahia24h.com.br\/wp-content\/uploads\/2024\/09\/Sem-titulo-46.jpg?w=600&amp;ssl=1 600w, https:\/\/i0.wp.com\/minutobahia24h.com.br\/wp-content\/uploads\/2024\/09\/Sem-titulo-46.jpg?resize=300%2C210&amp;ssl=1 300w\" sizes=\"(max-width: 600px) 100vw, 600px\" \/><figcaption class=\"wp-element-caption\">Foto: Mayke Toscano<br><\/figcaption><\/figure>\n<\/div>\n\n\n<p>O alto \u00edndice de inc\u00eandios na Amaz\u00f4nia no m\u00eas de agosto j\u00e1 era previsto. Com o pior registro desde 2005, os 38.266 focos registrados pelo Instituto Nacional de Pesquisas Espaciais (Inpe) mostram que a rotina de fogo e fuma\u00e7a deve continuar. Os danos provocados pela fuma\u00e7a prejudica escolas e t\u00eam obrigado moradores da regi\u00e3o a utilizarem m\u00e1scaras.<\/p>\n\n\n\n<p>No Amazonas, o munic\u00edpio com mais focos de inc\u00eandio, os n\u00fameros quase quadruplicaram na compara\u00e7\u00e3o com agosto de 2023. Entre os estados do bioma Amaz\u00f4nia, segundo o BDQueimadas, do Inpe, a lideran\u00e7a de focos fica com o Par\u00e1, com 13.803 registros, seguido por Amazonas, com 10.328 \u2014recorde da s\u00e9rie hist\u00f3rica\u2014 e Mato Grosso (7.046).<\/p>\n\n\n\n<p>O corredor de polui\u00e7\u00e3o que circula do Norte e de parte do Centro-Oeste rumo a Sul e Sudeste deve continuar a afetar parte do pa\u00eds da mesma forma, j\u00e1 que deve chover abaixo da m\u00e9dia no pa\u00eds entre setembro e novembro. Nos pr\u00f3ximos dias, uma frente fria pode ajudar a reduzir brevemente o calor, mas vai piorar a situa\u00e7\u00e3o em regi\u00f5es do Sul e do Sudeste \u2014incluindo S\u00e3o Paulo\u2014 antes da sua chegada.<\/p>\n\n\n\n<p>Os dois munic\u00edpios est\u00e3o localizados no sul amazonense, numa regi\u00e3o por onde a fuma\u00e7a dos inc\u00eandios passa antes de seguir para o Sul do pa\u00eds, com contribui\u00e7\u00f5es de inc\u00eandios nos vizinhos Acre e Rond\u00f4nia, Par\u00e1 e Mato Grosso e tamb\u00e9m de pa\u00edses como Bol\u00edvia, Paraguai e Argentina.<\/p>\n\n\n\n<p>Por causa da fuma\u00e7a, o governo do Acre suspendeu a pr\u00e1tica de atividades f\u00edsicas nas escolas at\u00e9 que a qualidade do ar volte \u00e0 normalidade e recomendou o uso de m\u00e1scaras. Uma das esta\u00e7\u00f5es no site Selva, da Universidade do Estado do Amazonas e da Funda\u00e7\u00e3o Universitas de Estudos Amaz\u00f4nicos, indicava, por volta das 18h de ter\u00e7a (3), 269,3 microgramas por metro c\u00fabico (\u00b5g\/m3) de material particulado no ar (PM2,5) em Rio Branco.<\/p>\n\n\n\n<p>Entre esta quarta e a quinta-feira (5), uma frente vai passar pelo Sul e ajudar\u00e1 a \u201climpar\u201d o ar, mas a altera\u00e7\u00e3o na circula\u00e7\u00e3o dos ventos antes de sua chegada ao Sudeste deve piorar a qualidade do ar em \u00e1reas do Sudeste como S\u00e3o Paulo, que tamb\u00e9m enfrenta queimadas pr\u00f3prias.<\/p>\n\n\n\n<p>Bahia.ba<\/p>\n","protected":false},"excerpt":{"rendered":"<p>O alto \u00edndice de inc\u00eandios na Amaz\u00f4nia no m\u00eas de agosto j\u00e1 era previsto. Com o pior registro desde 2005, os 38.266 focos registrados pelo Instituto Nacional de Pesquisas Espaciais (Inpe) mostram que a rotina de fogo e fuma\u00e7a deve continuar. Os danos provocados pela fuma\u00e7a prejudica escolas e t\u00eam obrigado moradores da regi\u00e3o a [&hellip;]<\/p>\n","protected":false},"author":2,"featured_media":16618,"comment_status":"open","ping_status":"open","sticky":false,"template":"","format":"standard","meta":{"_jetpack_memberships_contains_paid_content":false,"footnotes":""},"categories":[2],"tags":[],"class_list":["post-16617","post","type-post","status-publish","format-standard","has-post-thumbnail","hentry","category-nacional"],"aioseo_notices":[],"jetpack_featured_media_url":"https:\/\/i0.wp.com\/minutobahia24h.com.br\/wp-content\/uploads\/2024\/09\/Sem-titulo-46.jpg?fit=600%2C420&ssl=1","jetpack_sharing_enabled":true,"_links":{"self":[{"href":"https:\/\/minutobahia24h.com.br\/index.php?rest_route=\/wp\/v2\/posts\/16617","targetHints":{"allow":["GET"]}}],"collection":[{"href":"https:\/\/minutobahia24h.com.br\/index.php?rest_route=\/wp\/v2\/posts"}],"about":[{"href":"https:\/\/minutobahia24h.com.br\/index.php?rest_route=\/wp\/v2\/types\/post"}],"author":[{"embeddable":true,"href":"https:\/\/minutobahia24h.com.br\/index.php?rest_route=\/wp\/v2\/users\/2"}],"replies":[{"embeddable":true,"href":"https:\/\/minutobahia24h.com.br\/index.php?rest_route=%2Fwp%2Fv2%2Fcomments&post=16617"}],"version-history":[{"count":1,"href":"https:\/\/minutobahia24h.com.br\/index.php?rest_route=\/wp\/v2\/posts\/16617\/revisions"}],"predecessor-version":[{"id":16619,"href":"https:\/\/minutobahia24h.com.br\/index.php?rest_route=\/wp\/v2\/posts\/16617\/revisions\/16619"}],"wp:featuredmedia":[{"embeddable":true,"href":"https:\/\/minutobahia24h.com.br\/index.php?rest_route=\/wp\/v2\/media\/16618"}],"wp:attachment":[{"href":"https:\/\/minutobahia24h.com.br\/index.php?rest_route=%2Fwp%2Fv2%2Fmedia&parent=16617"}],"wp:term":[{"taxonomy":"category","embeddable":true,"href":"https:\/\/minutobahia24h.com.br\/index.php?rest_route=%2Fwp%2Fv2%2Fcategories&post=16617"},{"taxonomy":"post_tag","embeddable":true,"href":"https:\/\/minutobahia24h.com.br\/index.php?rest_route=%2Fwp%2Fv2%2Ftags&post=16617"}],"curies":[{"name":"wp","href":"https:\/\/api.w.org\/{rel}","templated":true}]}}