{"id":16601,"date":"2024-09-04T07:12:47","date_gmt":"2024-09-04T10:12:47","guid":{"rendered":"https:\/\/minutobahia24h.com.br\/?p=16601"},"modified":"2024-09-04T07:12:49","modified_gmt":"2024-09-04T10:12:49","slug":"camara-de-bomfim-discute-plano-diretor-urbano","status":"publish","type":"post","link":"https:\/\/minutobahia24h.com.br\/?p=16601","title":{"rendered":"C\u00e2mara de Bomfim discute plano diretor urbano"},"content":{"rendered":"<div class=\"wp-block-image\">\n<figure class=\"aligncenter size-full\"><img data-recalc-dims=\"1\" fetchpriority=\"high\" decoding=\"async\" width=\"696\" height=\"522\" src=\"https:\/\/i0.wp.com\/minutobahia24h.com.br\/wp-content\/uploads\/2024\/09\/Sem-titulo-41.jpg?resize=696%2C522&#038;ssl=1\" alt=\"\" class=\"wp-image-16602\" srcset=\"https:\/\/i0.wp.com\/minutobahia24h.com.br\/wp-content\/uploads\/2024\/09\/Sem-titulo-41.jpg?w=696&amp;ssl=1 696w, https:\/\/i0.wp.com\/minutobahia24h.com.br\/wp-content\/uploads\/2024\/09\/Sem-titulo-41.jpg?resize=300%2C225&amp;ssl=1 300w\" sizes=\"(max-width: 696px) 100vw, 696px\" \/><\/figure>\n<\/div>\n\n\n<p>Nessa ter\u00e7a-feira, dia 03 de Setembro, a C\u00c2MARA Municipal de Senhor do Bonfim, promoveu a segunda audi\u00eancia p\u00fablica para discutir a elabora\u00e7\u00e3o do PDDU-Plano diretor de desenvolvimento urbano).<br>MESA FOI COMPOSTA:<\/p>\n\n\n\n<p>-Sra. Elis\u00e2ngela Passos Sardinha-Secret\u00e1ria de Planejamento;<br>-Sra.Damir Duarte da Silva-Coordenadora T\u00e9cnica e Financeira do Projeto Bonfim 2050;<br>-Sr.Rafael de Castro Ledewig de Ara\u00fajo-Diretor da empresa PROJESTEC.<br>Al\u00e9m do presidente da Casa Idailto Jarle e do Primeiro Secret\u00e1rio Ary Urbano.<br>A Palavra foi concedida ao Senhor Rafael de Castro Ledewig de Ara\u00fajo, que fez uma longa explana\u00e7\u00e3o da forma e crit\u00e9rios utilizados para elabora\u00e7\u00e3o do PDDU.<br>Ser\u00e1 incluso alguns pontos por exemplo:<br>-N\u00famero de rios;<br>-N\u00fameros de escolas no Munic\u00edpio e a quantidade necess\u00e1ria para cada localidade;<br>-N\u00famero de Ruas;<br>-N\u00famero de resid\u00eancias, ind\u00fastria e comercio;<br>-Ruas pavimentadas e a pavimentar;<br>-Centro ind\u00fastria e tend\u00eancia para crescimento e desenvolvimento;<\/p>\n\n\n\n<p>Apalavra foi franqueada aos edis de presentes na Sess\u00e3o onde fizeram questionamentos em rela\u00e7\u00e3o ao projeto.<\/p>\n\n\n\n<p>Sra.Damir Duarte da Silva-Coordenadora T\u00e9cnica e Financeira do Projeto Bonfim 2050; Falou do profissionalismo e seriedade da elabora\u00e7\u00e3o da prefeitura e que qualquer cidad\u00e3o pode acessar o site da Prefeitura e conhecer de perto.<\/p>\n\n\n\n<p>ASCOM-CMSB de Senhor do Bonfim o futuro de nosso munic\u00edpio passa por aqui<\/p>\n","protected":false},"excerpt":{"rendered":"<p>Nessa ter\u00e7a-feira, dia 03 de Setembro, a C\u00c2MARA Municipal de Senhor do Bonfim, promoveu a segunda audi\u00eancia p\u00fablica para discutir a elabora\u00e7\u00e3o do PDDU-Plano diretor de desenvolvimento urbano).MESA FOI COMPOSTA: -Sra. Elis\u00e2ngela Passos Sardinha-Secret\u00e1ria de Planejamento;-Sra.Damir Duarte da Silva-Coordenadora T\u00e9cnica e Financeira do Projeto Bonfim 2050;-Sr.Rafael de Castro Ledewig de Ara\u00fajo-Diretor da empresa PROJESTEC.Al\u00e9m do [&hellip;]<\/p>\n","protected":false},"author":2,"featured_media":16602,"comment_status":"open","ping_status":"open","sticky":false,"template":"","format":"standard","meta":{"_jetpack_memberships_contains_paid_content":false,"footnotes":""},"categories":[17],"tags":[],"class_list":["post-16601","post","type-post","status-publish","format-standard","has-post-thumbnail","hentry","category-senhor-do-bonfim"],"aioseo_notices":[],"jetpack_featured_media_url":"https:\/\/i0.wp.com\/minutobahia24h.com.br\/wp-content\/uploads\/2024\/09\/Sem-titulo-41.jpg?fit=696%2C522&ssl=1","jetpack_sharing_enabled":true,"_links":{"self":[{"href":"https:\/\/minutobahia24h.com.br\/index.php?rest_route=\/wp\/v2\/posts\/16601","targetHints":{"allow":["GET"]}}],"collection":[{"href":"https:\/\/minutobahia24h.com.br\/index.php?rest_route=\/wp\/v2\/posts"}],"about":[{"href":"https:\/\/minutobahia24h.com.br\/index.php?rest_route=\/wp\/v2\/types\/post"}],"author":[{"embeddable":true,"href":"https:\/\/minutobahia24h.com.br\/index.php?rest_route=\/wp\/v2\/users\/2"}],"replies":[{"embeddable":true,"href":"https:\/\/minutobahia24h.com.br\/index.php?rest_route=%2Fwp%2Fv2%2Fcomments&post=16601"}],"version-history":[{"count":1,"href":"https:\/\/minutobahia24h.com.br\/index.php?rest_route=\/wp\/v2\/posts\/16601\/revisions"}],"predecessor-version":[{"id":16603,"href":"https:\/\/minutobahia24h.com.br\/index.php?rest_route=\/wp\/v2\/posts\/16601\/revisions\/16603"}],"wp:featuredmedia":[{"embeddable":true,"href":"https:\/\/minutobahia24h.com.br\/index.php?rest_route=\/wp\/v2\/media\/16602"}],"wp:attachment":[{"href":"https:\/\/minutobahia24h.com.br\/index.php?rest_route=%2Fwp%2Fv2%2Fmedia&parent=16601"}],"wp:term":[{"taxonomy":"category","embeddable":true,"href":"https:\/\/minutobahia24h.com.br\/index.php?rest_route=%2Fwp%2Fv2%2Fcategories&post=16601"},{"taxonomy":"post_tag","embeddable":true,"href":"https:\/\/minutobahia24h.com.br\/index.php?rest_route=%2Fwp%2Fv2%2Ftags&post=16601"}],"curies":[{"name":"wp","href":"https:\/\/api.w.org\/{rel}","templated":true}]}}