{"id":16591,"date":"2024-09-04T07:05:16","date_gmt":"2024-09-04T10:05:16","guid":{"rendered":"https:\/\/minutobahia24h.com.br\/?p=16591"},"modified":"2024-09-04T07:05:17","modified_gmt":"2024-09-04T10:05:17","slug":"justica-baiana-reverte-decisao-e-autoriza-aborto-para-gestante-de-feto-sem-chance-de-vida","status":"publish","type":"post","link":"https:\/\/minutobahia24h.com.br\/?p=16591","title":{"rendered":"Justi\u00e7a baiana reverte decis\u00e3o e autoriza aborto para gestante de feto sem chance de vida"},"content":{"rendered":"<div class=\"wp-block-image\">\n<figure class=\"aligncenter size-full\"><img data-recalc-dims=\"1\" fetchpriority=\"high\" decoding=\"async\" width=\"800\" height=\"377\" src=\"https:\/\/i0.wp.com\/minutobahia24h.com.br\/wp-content\/uploads\/2024\/09\/Sem-titulo-38.jpg?resize=800%2C377&#038;ssl=1\" alt=\"\" class=\"wp-image-16592\" srcset=\"https:\/\/i0.wp.com\/minutobahia24h.com.br\/wp-content\/uploads\/2024\/09\/Sem-titulo-38.jpg?w=900&amp;ssl=1 900w, https:\/\/i0.wp.com\/minutobahia24h.com.br\/wp-content\/uploads\/2024\/09\/Sem-titulo-38.jpg?resize=300%2C141&amp;ssl=1 300w, https:\/\/i0.wp.com\/minutobahia24h.com.br\/wp-content\/uploads\/2024\/09\/Sem-titulo-38.jpg?resize=768%2C362&amp;ssl=1 768w, https:\/\/i0.wp.com\/minutobahia24h.com.br\/wp-content\/uploads\/2024\/09\/Sem-titulo-38.jpg?resize=750%2C353&amp;ssl=1 750w\" sizes=\"(max-width: 800px) 100vw, 800px\" \/><figcaption class=\"wp-element-caption\">Foto: Divulga\u00e7\u00e3o<\/figcaption><\/figure>\n<\/div>\n\n\n<p>A Segunda C\u00e2mara do Tribunal de Justi\u00e7a da Bahia (TJ-BA) derrubou, na \u00faltima segunda-feira (2), uma decis\u00e3o da primeira inst\u00e2ncia e garantiu o direito ao aborto legal para uma gestante de um de um feto com m\u00e1-forma\u00e7\u00e3o, sem chance de vida.\u00a0<\/p>\n\n\n\n<p>A paciente, assistida pela Defensoria P\u00fablica, buscava na Justi\u00e7a o direito de abortar desde julho, na \u00e9poca ela estava com 22 semanas de gesta\u00e7\u00e3o. O feto foi diagnosticado com um defeito no sistema urin\u00e1rio, quadro que se agravou porque n\u00e3o havia l\u00edquido amni\u00f3tico e os pulm\u00f5es e sistema digest\u00f3rio acabaram n\u00e3o se desenvolvendo. O caso e a decis\u00e3o foram revelados pela coluna de M\u00f4nica Bergamo, da Folha de S. Paulo.<\/p>\n\n\n\n<p>A Defensoria P\u00fablica acionou a Justi\u00e7a com um laudo assinado por dois m\u00e9dicos especialistas. Mas a ju\u00edza respons\u00e1vel pelo caso negou o pedido, alegando que n\u00e3o h\u00e1 &#8220;identifica\u00e7\u00e3o de risco concreto \u00e0 vida da gestante, se levada a gesta\u00e7\u00e3o a termo&#8221;. A Defensoria recorreu da decis\u00e3o.<\/p>\n\n\n\n<p>Na segunda inst\u00e2ncia, o desembargador Geder Luiz Rocha Gomes votou a favor da libera\u00e7\u00e3o da interrup\u00e7\u00e3o da gesta\u00e7\u00e3o, entendimento que foi seguido pelos demais de forma un\u00e2nime. No parecer, o desembargador diz que o Brasil \u00e9 um Estado laico e afirma que n\u00e3o se pode minimizar as &#8220;dores, f\u00edsica e psicol\u00f3gica, suportadas pela mulher&#8221;, como no caso desta gestante.<\/p>\n\n\n\n<p>portalespacoaberto<\/p>\n","protected":false},"excerpt":{"rendered":"<p>A Segunda C\u00e2mara do Tribunal de Justi\u00e7a da Bahia (TJ-BA) derrubou, na \u00faltima segunda-feira (2), uma decis\u00e3o da primeira inst\u00e2ncia e garantiu o direito ao aborto legal para uma gestante de um de um feto com m\u00e1-forma\u00e7\u00e3o, sem chance de vida.\u00a0 A paciente, assistida pela Defensoria P\u00fablica, buscava na Justi\u00e7a o direito de abortar desde [&hellip;]<\/p>\n","protected":false},"author":2,"featured_media":16592,"comment_status":"open","ping_status":"open","sticky":false,"template":"","format":"standard","meta":{"_jetpack_memberships_contains_paid_content":false,"footnotes":""},"categories":[23],"tags":[],"class_list":["post-16591","post","type-post","status-publish","format-standard","has-post-thumbnail","hentry","category-justica"],"aioseo_notices":[],"jetpack_featured_media_url":"https:\/\/i0.wp.com\/minutobahia24h.com.br\/wp-content\/uploads\/2024\/09\/Sem-titulo-38.jpg?fit=900%2C424&ssl=1","jetpack_sharing_enabled":true,"_links":{"self":[{"href":"https:\/\/minutobahia24h.com.br\/index.php?rest_route=\/wp\/v2\/posts\/16591","targetHints":{"allow":["GET"]}}],"collection":[{"href":"https:\/\/minutobahia24h.com.br\/index.php?rest_route=\/wp\/v2\/posts"}],"about":[{"href":"https:\/\/minutobahia24h.com.br\/index.php?rest_route=\/wp\/v2\/types\/post"}],"author":[{"embeddable":true,"href":"https:\/\/minutobahia24h.com.br\/index.php?rest_route=\/wp\/v2\/users\/2"}],"replies":[{"embeddable":true,"href":"https:\/\/minutobahia24h.com.br\/index.php?rest_route=%2Fwp%2Fv2%2Fcomments&post=16591"}],"version-history":[{"count":1,"href":"https:\/\/minutobahia24h.com.br\/index.php?rest_route=\/wp\/v2\/posts\/16591\/revisions"}],"predecessor-version":[{"id":16593,"href":"https:\/\/minutobahia24h.com.br\/index.php?rest_route=\/wp\/v2\/posts\/16591\/revisions\/16593"}],"wp:featuredmedia":[{"embeddable":true,"href":"https:\/\/minutobahia24h.com.br\/index.php?rest_route=\/wp\/v2\/media\/16592"}],"wp:attachment":[{"href":"https:\/\/minutobahia24h.com.br\/index.php?rest_route=%2Fwp%2Fv2%2Fmedia&parent=16591"}],"wp:term":[{"taxonomy":"category","embeddable":true,"href":"https:\/\/minutobahia24h.com.br\/index.php?rest_route=%2Fwp%2Fv2%2Fcategories&post=16591"},{"taxonomy":"post_tag","embeddable":true,"href":"https:\/\/minutobahia24h.com.br\/index.php?rest_route=%2Fwp%2Fv2%2Ftags&post=16591"}],"curies":[{"name":"wp","href":"https:\/\/api.w.org\/{rel}","templated":true}]}}