{"id":16514,"date":"2024-09-02T14:51:38","date_gmt":"2024-09-02T17:51:38","guid":{"rendered":"https:\/\/minutobahia24h.com.br\/?p=16514"},"modified":"2024-09-02T14:51:39","modified_gmt":"2024-09-02T17:51:39","slug":"corte-de-luz-saiba-seus-direitos-e-veja-dicas-para-evitar-a-suspensao","status":"publish","type":"post","link":"https:\/\/minutobahia24h.com.br\/?p=16514","title":{"rendered":"Corte de luz: saiba seus direitos e veja dicas para evitar a suspens\u00e3o"},"content":{"rendered":"<div class=\"wp-block-image\">\n<figure class=\"aligncenter size-full\"><img data-recalc-dims=\"1\" fetchpriority=\"high\" decoding=\"async\" width=\"800\" height=\"537\" src=\"https:\/\/i0.wp.com\/minutobahia24h.com.br\/wp-content\/uploads\/2024\/09\/Sem-titulo-21.jpg?resize=800%2C537&#038;ssl=1\" alt=\"\" class=\"wp-image-16515\" srcset=\"https:\/\/i0.wp.com\/minutobahia24h.com.br\/wp-content\/uploads\/2024\/09\/Sem-titulo-21.jpg?w=817&amp;ssl=1 817w, https:\/\/i0.wp.com\/minutobahia24h.com.br\/wp-content\/uploads\/2024\/09\/Sem-titulo-21.jpg?resize=300%2C201&amp;ssl=1 300w, https:\/\/i0.wp.com\/minutobahia24h.com.br\/wp-content\/uploads\/2024\/09\/Sem-titulo-21.jpg?resize=768%2C515&amp;ssl=1 768w, https:\/\/i0.wp.com\/minutobahia24h.com.br\/wp-content\/uploads\/2024\/09\/Sem-titulo-21.jpg?resize=750%2C503&amp;ssl=1 750w\" sizes=\"(max-width: 800px) 100vw, 800px\" \/><figcaption class=\"wp-element-caption\"><sub>Foto: Willian Moreira\/Futura Press\/Estad\u00e3o Conte\u00fado<\/sub><br><\/figcaption><\/figure>\n<\/div>\n\n\n<p>Abriu o registro do chuveiro e a \u00e1gua n\u00e3o esquentou? Clicou no interruptor e a luz n\u00e3o acendeu? A geladeira parou de funcionar? Se essas situa\u00e7\u00f5es aconteceram na sua casa, saiba: o fornecimento de energia deve ter sido suspenso.<\/p>\n\n\n\n<p>O corte de luz \u00e9 feito pelas distribuidoras quando o consumidor n\u00e3o realiza o pagamento de pelo menos uma conta. E o assunto ganhou nova import\u00e2ncia porque, ap\u00f3s tr\u00eas anos, o governo voltar\u00e1 a acionar bandeira vermelha na conta de luz, deixando a energia ficar mais cara.<\/p>\n\n\n\n<p>A planejadora financeira Carol Stange diz que a conta mais cara \u00e9 uma das surpresas do or\u00e7amento dom\u00e9stico que pode se desenrolar em um corte de luz. Outros casos comuns s\u00e3o quando o consumidor esquece de pagar as contas e ou quando perde o controle do consumo.<\/p>\n\n\n\n<p>Nesta reportagem, o&nbsp;<strong>g1<\/strong>&nbsp;reponde \u00e0s principais d\u00favidas sobre como funciona o processo de corte de energia, al\u00e9m de fornecer dicas para te ajudar a evitar a suspens\u00e3o do fornecimento.<\/p>\n\n\n\n<p><strong>Entenda como funciona o corte de luz<\/strong><\/p>\n\n\n\n<ul class=\"wp-block-list\">\n<li><strong><em>O corte pode vir com apenas uma conta atrasada? Existe uma quantidade m\u00ednima de contas n\u00e3o pagas para o corte?<\/em><\/strong><\/li>\n<\/ul>\n\n\n\n<p>N\u00e3o existe um n\u00famero m\u00ednimo de contas atrasadas para a suspens\u00e3o, o que significa que a distribuidora pode realizar a interrup\u00e7\u00e3o do fornecimento de energia ap\u00f3s notificar devidamente o consumidor.<\/p>\n\n\n\n<p>Para efetuar o corte, a empresa obrigatoriamente precisa encaminhar um aviso para o cliente com, pelo menos, 15 dias de anteced\u00eancia. De acordo com a Aneel, essa notifica\u00e7\u00e3o deve conter informa\u00e7\u00f5es como o dia em que vai ser realizada a interrup\u00e7\u00e3o e o prazo de encerramento das rela\u00e7\u00f5es contratuais.<\/p>\n\n\n\n<p>Al\u00e9m disso, a distribuidora s\u00f3 pode fazer o corte de luz em um prazo m\u00e1ximo de 90 dias ap\u00f3s a data de vencimento da fatura. Assim, a companhia \u00e9 proibida de suspender a energia caso esse prazo seja ultrapassado.<\/p>\n\n\n\n<p>Conforme a advogada Julia Caetano, depois desse per\u00edodo, o d\u00e9bito s\u00f3 dever\u00e1 ser cobrado na Justi\u00e7a ou de maneira administrativa, contanto que as contas posteriores estejam quitadas.<\/p>\n\n\n\n<h5 class=\"wp-block-heading\"><strong><mark>\u201cMas esse prazo tem uma importante exce\u00e7\u00e3o: caso seja comprovado que o impedimento do corte decorreu de determina\u00e7\u00e3o judicial ou outro motivo justific\u00e1vel, \u00e9 permitido a suspens\u00e3o depois dos 90 dias\u201d, alegou a especialista.<\/mark><\/strong><\/h5>\n\n\n\n<ul class=\"wp-block-list\">\n<li><strong><em>A suspens\u00e3o da energia pode ser feita no final de semana?<\/em><\/strong><\/li>\n<\/ul>\n\n\n\n<p>N\u00e3o. \u00c9 proibido realizar o corte de energia el\u00e9trica \u00e0s sextas-feiras, s\u00e1bados, domingos, v\u00e9speras de feriados e nos feriados. Tamb\u00e9m \u00e9 vedada a suspens\u00e3o antes das 8h e depois das 18h em todos os dias da semana.<\/p>\n\n\n\n<ul class=\"wp-block-list\">\n<li><strong><em>Se eu receber o aviso de corte, o que devo fazer?<\/em><\/strong><\/li>\n<\/ul>\n\n\n\n<p>Ap\u00f3s receber o aviso 15 dias antes da data da suspens\u00e3o, \u00e9 recomendado que o consumidor quite o d\u00e9bito o quanto antes para evitar o corte. Tamb\u00e9m \u00e9 indicado que o cliente guarde os comprovantes de pagamento para apresentar \u00e0 distribuidora.<\/p>\n\n\n\n<p>Caso n\u00e3o consiga pagar a conta por falta de dinheiro, o consumidor tem a possibilidade de parcelar o d\u00e9bito com a companhia em alguns casos.<\/p>\n\n\n\n<ul class=\"wp-block-list\">\n<li><strong><em>Como parcelar d\u00e9bitos das contas de luz?<\/em><\/strong><\/li>\n<\/ul>\n\n\n\n<p>Embora n\u00e3o tenham obriga\u00e7\u00e3o legal, muitas empresas realizam o parcelamento do valor das faturas que est\u00e3o abertas. Para isso, o consumidor precisa pedir para a distribuidora, que pode aceitar ou n\u00e3o a solicita\u00e7\u00e3o.<\/p>\n\n\n\n<p>Entretanto, se o domic\u00edlio for classificado como residencial de baixa renda, as companhias s\u00e3o obrigadas a parcelar os d\u00e9bitos, a menos que a d\u00edvida j\u00e1 tenha sido parcelada em algum momento.<\/p>\n\n\n\n<p>A solicita\u00e7\u00e3o de parcelamento deve ser feita pelo titular ou representante legal. As parcelas do d\u00e9bito s\u00e3o inseridas nas contas dos meses posteriores.<\/p>\n\n\n\n<ul class=\"wp-block-list\">\n<li><strong><em>Ap\u00f3s quitar a d\u00edvida, qual \u00e9 o prazo para religar a energia?<\/em><\/strong><\/li>\n<\/ul>\n\n\n\n<p>Depois de efetuar o pagamento das contas atrasadas, o consumidor deve solicitar o restabelecimento da energia para a distribuidora.<\/p>\n\n\n\n<p><strong>A companhia de energia el\u00e9trica deve religar a luz nos seguintes prazos:<\/strong><\/p>\n\n\n\n<ul class=\"wp-block-list\">\n<li>4 horas caso a interrup\u00e7\u00e3o tiver sido indevida;<\/li>\n\n\n\n<li>24 horas para situa\u00e7\u00e3o normal de instala\u00e7\u00f5es localizadas em \u00e1rea urbana;<\/li>\n\n\n\n<li>48 horas para situa\u00e7\u00e3o normal de resid\u00eancias em \u00e1rea rural.<\/li>\n<\/ul>\n\n\n\n<p>Algumas fornecedoras oferecem o servi\u00e7o de religa\u00e7\u00e3o de urg\u00eancia, que restabelece em quatro horas a energia de instala\u00e7\u00f5es urbanas, e em 8 horas, de zona rural.<\/p>\n\n\n\n<ul class=\"wp-block-list\">\n<li><strong><em>Como proceder caso a minha energia tenha sido cortada indevidamente?<\/em><\/strong><\/li>\n<\/ul>\n\n\n\n<p>Se todas as contas do consumidor estiverem pagas e, mesmo assim, a energia tiver sido cortada, ele deve entrar em contato com a companhia para religar o fornecimento o mais breve poss\u00edvel.<\/p>\n\n\n\n<p>Neste caso, a distribuidora deve restabelecer, de forma gratuita, a energia do cliente em at\u00e9 quatro horas. Al\u00e9m disso, conforme a Aneel, a companhia \u201cdever\u00e1 efetuar um cr\u00e9dito na pr\u00f3xima fatura, podendo at\u00e9 responder por outros danos ao consumidor\u201d.<\/p>\n\n\n\n<p><strong>Tarifa Social<\/strong><\/p>\n\n\n\n<p>Caso o valor da conta de luz \u201cpese\u201d no or\u00e7amento, pessoas de baixa renda podem solicitar descontos na fatura por meio da Tarifa Social de Energia El\u00e9trica.&nbsp;<a href=\"https:\/\/g1.globo.com\/economia\/noticia\/2024\/07\/22\/tarifa-social-saiba-se-voce-pode-ter-desconto-na-conta-de-luz.ghtml\"><strong><mark>Veja aqui como fazer<\/mark><\/strong><\/a>.<\/p>\n\n\n\n<p>Criado em 2002 pelo governo federal, o programa pode garantir at\u00e9 100% de desconto, a depender do consumo mensal, na conta de consumidores residenciais.<\/p>\n\n\n\n<p>Em geral, para ter acesso \u00e0 iniciativa, \u00e9 preciso ser inscrito no Cadastro \u00danico (Cad\u00danico) e a fam\u00edlia deve ter renda mensal de at\u00e9 meio sal\u00e1rio m\u00ednimo por pessoa. Mas tamb\u00e9m ter acesso ao benef\u00edcio de idosos acima de 65 anos e pessoas com defici\u00eancia que recebam o Benef\u00edcio de Presta\u00e7\u00e3o Continuada (BPC), por exemplo.<\/p>\n\n\n\n<p><strong>Dicas parar evitar o corte de energia<\/strong><\/p>\n\n\n\n<p>A planejadora financeira Carol Stange explica que a suspens\u00e3o da energia el\u00e9trica pode ser causada por dois motivos, principalmente:<\/p>\n\n\n\n<ul class=\"wp-block-list\">\n<li><strong><mark>Falta de organiza\u00e7\u00e3o:<\/mark><\/strong>\u00a0Se a pessoa n\u00e3o conhece quantas contas ela precisa pagar no m\u00eas ou costuma ter surpresas no or\u00e7amento, ela pode esquecer ou n\u00e3o conseguir realizar algum pagamento;<\/li>\n\n\n\n<li><strong><mark>Consumo excessivo:<\/mark><\/strong>\u00a0\u00c9pocas de mais calor costumam aumentar o consumo de luz das fam\u00edlias e, consequentemente, o pre\u00e7o das contas. Assim, em momentos de consumo fora da curva, o or\u00e7amento pode n\u00e3o ser suficiente para o pagamento, o que pode gerar inadimpl\u00eancia.<\/li>\n<\/ul>\n\n\n\n<p>Sobre a desorganiza\u00e7\u00e3o, \u00e9 indicado cadastrar as contas de luz em d\u00e9bito autom\u00e1tico nos bancos e utilizar as faturas em formato digital, que envia lembretes quando a conta est\u00e1 pr\u00f3xima do vencimento.<\/p>\n\n\n\n<h5 class=\"wp-block-heading\"><strong><mark>\u201cOutra alternativa \u00e9 colocar as contas em um lugar vis\u00edvel, como um mural ou uma pasta para evitar esquecimento. Tamb\u00e9m recomendo utilizar aplicativos de organiza\u00e7\u00e3o financeira. Al\u00e9m disso, colocar todas as contas em um \u00fanico banco \u00e9 uma alternativa para evitar atrasos, j\u00e1 que est\u00e1 tudo em um s\u00f3 lugar\u201d, disse Carol Stange.<\/mark><\/strong><\/h5>\n\n\n\n<p>Ficar atento ao consumo de energia e adotar h\u00e1bitos que ajudam a economizar tamb\u00e9m \u00e9 importante para evitar o corte de luz por falta de pagamento. Sobre isso, s\u00e3o recomendadas as seguintes estrat\u00e9gias:<\/p>\n\n\n\n<ul class=\"wp-block-list\">\n<li>Substituir l\u00e2mpadas incandescentes por l\u00e2mpadas de LED, pois elas consomem at\u00e9 80% menos energia que as convencionais;<\/li>\n\n\n\n<li>Diminuir o consumo de chuveiro el\u00e9trico, secadora de roupas, aquecedor, ferro de passar, geladeira, micro-ondas, freezer e lavadora de roupas;<\/li>\n\n\n\n<li>Aproveitar a luz natural durante o dia;<\/li>\n\n\n\n<li>Tirar os aparelhos el\u00e9tricos da tomada quando n\u00e3o tiver mais em uso;<\/li>\n\n\n\n<li>Verificar os fios da casa: fios desencapados ou expostos podem gerar acidentes e contribuem para perda de energia. O recomendado \u00e9 troc\u00e1-los com urg\u00eancia;<\/li>\n\n\n\n<li>Adquirir aparelhos el\u00e9tricos eficientes: eletrodom\u00e9sticos mais antigos costumam consumir mais energia. Se puder, os substitua por aparelhos mais novos e com selo PROCEL (Programa Nacional de Conserva\u00e7\u00e3o de Energia El\u00e9trica) de efici\u00eancia energ\u00e9tica.<\/li>\n<\/ul>\n\n\n\n<p>blogdoeloiltoncajuhy<\/p>\n","protected":false},"excerpt":{"rendered":"<p>Abriu o registro do chuveiro e a \u00e1gua n\u00e3o esquentou? Clicou no interruptor e a luz n\u00e3o acendeu? A geladeira parou de funcionar? Se essas situa\u00e7\u00f5es aconteceram na sua casa, saiba: o fornecimento de energia deve ter sido suspenso. O corte de luz \u00e9 feito pelas distribuidoras quando o consumidor n\u00e3o realiza o pagamento de [&hellip;]<\/p>\n","protected":false},"author":2,"featured_media":16515,"comment_status":"open","ping_status":"open","sticky":false,"template":"","format":"standard","meta":{"_jetpack_memberships_contains_paid_content":false,"footnotes":""},"categories":[19],"tags":[],"class_list":["post-16514","post","type-post","status-publish","format-standard","has-post-thumbnail","hentry","category-economia"],"aioseo_notices":[],"jetpack_featured_media_url":"https:\/\/i0.wp.com\/minutobahia24h.com.br\/wp-content\/uploads\/2024\/09\/Sem-titulo-21.jpg?fit=817%2C548&ssl=1","jetpack_sharing_enabled":true,"_links":{"self":[{"href":"https:\/\/minutobahia24h.com.br\/index.php?rest_route=\/wp\/v2\/posts\/16514","targetHints":{"allow":["GET"]}}],"collection":[{"href":"https:\/\/minutobahia24h.com.br\/index.php?rest_route=\/wp\/v2\/posts"}],"about":[{"href":"https:\/\/minutobahia24h.com.br\/index.php?rest_route=\/wp\/v2\/types\/post"}],"author":[{"embeddable":true,"href":"https:\/\/minutobahia24h.com.br\/index.php?rest_route=\/wp\/v2\/users\/2"}],"replies":[{"embeddable":true,"href":"https:\/\/minutobahia24h.com.br\/index.php?rest_route=%2Fwp%2Fv2%2Fcomments&post=16514"}],"version-history":[{"count":1,"href":"https:\/\/minutobahia24h.com.br\/index.php?rest_route=\/wp\/v2\/posts\/16514\/revisions"}],"predecessor-version":[{"id":16516,"href":"https:\/\/minutobahia24h.com.br\/index.php?rest_route=\/wp\/v2\/posts\/16514\/revisions\/16516"}],"wp:featuredmedia":[{"embeddable":true,"href":"https:\/\/minutobahia24h.com.br\/index.php?rest_route=\/wp\/v2\/media\/16515"}],"wp:attachment":[{"href":"https:\/\/minutobahia24h.com.br\/index.php?rest_route=%2Fwp%2Fv2%2Fmedia&parent=16514"}],"wp:term":[{"taxonomy":"category","embeddable":true,"href":"https:\/\/minutobahia24h.com.br\/index.php?rest_route=%2Fwp%2Fv2%2Fcategories&post=16514"},{"taxonomy":"post_tag","embeddable":true,"href":"https:\/\/minutobahia24h.com.br\/index.php?rest_route=%2Fwp%2Fv2%2Ftags&post=16514"}],"curies":[{"name":"wp","href":"https:\/\/api.w.org\/{rel}","templated":true}]}}