{"id":16508,"date":"2024-09-02T14:47:43","date_gmt":"2024-09-02T17:47:43","guid":{"rendered":"https:\/\/minutobahia24h.com.br\/?p=16508"},"modified":"2024-09-02T14:47:44","modified_gmt":"2024-09-02T17:47:44","slug":"vitimas-de-acidente-com-veiculo-de-canarana-sao-identificadas-prefeitura-decreta-luto-de-3-dias","status":"publish","type":"post","link":"https:\/\/minutobahia24h.com.br\/?p=16508","title":{"rendered":"V\u00edtimas de acidente com ve\u00edculo de Canarana s\u00e3o identificadas; prefeitura decreta luto de 3 dias"},"content":{"rendered":"<div class=\"wp-block-image\">\n<figure class=\"aligncenter size-large\"><img data-recalc-dims=\"1\" fetchpriority=\"high\" decoding=\"async\" width=\"800\" height=\"420\" src=\"https:\/\/i0.wp.com\/minutobahia24h.com.br\/wp-content\/uploads\/2024\/09\/Sem-titulo-19-1024x538.jpg?resize=800%2C420&#038;ssl=1\" alt=\"\" class=\"wp-image-16509\" srcset=\"https:\/\/i0.wp.com\/minutobahia24h.com.br\/wp-content\/uploads\/2024\/09\/Sem-titulo-19.jpg?resize=1024%2C538&amp;ssl=1 1024w, https:\/\/i0.wp.com\/minutobahia24h.com.br\/wp-content\/uploads\/2024\/09\/Sem-titulo-19.jpg?resize=300%2C158&amp;ssl=1 300w, https:\/\/i0.wp.com\/minutobahia24h.com.br\/wp-content\/uploads\/2024\/09\/Sem-titulo-19.jpg?resize=768%2C403&amp;ssl=1 768w, https:\/\/i0.wp.com\/minutobahia24h.com.br\/wp-content\/uploads\/2024\/09\/Sem-titulo-19.jpg?resize=750%2C394&amp;ssl=1 750w, https:\/\/i0.wp.com\/minutobahia24h.com.br\/wp-content\/uploads\/2024\/09\/Sem-titulo-19.jpg?resize=1140%2C599&amp;ssl=1 1140w, https:\/\/i0.wp.com\/minutobahia24h.com.br\/wp-content\/uploads\/2024\/09\/Sem-titulo-19.jpg?w=1200&amp;ssl=1 1200w\" sizes=\"(max-width: 800px) 100vw, 800px\" \/><figcaption class=\"wp-element-caption\">Foto: Reprodu\u00e7\u00e3o \/ Cara\u00edbas FM<br><\/figcaption><\/figure>\n<\/div>\n\n\n<p>As pessoas que foram a \u00f3bito no&nbsp;<a href=\"https:\/\/www.bahianoticias.com.br\/municipios\/noticia\/41124-acidente-com-pacientes-da-regiao-de-irece-deixa-4-pessoas-mortas\" target=\"_blank\" rel=\"noreferrer noopener\"><strong>acidente com um micro-\u00f4nibus de Canarana<\/strong><\/a>, na regi\u00e3o de&nbsp;<a href=\"https:\/\/www.bahianoticias.com.br\/tags\/irec%C3%AA\" target=\"_blank\" rel=\"noreferrer noopener\"><strong>Irec\u00ea<\/strong><\/a>, foram identificadas. As v\u00edtimas s\u00e3o: Elaine Maria da Silva, de 40 anos; a filha dela, Ketlin da Silva, de 1 ano e 2 meses; Adiavan Jos\u00e9 de Ara\u00fajo, de 64 anos; e Jenivaldo Ara\u00fajo, de 57 anos. Outras 16 pessoas ficaram feridas e foram levadas para hospitais de Feira de Santana, Candeias e Salvador.<\/p>\n\n\n\n<p>Um dos feridos, o motorista foi encaminhado em estado grave para o Hospital Cl\u00e9riston Andrade, em Feira de Santana. O acidente ocorreu na madrugada desta segunda-feira (2) em um trecho da BR-324 de S\u00e3o Sebasti\u00e3o do Pass\u00e9, na Regi\u00e3o Metropolitana de Salvador (RMS).<\/p>\n\n\n\n<p>As v\u00edtimas eram pacientes que tinham sa\u00eddo de Canarana para fazer tratamento de sa\u00fade na capital baiana. Por conta do ocorrido, o prefeito da cidade, Ezenivaldo Alves Dourado (PL), decretou luto oficial de tr\u00eas dias. O gestor se deslocou para a capital baiana a fim de acompanhar as a\u00e7\u00f5es de apoio \u00e0s v\u00edtimas.\u00a0<\/p>\n\n\n\n<p>BN<\/p>\n","protected":false},"excerpt":{"rendered":"<p>As pessoas que foram a \u00f3bito no&nbsp;acidente com um micro-\u00f4nibus de Canarana, na regi\u00e3o de&nbsp;Irec\u00ea, foram identificadas. As v\u00edtimas s\u00e3o: Elaine Maria da Silva, de 40 anos; a filha dela, Ketlin da Silva, de 1 ano e 2 meses; Adiavan Jos\u00e9 de Ara\u00fajo, de 64 anos; e Jenivaldo Ara\u00fajo, de 57 anos. Outras 16 pessoas [&hellip;]<\/p>\n","protected":false},"author":2,"featured_media":16509,"comment_status":"open","ping_status":"open","sticky":false,"template":"","format":"standard","meta":{"_jetpack_memberships_contains_paid_content":false,"footnotes":""},"categories":[46],"tags":[],"class_list":["post-16508","post","type-post","status-publish","format-standard","has-post-thumbnail","hentry","category-noticia"],"aioseo_notices":[],"jetpack_featured_media_url":"https:\/\/i0.wp.com\/minutobahia24h.com.br\/wp-content\/uploads\/2024\/09\/Sem-titulo-19.jpg?fit=1200%2C630&ssl=1","jetpack_sharing_enabled":true,"_links":{"self":[{"href":"https:\/\/minutobahia24h.com.br\/index.php?rest_route=\/wp\/v2\/posts\/16508","targetHints":{"allow":["GET"]}}],"collection":[{"href":"https:\/\/minutobahia24h.com.br\/index.php?rest_route=\/wp\/v2\/posts"}],"about":[{"href":"https:\/\/minutobahia24h.com.br\/index.php?rest_route=\/wp\/v2\/types\/post"}],"author":[{"embeddable":true,"href":"https:\/\/minutobahia24h.com.br\/index.php?rest_route=\/wp\/v2\/users\/2"}],"replies":[{"embeddable":true,"href":"https:\/\/minutobahia24h.com.br\/index.php?rest_route=%2Fwp%2Fv2%2Fcomments&post=16508"}],"version-history":[{"count":1,"href":"https:\/\/minutobahia24h.com.br\/index.php?rest_route=\/wp\/v2\/posts\/16508\/revisions"}],"predecessor-version":[{"id":16510,"href":"https:\/\/minutobahia24h.com.br\/index.php?rest_route=\/wp\/v2\/posts\/16508\/revisions\/16510"}],"wp:featuredmedia":[{"embeddable":true,"href":"https:\/\/minutobahia24h.com.br\/index.php?rest_route=\/wp\/v2\/media\/16509"}],"wp:attachment":[{"href":"https:\/\/minutobahia24h.com.br\/index.php?rest_route=%2Fwp%2Fv2%2Fmedia&parent=16508"}],"wp:term":[{"taxonomy":"category","embeddable":true,"href":"https:\/\/minutobahia24h.com.br\/index.php?rest_route=%2Fwp%2Fv2%2Fcategories&post=16508"},{"taxonomy":"post_tag","embeddable":true,"href":"https:\/\/minutobahia24h.com.br\/index.php?rest_route=%2Fwp%2Fv2%2Ftags&post=16508"}],"curies":[{"name":"wp","href":"https:\/\/api.w.org\/{rel}","templated":true}]}}