{"id":16499,"date":"2024-09-02T14:43:42","date_gmt":"2024-09-02T17:43:42","guid":{"rendered":"https:\/\/minutobahia24h.com.br\/?p=16499"},"modified":"2024-09-02T14:43:43","modified_gmt":"2024-09-02T17:43:43","slug":"volkswagen-considera-fechar-fabricas-na-alemanha-pela-primeira-vez-em-seus-87-anos","status":"publish","type":"post","link":"https:\/\/minutobahia24h.com.br\/?p=16499","title":{"rendered":"Volkswagen considera fechar f\u00e1bricas na Alemanha pela primeira vez em seus 87 anos"},"content":{"rendered":"<div class=\"wp-block-image\">\n<figure class=\"aligncenter size-full\"><img data-recalc-dims=\"1\" fetchpriority=\"high\" decoding=\"async\" width=\"600\" height=\"420\" src=\"https:\/\/i0.wp.com\/minutobahia24h.com.br\/wp-content\/uploads\/2024\/09\/Sem-titulo-16.jpg?resize=600%2C420&#038;ssl=1\" alt=\"\" class=\"wp-image-16500\" srcset=\"https:\/\/i0.wp.com\/minutobahia24h.com.br\/wp-content\/uploads\/2024\/09\/Sem-titulo-16.jpg?w=600&amp;ssl=1 600w, https:\/\/i0.wp.com\/minutobahia24h.com.br\/wp-content\/uploads\/2024\/09\/Sem-titulo-16.jpg?resize=300%2C210&amp;ssl=1 300w\" sizes=\"(max-width: 600px) 100vw, 600px\" \/><figcaption class=\"wp-element-caption\">Reprodu\u00e7\u00e3o: Redes sociais<br><\/figcaption><\/figure>\n<\/div>\n\n\n<p>A Volkswagen est\u00e1 considerando fechamentos de f\u00e1bricas sem precedentes na Alemanha, preparando um confronto com poderosos sindicatos enquanto a ind\u00fastria mais importante do pa\u00eds luta por seu futuro, de acordo com informa\u00e7\u00f5es do portal InfoMoney.<\/p>\n\n\n\n<p>As medidas potenciais tamb\u00e9m incluem tentar encerrar o pacto de tr\u00eas d\u00e9cadas da empresa com os trabalhadores para manter os empregos seguros, disse a empresa na segunda-feira (2). O principal alvo da VW \u00e9 sua marca de carros de passageiros, cujas margens de lucro est\u00e3o sendo pressionadas em meio a uma transi\u00e7\u00e3o hesitante para ve\u00edculos el\u00e9tricos (EVs) e uma desacelera\u00e7\u00e3o nos gastos dos consumidores.<\/p>\n\n\n\n<p>Qualquer fechamento marcaria as primeiras paralisa\u00e7\u00f5es na Alemanha em toda a hist\u00f3ria de 87 anos da empresa. As a\u00e7\u00f5es da VW fecharam em alta de 1,3% ap\u00f3s a not\u00edcia, reduzindo as perdas deste ano para 13%.<\/p>\n\n\n\n<p>\u201cO ambiente econ\u00f4mico tornou-se ainda mais dif\u00edcil e novos concorrentes est\u00e3o entrando na Europa. A Alemanha como local de neg\u00f3cios est\u00e1 ficando ainda mais para tr\u00e1s em termos de competitividade\u201d, disse o CEO da VW, Oliver Blume, em um comunicado.<\/p>\n\n\n\n<p>Um conflito trabalhista em grande escala seria um grande teste para o CEO \u2014 que tamb\u00e9m lidera a marca de carros esportivos Porsche \u2014 ap\u00f3s confrontos sindicais terem derrubado v\u00e1rios de seus predecessores na VW.<\/p>\n\n\n\n<p>Aumentar os retornos da marca VW tornou-se mais dif\u00edcil com os custos mais altos de log\u00edstica, energia e trabalho. A margem da marca caiu para 2,3% durante o primeiro semestre, em compara\u00e7\u00e3o com 3,8% no ano anterior. A empresa tamb\u00e9m perdeu for\u00e7a em seu maior mercado, a China, com sua linha de modelos EV muito atr\u00e1s dos concorrentes, enquanto carros el\u00e9tricos chineses mais baratos est\u00e3o entrando na Europa.<\/p>\n\n\n\n<p>O iminente confronto em uma das maiores empresas da Alemanha amea\u00e7a um consenso p\u00f3s-guerra onde os trabalhadores t\u00eam influ\u00eancia significativa. Acordos de cogest\u00e3o de d\u00e9cadas est\u00e3o sob press\u00e3o \u00e0 medida que novos concorrentes miram o alicerce industrial da Alemanha e partidos populistas ganham for\u00e7a.<\/p>\n\n\n\n<p>No domingo, os resultados das elei\u00e7\u00f5es em dois estados do leste da Alemanha representaram mais um golpe para os Social-Democratas de Olaf Scholz e seus dois parceiros de coaliz\u00e3o. O partido Alternativa para a Alemanha ficou em segundo lugar na Sax\u00f4nia, onde a VW possui uma f\u00e1brica de EVs em Zwickau, e venceu as elei\u00e7\u00f5es na vizinha Tur\u00edngia, a primeira vit\u00f3ria de um partido de extrema direita em uma elei\u00e7\u00e3o estadual alem\u00e3 desde a Segunda Guerra Mundial.<\/p>\n\n\n\n<p>\u201cEstou profundamente preocupado que a administra\u00e7\u00e3o do Grupo VW n\u00e3o esteja mais descartando o fechamento de f\u00e1bricas e demiss\u00f5es compuls\u00f3rias\u201d, disse Bernd Westphal, porta-voz de pol\u00edtica econ\u00f4mica do grupo parlamentar do SPD de Scholz, \u00e0 Bloomberg News. \u201cO grupo parlamentar do SPD est\u00e1 firmemente ao lado dos funcion\u00e1rios e espera conversas construtivas\u201d com os conselhos de trabalhadores e sindicatos.<\/p>\n\n\n\n<p>Bahia.ba<\/p>\n","protected":false},"excerpt":{"rendered":"<p>A Volkswagen est\u00e1 considerando fechamentos de f\u00e1bricas sem precedentes na Alemanha, preparando um confronto com poderosos sindicatos enquanto a ind\u00fastria mais importante do pa\u00eds luta por seu futuro, de acordo com informa\u00e7\u00f5es do portal InfoMoney. As medidas potenciais tamb\u00e9m incluem tentar encerrar o pacto de tr\u00eas d\u00e9cadas da empresa com os trabalhadores para manter os [&hellip;]<\/p>\n","protected":false},"author":2,"featured_media":16500,"comment_status":"open","ping_status":"open","sticky":false,"template":"","format":"standard","meta":{"_jetpack_memberships_contains_paid_content":false,"footnotes":""},"categories":[19],"tags":[],"class_list":["post-16499","post","type-post","status-publish","format-standard","has-post-thumbnail","hentry","category-economia"],"aioseo_notices":[],"jetpack_featured_media_url":"https:\/\/i0.wp.com\/minutobahia24h.com.br\/wp-content\/uploads\/2024\/09\/Sem-titulo-16.jpg?fit=600%2C420&ssl=1","jetpack_sharing_enabled":true,"_links":{"self":[{"href":"https:\/\/minutobahia24h.com.br\/index.php?rest_route=\/wp\/v2\/posts\/16499","targetHints":{"allow":["GET"]}}],"collection":[{"href":"https:\/\/minutobahia24h.com.br\/index.php?rest_route=\/wp\/v2\/posts"}],"about":[{"href":"https:\/\/minutobahia24h.com.br\/index.php?rest_route=\/wp\/v2\/types\/post"}],"author":[{"embeddable":true,"href":"https:\/\/minutobahia24h.com.br\/index.php?rest_route=\/wp\/v2\/users\/2"}],"replies":[{"embeddable":true,"href":"https:\/\/minutobahia24h.com.br\/index.php?rest_route=%2Fwp%2Fv2%2Fcomments&post=16499"}],"version-history":[{"count":1,"href":"https:\/\/minutobahia24h.com.br\/index.php?rest_route=\/wp\/v2\/posts\/16499\/revisions"}],"predecessor-version":[{"id":16501,"href":"https:\/\/minutobahia24h.com.br\/index.php?rest_route=\/wp\/v2\/posts\/16499\/revisions\/16501"}],"wp:featuredmedia":[{"embeddable":true,"href":"https:\/\/minutobahia24h.com.br\/index.php?rest_route=\/wp\/v2\/media\/16500"}],"wp:attachment":[{"href":"https:\/\/minutobahia24h.com.br\/index.php?rest_route=%2Fwp%2Fv2%2Fmedia&parent=16499"}],"wp:term":[{"taxonomy":"category","embeddable":true,"href":"https:\/\/minutobahia24h.com.br\/index.php?rest_route=%2Fwp%2Fv2%2Fcategories&post=16499"},{"taxonomy":"post_tag","embeddable":true,"href":"https:\/\/minutobahia24h.com.br\/index.php?rest_route=%2Fwp%2Fv2%2Ftags&post=16499"}],"curies":[{"name":"wp","href":"https:\/\/api.w.org\/{rel}","templated":true}]}}