{"id":16484,"date":"2024-09-02T07:34:37","date_gmt":"2024-09-02T10:34:37","guid":{"rendered":"https:\/\/minutobahia24h.com.br\/?p=16484"},"modified":"2024-09-02T07:34:38","modified_gmt":"2024-09-02T10:34:38","slug":"mais-seis-refens-mortos-poem-netanyahu-a-prova-da-furia-popular","status":"publish","type":"post","link":"https:\/\/minutobahia24h.com.br\/?p=16484","title":{"rendered":"Mais seis ref\u00e9ns mortos p\u00f5em Netanyahu \u00e0 prova da f\u00faria popular"},"content":{"rendered":"<div class=\"wp-block-image\">\n<figure class=\"aligncenter size-full\"><img data-recalc-dims=\"1\" fetchpriority=\"high\" decoding=\"async\" width=\"800\" height=\"448\" src=\"https:\/\/i0.wp.com\/minutobahia24h.com.br\/wp-content\/uploads\/2024\/09\/Sem-titulo-11.jpg?resize=800%2C448&#038;ssl=1\" alt=\"\" class=\"wp-image-16485\" srcset=\"https:\/\/i0.wp.com\/minutobahia24h.com.br\/wp-content\/uploads\/2024\/09\/Sem-titulo-11.jpg?w=984&amp;ssl=1 984w, https:\/\/i0.wp.com\/minutobahia24h.com.br\/wp-content\/uploads\/2024\/09\/Sem-titulo-11.jpg?resize=300%2C168&amp;ssl=1 300w, https:\/\/i0.wp.com\/minutobahia24h.com.br\/wp-content\/uploads\/2024\/09\/Sem-titulo-11.jpg?resize=768%2C430&amp;ssl=1 768w, https:\/\/i0.wp.com\/minutobahia24h.com.br\/wp-content\/uploads\/2024\/09\/Sem-titulo-11.jpg?resize=750%2C420&amp;ssl=1 750w\" sizes=\"(max-width: 800px) 100vw, 800px\" \/><figcaption class=\"wp-element-caption\">O primeiro-ministro de Israel, Benjamin Netanyahu, convocou um gabinete de guerra para discutir o ataque do Ir\u00e3 \u2014 Foto: Reuters<br><br><\/figcaption><\/figure>\n<\/div>\n\n\n<p>\u201cNetanyahu: Chega de desculpas. Chega de enrola\u00e7\u00e3o. Chega de abandono.\u201d O apelo, feito pelo F\u00f3rum das Fam\u00edlias de Ref\u00e9ns e Desaparecidos, simboliza a f\u00faria coletiva de israelenses contra o primeiro-ministro, ap\u00f3s o\u00a0<a class=\"\" href=\"https:\/\/g1.globo.com\/mundo\/noticia\/2024\/09\/01\/israel-resgata-corpos-de-seis-refens-em-gaza.ghtml\">resgate de seis corpos de ref\u00e9ns, assassinados com tiros em Gaza.<\/a><\/p>\n\n\n\n<p><a class=\"\" href=\"https:\/\/g1.globo.com\/mundo\/noticia\/2024\/09\/01\/onda-de-protestos-contra-governo-netanyahu-toma-conta-de-israel-apos-descoberta-de-corpos-de-refens-em-gaza.ghtml\">Multid\u00f5es inundaram as ruas das principais cidades<\/a>, e uma greve geral foi convocada para esta segunda-feira pelo sindicato Histradut, que representa milhares de funcion\u00e1rios p\u00fablicos. A paralisa\u00e7\u00e3o \u00e9 acatada tamb\u00e9m pela federa\u00e7\u00e3o de empres\u00e1rios.<\/p>\n\n\n\n<p><strong>A press\u00e3o popular sobre o premi\u00ea pelo cessar-fogo em Gaza e um acordo para a liberta\u00e7\u00e3o dos ref\u00e9ns tornou-se ainda mais vigorosa<\/strong>&nbsp;com a divulga\u00e7\u00e3o de not\u00edcias de que os ref\u00e9ns foram executados de 48 a 72 horas antes da descoberta dos corpos por militares, num t\u00fanel a 20 metros de profundidade. Ou seja, teriam sido mortos numa tentativa de o&nbsp;<a class=\"\" href=\"https:\/\/g1.globo.com\/tudo-sobre\/hamas\/\">Hamas<\/a>&nbsp;impedir que fossem resgatados.<\/p>\n\n\n\n<p>Quatro dos seis sequestrados, que tinham entre 23 e 40 anos, estariam numa lista para serem libertados numa primeira etapa, caso&nbsp;<a class=\"\" href=\"https:\/\/g1.globo.com\/tudo-sobre\/israel\/\">Israel<\/a>&nbsp;e Hamas chegassem a um acordo.<\/p>\n\n\n\n<blockquote class=\"wp-block-quote is-layout-flow wp-block-quote-is-layout-flow\">\n<p>\u201cEstamos recebendo sacos com cad\u00e1veres em vez de um acordo. Cheguei \u00e0 conclus\u00e3o de que somente nossa interven\u00e7\u00e3o pode mover aqueles que precisam ser movidos\u201d, resumiu o l\u00edder sindical Arnon Bar-David. A mensagem direta a&nbsp;<a class=\"\" href=\"https:\/\/g1.globo.com\/tudo-sobre\/benjamin-netanyahu\/\">Benjamin Netanyahu<\/a>&nbsp;tem tamb\u00e9m uma palavra de ordem que equivale a um ultimato: \u201cAgora\u201d, gritavam os manifestantes.<\/p>\n<\/blockquote>\n\n\n\n<p>O premi\u00ea israelense, no entanto, apresentou uma l\u00f3gica pr\u00f3pria aos israelenses para mais este fracasso na devolu\u00e7\u00e3o dos prisioneiros: \u201cQuem assassina ref\u00e9ns n\u00e3o quer um acordo.\u201d E reafirmou a promessa de ca\u00e7ar terroristas e acertar contas com o Hamas e perseguir a erradica\u00e7\u00e3o do grupo terrorista.<\/p>\n\n\n\n<p>\u00c9 essa a embroma\u00e7\u00e3o a que as fam\u00edlias dos ref\u00e9ns se referem no apelo divulgado no domingo (1\u00ba).&nbsp;O premi\u00ea \u00e9 responsabilizado por postergar e bloquear as negocia\u00e7\u00f5es com exig\u00eancias que dividem o seu pr\u00f3prio Gabinete.&nbsp;A mais recente \u00e9 a manuten\u00e7\u00e3o de tropas israelenses no Corredor Filad\u00e9lfia, uma zona-tamp\u00e3o de 14 quil\u00f4metros de extens\u00e3o na fronteira entre a&nbsp;<a class=\"\" href=\"https:\/\/g1.globo.com\/tudo-sobre\/faixa-de-gaza\/\">Faixa de Gaza<\/a>&nbsp;e o Egito. Netanyahu esclareceu que n\u00e3o est\u00e1 disposto a fazer concess\u00f5es neste item.<\/p>\n\n\n\n<p>O ministro da Defesa, Yoav Gallant, e o chefe do Estado-Maior das For\u00e7as Armadas, Herzi Halevi, se op\u00f5em \u00e0 medida e asseguram que o corredor n\u00e3o \u00e9 uma necessidade de seguran\u00e7a, como alegam o premi\u00ea e seus ministros da ala radical.<\/p>\n\n\n\n<p>Conforme ponderou a jornalista Noa Landau, colunista do jornal \u201cHaaretz\u201d,&nbsp;<strong>Netanyahu busca apresentar \u00e0 sua base pol\u00edtica uma equa\u00e7\u00e3o populista<\/strong>, segundo a qual as \u00fanicas op\u00e7\u00f5es sobre a mesa s\u00e3o um acordo para libertar os ref\u00e9ns e o fim da guerra \u2013 ou a seguran\u00e7a pessoal de todos os outros cidad\u00e3os de Israel.<\/p>\n\n\n\n<blockquote class=\"wp-block-quote is-layout-flow wp-block-quote-is-layout-flow\">\n<p>\u201cEle est\u00e1 declarando que um acordo para salvar os ref\u00e9ns comprometeria a seguran\u00e7a nacional. Ent\u00e3o, como primeiro-ministro, ele acha que deve tomar o caminho mais nobre: sacrific\u00e1-los pelo bem maior imagin\u00e1rio\u201d, acrescenta Landau.<\/p>\n<\/blockquote>\n\n\n\n<p>Os protestos deste domingo se equiparam aos que mobilizaram a sociedade israelense quando, no ano passado, Netanyahu tentou impor uma reforma judicial no pa\u00eds. Seus cr\u00edticos creditaram o projeto a uma manobra para lhe assegurar a imunidade nos processos criminais em que \u00e9 r\u00e9u. A press\u00e3o das ruas suspendeu a reforma.<\/p>\n\n\n\n<p>Nos 11 meses que se seguiram ao massacre de israelenses perpetrado pelo Hamas em solo israelense,&nbsp;<strong>Netanyahu tamb\u00e9m vem sendo acusado de agir em benef\u00edcio pr\u00f3prio<\/strong>: ao adiar o fim da guerra em Gaza, ele posterga as investiga\u00e7\u00f5es sobre as falhas de seguran\u00e7a no ataque que causou a morte de 1.200 pessoas.<\/p>\n\n\n\n<p><strong>De \u201cSenhor Seguran\u00e7a\u201d, o premi\u00ea passou a ser chamado de \u201cSenhor Morte\u201d.<\/strong>&nbsp;Em apenas duas semanas, 12 corpos de ref\u00e9ns foram recuperados.&nbsp;O Ex\u00e9rcito israelense conseguiu resgatar apenas oito dos 256 sequestrados pelo Hamas.&nbsp;Este \u00e9 o maior indicativo de que somente um acordo pol\u00edtico trar\u00e1 de volta ao pa\u00eds os que conseguiram sobreviver, ap\u00f3s 11 meses de cativeiro.<\/p>\n","protected":false},"excerpt":{"rendered":"<p>\u201cNetanyahu: Chega de desculpas. Chega de enrola\u00e7\u00e3o. Chega de abandono.\u201d O apelo, feito pelo F\u00f3rum das Fam\u00edlias de Ref\u00e9ns e Desaparecidos, simboliza a f\u00faria coletiva de israelenses contra o primeiro-ministro, ap\u00f3s o\u00a0resgate de seis corpos de ref\u00e9ns, assassinados com tiros em Gaza. Multid\u00f5es inundaram as ruas das principais cidades, e uma greve geral foi convocada [&hellip;]<\/p>\n","protected":false},"author":2,"featured_media":16485,"comment_status":"open","ping_status":"open","sticky":false,"template":"","format":"standard","meta":{"_jetpack_memberships_contains_paid_content":false,"footnotes":""},"categories":[15],"tags":[],"class_list":["post-16484","post","type-post","status-publish","format-standard","has-post-thumbnail","hentry","category-mundo"],"aioseo_notices":[],"jetpack_featured_media_url":"https:\/\/i0.wp.com\/minutobahia24h.com.br\/wp-content\/uploads\/2024\/09\/Sem-titulo-11.jpg?fit=984%2C551&ssl=1","jetpack_sharing_enabled":true,"_links":{"self":[{"href":"https:\/\/minutobahia24h.com.br\/index.php?rest_route=\/wp\/v2\/posts\/16484","targetHints":{"allow":["GET"]}}],"collection":[{"href":"https:\/\/minutobahia24h.com.br\/index.php?rest_route=\/wp\/v2\/posts"}],"about":[{"href":"https:\/\/minutobahia24h.com.br\/index.php?rest_route=\/wp\/v2\/types\/post"}],"author":[{"embeddable":true,"href":"https:\/\/minutobahia24h.com.br\/index.php?rest_route=\/wp\/v2\/users\/2"}],"replies":[{"embeddable":true,"href":"https:\/\/minutobahia24h.com.br\/index.php?rest_route=%2Fwp%2Fv2%2Fcomments&post=16484"}],"version-history":[{"count":1,"href":"https:\/\/minutobahia24h.com.br\/index.php?rest_route=\/wp\/v2\/posts\/16484\/revisions"}],"predecessor-version":[{"id":16486,"href":"https:\/\/minutobahia24h.com.br\/index.php?rest_route=\/wp\/v2\/posts\/16484\/revisions\/16486"}],"wp:featuredmedia":[{"embeddable":true,"href":"https:\/\/minutobahia24h.com.br\/index.php?rest_route=\/wp\/v2\/media\/16485"}],"wp:attachment":[{"href":"https:\/\/minutobahia24h.com.br\/index.php?rest_route=%2Fwp%2Fv2%2Fmedia&parent=16484"}],"wp:term":[{"taxonomy":"category","embeddable":true,"href":"https:\/\/minutobahia24h.com.br\/index.php?rest_route=%2Fwp%2Fv2%2Fcategories&post=16484"},{"taxonomy":"post_tag","embeddable":true,"href":"https:\/\/minutobahia24h.com.br\/index.php?rest_route=%2Fwp%2Fv2%2Ftags&post=16484"}],"curies":[{"name":"wp","href":"https:\/\/api.w.org\/{rel}","templated":true}]}}