{"id":16472,"date":"2024-09-02T07:27:57","date_gmt":"2024-09-02T10:27:57","guid":{"rendered":"https:\/\/minutobahia24h.com.br\/?p=16472"},"modified":"2024-09-02T07:27:59","modified_gmt":"2024-09-02T10:27:59","slug":"moraes-convoca-1a-turma-do-stf-para-analisar-suspensao-do-x-nesta-segunda","status":"publish","type":"post","link":"https:\/\/minutobahia24h.com.br\/?p=16472","title":{"rendered":"Moraes convoca 1\u00aa turma do STF para analisar suspens\u00e3o do X nesta segunda"},"content":{"rendered":"<div class=\"wp-block-image\">\n<figure class=\"aligncenter size-large\"><img data-recalc-dims=\"1\" fetchpriority=\"high\" decoding=\"async\" width=\"800\" height=\"420\" src=\"https:\/\/i0.wp.com\/minutobahia24h.com.br\/wp-content\/uploads\/2024\/09\/Sem-titulo-7-1024x538.jpg?resize=800%2C420&#038;ssl=1\" alt=\"\" class=\"wp-image-16473\" srcset=\"https:\/\/i0.wp.com\/minutobahia24h.com.br\/wp-content\/uploads\/2024\/09\/Sem-titulo-7.jpg?resize=1024%2C538&amp;ssl=1 1024w, https:\/\/i0.wp.com\/minutobahia24h.com.br\/wp-content\/uploads\/2024\/09\/Sem-titulo-7.jpg?resize=300%2C158&amp;ssl=1 300w, https:\/\/i0.wp.com\/minutobahia24h.com.br\/wp-content\/uploads\/2024\/09\/Sem-titulo-7.jpg?resize=768%2C403&amp;ssl=1 768w, https:\/\/i0.wp.com\/minutobahia24h.com.br\/wp-content\/uploads\/2024\/09\/Sem-titulo-7.jpg?resize=750%2C394&amp;ssl=1 750w, https:\/\/i0.wp.com\/minutobahia24h.com.br\/wp-content\/uploads\/2024\/09\/Sem-titulo-7.jpg?resize=1140%2C599&amp;ssl=1 1140w, https:\/\/i0.wp.com\/minutobahia24h.com.br\/wp-content\/uploads\/2024\/09\/Sem-titulo-7.jpg?w=1200&amp;ssl=1 1200w\" sizes=\"(max-width: 800px) 100vw, 800px\" \/><figcaption class=\"wp-element-caption\">Foto: Fellipe Sampaio\/SCO\/STF<br><\/figcaption><\/figure>\n<\/div>\n\n\n<p>O ministro Alexandre de Moraes convocou a primeira turma do STF (Supremo Tribunal Federal) para analisar nesta segunda-feira (2) sua decis\u00e3o de suspender o X (ex-Twitter). A sess\u00e3o ser\u00e1 virtual ter\u00e1 in\u00edcio \u00e0 0h e dura\u00e7\u00e3o de 24 horas. Al\u00e9m de Moraes, a primeira turma do STF conta com a participa\u00e7\u00e3o de C\u00e1rmen L\u00facia, Luiz Fux, Cristiano Zanin e Fl\u00e1vio Dino.<\/p>\n\n\n\n<p>Interlocutores de integrantes do STF acreditam que a decis\u00e3o de Moraes poder\u00e1 ser referendada de forma un\u00e2nime na turma, que \u00e9 presidida pelo magistrado. Como mostrou a Folha de S.Paulo, ao menos 5 dos 11 ministros da corte avaliam ser ideal que uma determina\u00e7\u00e3o desse porte passe pelo crivo do plen\u00e1rio. Um dos objetivos \u00e9 proteger a institui\u00e7\u00e3o e o pr\u00f3prio Moraes de eventuais acusa\u00e7\u00f5es de abuso de poder e dar seguran\u00e7a \u00e0 decis\u00e3o.<\/p>\n\n\n\n<p>Um ministro ouvido pela Folha disse acreditar que a maioria da corte concorda com a suspens\u00e3o do X, por isso ela dever\u00e1 ser confirmada. Quatro magistrados j\u00e1 indicaram internamente ser a favor da ordem, e ao menos um discorda. \u00a0 <\/p>\n\n\n\n<p>Segundo auxiliares de integrantes do Supremo, como Moraes decidiu levar o caso \u00e0 turma, o ministro n\u00e3o precisaria incluir o tema na pauta de discuss\u00f5es do plen\u00e1rio depois. Isso porque a decis\u00e3o j\u00e1 passar\u00e1 pela avalia\u00e7\u00e3o de um colegiado, o que dar\u00e1 maior seguran\u00e7a \u00e0 determina\u00e7\u00e3o e afasta cr\u00edticas a Moraes. Submeter a suspens\u00e3o ao julgamento dos demais magistrados da corte, ent\u00e3o, seria opcional.\u00a0<\/p>\n\n\n\n<p>Moraes determinou nesta sexta-feira (30) a derrubada &#8220;imediata, completa e integral&#8221; do funcionamento do X. A rede come\u00e7ou a saiu do ar no Brasil de forma gradual e, na tarde deste s\u00e1bado (31), a Anatel (Ag\u00eancia Nacional de Telecomunica\u00e7\u00f5es) informou que j\u00e1 havia comunicado a todos os provedores de internet grandes, m\u00e9dios e pequenos.<\/p>\n\n\n\n<p>A partir do aviso do \u00f3rg\u00e3o, as prestadoras t\u00eam at\u00e9 cinco dias para inserir todos os obst\u00e1culos tecnol\u00f3gicos para inviabilizar o uso do X e cumprir a ordem judicial, mas, na pr\u00e1tica, a rede j\u00e1 havia sido bloqueada pelas principais operadoras.<\/p>\n\n\n\n<p>Na pr\u00f3pria sexta, Moraes reviu um trecho de sua decis\u00e3o ligado a lojas virtuais e acesso VPN (rede virtual privada). Inicialmente, o ministro havia determinado \u00e0 Apple e ao Google que inviabilizassem o uso do aplicativo por usu\u00e1rios do sistema Android (Google) e IOS (Apple). O magistrado tamb\u00e9m ordenou a retirada do aplicativo das lojas virtuais de ambos os sistemas. No fim do dia ele cancelou esta parte da decis\u00e3o.<\/p>\n\n\n\n<p>O ministro tamb\u00e9m recuou na determina\u00e7\u00e3o de que provedoras de servi\u00e7o de internet (Algar, Telecom, Oi, Sky, Live Tim, Vivo, Claro, Net Virtua e GVT) inviabilizassem o acesso ao X por VPN.<br>&nbsp;<\/p>\n\n\n\n<p>O ministro manteve, por\u00e9m, outro trecho pol\u00eamico de sua ordem, que fixou multa di\u00e1ria de R$ 50 mil \u00e0s pessoas naturais e jur\u00eddicas que tentarem acessar o X por meio de subterf\u00fagios tecnol\u00f3gicos, tais como o uso de VPN, al\u00e9m de outras san\u00e7\u00f5es civis e criminais.\u00a0<\/p>\n\n\n\n<p>Esta medida foi vista como desproporcional por especialistas, como mostrou a Folha. \u00a0<\/p>\n\n\n\n<p>Neste s\u00e1bado (31), a OAB (Ordem dos Advogados do Brasil) recorreu ao STF com pedido de revis\u00e3o ou esclarecimento acerca da multa. A entidade justifica a solicita\u00e7\u00e3o dizendo que multar ou aplicar san\u00e7\u00e3o &#8220;de forma gen\u00e9rica e abstrata revela-se medida desarrazoada e desproporcional&#8221; e pode atingir &#8220;n\u00famero indeterminado de pessoas&#8221; que n\u00e3o s\u00e3o alvo da a\u00e7\u00e3o e n\u00e3o poderiam ser responsabilizadas.<\/p>\n\n\n\n<p>BN<\/p>\n","protected":false},"excerpt":{"rendered":"<p>O ministro Alexandre de Moraes convocou a primeira turma do STF (Supremo Tribunal Federal) para analisar nesta segunda-feira (2) sua decis\u00e3o de suspender o X (ex-Twitter). A sess\u00e3o ser\u00e1 virtual ter\u00e1 in\u00edcio \u00e0 0h e dura\u00e7\u00e3o de 24 horas. Al\u00e9m de Moraes, a primeira turma do STF conta com a participa\u00e7\u00e3o de C\u00e1rmen L\u00facia, Luiz [&hellip;]<\/p>\n","protected":false},"author":2,"featured_media":16473,"comment_status":"open","ping_status":"open","sticky":false,"template":"","format":"standard","meta":{"_jetpack_memberships_contains_paid_content":false,"footnotes":""},"categories":[46],"tags":[],"class_list":["post-16472","post","type-post","status-publish","format-standard","has-post-thumbnail","hentry","category-noticia"],"aioseo_notices":[],"jetpack_featured_media_url":"https:\/\/i0.wp.com\/minutobahia24h.com.br\/wp-content\/uploads\/2024\/09\/Sem-titulo-7.jpg?fit=1200%2C630&ssl=1","jetpack_sharing_enabled":true,"_links":{"self":[{"href":"https:\/\/minutobahia24h.com.br\/index.php?rest_route=\/wp\/v2\/posts\/16472","targetHints":{"allow":["GET"]}}],"collection":[{"href":"https:\/\/minutobahia24h.com.br\/index.php?rest_route=\/wp\/v2\/posts"}],"about":[{"href":"https:\/\/minutobahia24h.com.br\/index.php?rest_route=\/wp\/v2\/types\/post"}],"author":[{"embeddable":true,"href":"https:\/\/minutobahia24h.com.br\/index.php?rest_route=\/wp\/v2\/users\/2"}],"replies":[{"embeddable":true,"href":"https:\/\/minutobahia24h.com.br\/index.php?rest_route=%2Fwp%2Fv2%2Fcomments&post=16472"}],"version-history":[{"count":1,"href":"https:\/\/minutobahia24h.com.br\/index.php?rest_route=\/wp\/v2\/posts\/16472\/revisions"}],"predecessor-version":[{"id":16474,"href":"https:\/\/minutobahia24h.com.br\/index.php?rest_route=\/wp\/v2\/posts\/16472\/revisions\/16474"}],"wp:featuredmedia":[{"embeddable":true,"href":"https:\/\/minutobahia24h.com.br\/index.php?rest_route=\/wp\/v2\/media\/16473"}],"wp:attachment":[{"href":"https:\/\/minutobahia24h.com.br\/index.php?rest_route=%2Fwp%2Fv2%2Fmedia&parent=16472"}],"wp:term":[{"taxonomy":"category","embeddable":true,"href":"https:\/\/minutobahia24h.com.br\/index.php?rest_route=%2Fwp%2Fv2%2Fcategories&post=16472"},{"taxonomy":"post_tag","embeddable":true,"href":"https:\/\/minutobahia24h.com.br\/index.php?rest_route=%2Fwp%2Fv2%2Ftags&post=16472"}],"curies":[{"name":"wp","href":"https:\/\/api.w.org\/{rel}","templated":true}]}}