{"id":16465,"date":"2024-09-02T07:11:42","date_gmt":"2024-09-02T10:11:42","guid":{"rendered":"https:\/\/minutobahia24h.com.br\/?p=16465"},"modified":"2024-09-02T07:11:43","modified_gmt":"2024-09-02T10:11:43","slug":"prefeitura-de-senhor-do-bonfim-antecipa-feiras-livres-na-sede-e-distrito-de-igara-para-o-dia-06-de-setembro","status":"publish","type":"post","link":"https:\/\/minutobahia24h.com.br\/?p=16465","title":{"rendered":"Prefeitura de Senhor do Bonfim antecipa Feiras Livres na sede e distrito de Igara para o dia 06 de Setembro"},"content":{"rendered":"<div class=\"wp-block-image\">\n<figure class=\"aligncenter size-full\"><img data-recalc-dims=\"1\" fetchpriority=\"high\" decoding=\"async\" width=\"475\" height=\"270\" src=\"https:\/\/i0.wp.com\/minutobahia24h.com.br\/wp-content\/uploads\/2024\/09\/Sem-titulo-5.jpg?resize=475%2C270&#038;ssl=1\" alt=\"\" class=\"wp-image-16467\" srcset=\"https:\/\/i0.wp.com\/minutobahia24h.com.br\/wp-content\/uploads\/2024\/09\/Sem-titulo-5.jpg?w=475&amp;ssl=1 475w, https:\/\/i0.wp.com\/minutobahia24h.com.br\/wp-content\/uploads\/2024\/09\/Sem-titulo-5.jpg?resize=300%2C171&amp;ssl=1 300w\" sizes=\"(max-width: 475px) 100vw, 475px\" \/><\/figure>\n<\/div>\n\n\n<p>A Prefeitura Municipal de Senhor do Bonfim, atrav\u00e9s dos decretos em anexo, anunciou a antecipa\u00e7\u00e3o das feiras livres que ocorreriam nos dias 7 e 8 de setembro, em virtude das celebra\u00e7\u00f5es do feriado da Independ\u00eancia do Brasil. As feiras da Sede e do distrito de Igara ser\u00e3o realizadas excepcionalmente na pr\u00f3xima sexta-feira, dia 06 de setembro.<\/p>\n\n\n\n<p>Essa medida visa evitar transtornos e garantir que os feirantes e a popula\u00e7\u00e3o possam realizar suas atividades sem interfer\u00eancias nas festividades do feriado. A administra\u00e7\u00e3o municipal solicita a compreens\u00e3o de todos e refor\u00e7a que as mudan\u00e7as s\u00e3o pontuais, voltando as feiras aos seus dias habituais na semana seguinte.<\/p>\n\n\n\n<p>ASCOM &#8211; Prefeitura de Senhor do Bonfim<\/p>\n","protected":false},"excerpt":{"rendered":"<p>A Prefeitura Municipal de Senhor do Bonfim, atrav\u00e9s dos decretos em anexo, anunciou a antecipa\u00e7\u00e3o das feiras livres que ocorreriam nos dias 7 e 8 de setembro, em virtude das celebra\u00e7\u00f5es do feriado da Independ\u00eancia do Brasil. As feiras da Sede e do distrito de Igara ser\u00e3o realizadas excepcionalmente na pr\u00f3xima sexta-feira, dia 06 de [&hellip;]<\/p>\n","protected":false},"author":2,"featured_media":16467,"comment_status":"open","ping_status":"open","sticky":false,"template":"","format":"standard","meta":{"_jetpack_memberships_contains_paid_content":false,"footnotes":""},"categories":[17],"tags":[],"class_list":["post-16465","post","type-post","status-publish","format-standard","has-post-thumbnail","hentry","category-senhor-do-bonfim"],"aioseo_notices":[],"jetpack_featured_media_url":"https:\/\/i0.wp.com\/minutobahia24h.com.br\/wp-content\/uploads\/2024\/09\/Sem-titulo-5.jpg?fit=475%2C270&ssl=1","jetpack_sharing_enabled":true,"_links":{"self":[{"href":"https:\/\/minutobahia24h.com.br\/index.php?rest_route=\/wp\/v2\/posts\/16465","targetHints":{"allow":["GET"]}}],"collection":[{"href":"https:\/\/minutobahia24h.com.br\/index.php?rest_route=\/wp\/v2\/posts"}],"about":[{"href":"https:\/\/minutobahia24h.com.br\/index.php?rest_route=\/wp\/v2\/types\/post"}],"author":[{"embeddable":true,"href":"https:\/\/minutobahia24h.com.br\/index.php?rest_route=\/wp\/v2\/users\/2"}],"replies":[{"embeddable":true,"href":"https:\/\/minutobahia24h.com.br\/index.php?rest_route=%2Fwp%2Fv2%2Fcomments&post=16465"}],"version-history":[{"count":1,"href":"https:\/\/minutobahia24h.com.br\/index.php?rest_route=\/wp\/v2\/posts\/16465\/revisions"}],"predecessor-version":[{"id":16468,"href":"https:\/\/minutobahia24h.com.br\/index.php?rest_route=\/wp\/v2\/posts\/16465\/revisions\/16468"}],"wp:featuredmedia":[{"embeddable":true,"href":"https:\/\/minutobahia24h.com.br\/index.php?rest_route=\/wp\/v2\/media\/16467"}],"wp:attachment":[{"href":"https:\/\/minutobahia24h.com.br\/index.php?rest_route=%2Fwp%2Fv2%2Fmedia&parent=16465"}],"wp:term":[{"taxonomy":"category","embeddable":true,"href":"https:\/\/minutobahia24h.com.br\/index.php?rest_route=%2Fwp%2Fv2%2Fcategories&post=16465"},{"taxonomy":"post_tag","embeddable":true,"href":"https:\/\/minutobahia24h.com.br\/index.php?rest_route=%2Fwp%2Fv2%2Ftags&post=16465"}],"curies":[{"name":"wp","href":"https:\/\/api.w.org\/{rel}","templated":true}]}}