{"id":16453,"date":"2024-09-02T06:51:02","date_gmt":"2024-09-02T09:51:02","guid":{"rendered":"https:\/\/minutobahia24h.com.br\/?p=16453"},"modified":"2024-09-02T06:51:03","modified_gmt":"2024-09-02T09:51:03","slug":"homem-atira-contra-carro-de-prefeita-em-cidade-da-bahia","status":"publish","type":"post","link":"https:\/\/minutobahia24h.com.br\/?p=16453","title":{"rendered":"Homem atira contra carro de prefeita em cidade da Bahia"},"content":{"rendered":"<div class=\"wp-block-image\">\n<figure class=\"aligncenter size-full\"><img data-recalc-dims=\"1\" fetchpriority=\"high\" decoding=\"async\" width=\"800\" height=\"495\" src=\"https:\/\/i0.wp.com\/minutobahia24h.com.br\/wp-content\/uploads\/2024\/09\/Sem-titulo-1.jpg?resize=800%2C495&#038;ssl=1\" alt=\"\" class=\"wp-image-16454\" srcset=\"https:\/\/i0.wp.com\/minutobahia24h.com.br\/wp-content\/uploads\/2024\/09\/Sem-titulo-1.jpg?w=900&amp;ssl=1 900w, https:\/\/i0.wp.com\/minutobahia24h.com.br\/wp-content\/uploads\/2024\/09\/Sem-titulo-1.jpg?resize=300%2C186&amp;ssl=1 300w, https:\/\/i0.wp.com\/minutobahia24h.com.br\/wp-content\/uploads\/2024\/09\/Sem-titulo-1.jpg?resize=768%2C475&amp;ssl=1 768w, https:\/\/i0.wp.com\/minutobahia24h.com.br\/wp-content\/uploads\/2024\/09\/Sem-titulo-1.jpg?resize=750%2C464&amp;ssl=1 750w\" sizes=\"(max-width: 800px) 100vw, 800px\" \/><figcaption class=\"wp-element-caption\">Carro da prefeita de Apor\u00e1 ap\u00f3s ser atingido por tiro \u2014 Foto: Redes sociais<\/figcaption><\/figure>\n<\/div>\n\n\n<p>Um homem de 36 anos foi preso em flagrante por atirar contra o carro da prefeita de Apor\u00e1, cidade que fica a 200 km de Salvador. De acordo com a Pol\u00edcia Militar, o caso aconteceu em Alagoinhas e o motorista da prefeita Carine de Ata\u00edde (Avante) foi ferido de rasp\u00e3o na cabe\u00e7a.<\/p>\n\n\n\n<p>A pol\u00edtica estava em um evento na cidade e, no momento do crime, o motorista dela estava sozinho no carro. Ele estacionava o ve\u00edculo quando o suspeito atirou contra o vidro traseiro direito e fugiu.<\/p>\n\n\n\n<p>De acordo com a Pol\u00edcia Militar, ap\u00f3s a tentativa de homic\u00eddio o motorista da prefeita saiu do ve\u00edculo e buscou ajuda. Ele detalhou as caracter\u00edsticas f\u00edsicas do suspeito e do ve\u00edculo dirigido por ele, e os agentes come\u00e7aram as buscas pela cidade.<\/p>\n\n\n\n<p>Ao perceber a aproxima\u00e7\u00e3o da pol\u00edcia, o suspeito jogou a arma do crime no lixo e estacionou o carro. A arma do crime foi recuperada e apreendida pela pol\u00edcia e o suspeito foi preso em flagrante. Ele responder\u00e1 por tentativa de homic\u00eddio e porte ilegal de arma de fogo.<\/p>\n\n\n\n<p>Segundo a pol\u00edcia, o ferimento do motorista foi causado pelos estilha\u00e7os do proj\u00e9til. Apesar do susto, a prefeita de Apor\u00e1 usou as redes sociais para informar que ela e o funcion\u00e1rio est\u00e3o bem.<\/p>\n\n\n\n<p><strong>\u201cEstamos bem, gra\u00e7as a Deus n\u00e3o aconteceu nada. N\u00e3o sei o que aconteceu, vou deixar na m\u00e3o da Justi\u00e7a para esclarecer o que houve\u201d, disse em v\u00eddeo publicado.<\/strong><\/p>\n\n\n\n<p>Fonte: Calila Not\u00edcias<\/p>\n","protected":false},"excerpt":{"rendered":"<p>Um homem de 36 anos foi preso em flagrante por atirar contra o carro da prefeita de Apor\u00e1, cidade que fica a 200 km de Salvador. De acordo com a Pol\u00edcia Militar, o caso aconteceu em Alagoinhas e o motorista da prefeita Carine de Ata\u00edde (Avante) foi ferido de rasp\u00e3o na cabe\u00e7a. A pol\u00edtica estava [&hellip;]<\/p>\n","protected":false},"author":2,"featured_media":16454,"comment_status":"open","ping_status":"open","sticky":false,"template":"","format":"standard","meta":{"_jetpack_memberships_contains_paid_content":false,"footnotes":""},"categories":[46],"tags":[],"class_list":["post-16453","post","type-post","status-publish","format-standard","has-post-thumbnail","hentry","category-noticia"],"aioseo_notices":[],"jetpack_featured_media_url":"https:\/\/i0.wp.com\/minutobahia24h.com.br\/wp-content\/uploads\/2024\/09\/Sem-titulo-1.jpg?fit=900%2C557&ssl=1","jetpack_sharing_enabled":true,"_links":{"self":[{"href":"https:\/\/minutobahia24h.com.br\/index.php?rest_route=\/wp\/v2\/posts\/16453","targetHints":{"allow":["GET"]}}],"collection":[{"href":"https:\/\/minutobahia24h.com.br\/index.php?rest_route=\/wp\/v2\/posts"}],"about":[{"href":"https:\/\/minutobahia24h.com.br\/index.php?rest_route=\/wp\/v2\/types\/post"}],"author":[{"embeddable":true,"href":"https:\/\/minutobahia24h.com.br\/index.php?rest_route=\/wp\/v2\/users\/2"}],"replies":[{"embeddable":true,"href":"https:\/\/minutobahia24h.com.br\/index.php?rest_route=%2Fwp%2Fv2%2Fcomments&post=16453"}],"version-history":[{"count":1,"href":"https:\/\/minutobahia24h.com.br\/index.php?rest_route=\/wp\/v2\/posts\/16453\/revisions"}],"predecessor-version":[{"id":16455,"href":"https:\/\/minutobahia24h.com.br\/index.php?rest_route=\/wp\/v2\/posts\/16453\/revisions\/16455"}],"wp:featuredmedia":[{"embeddable":true,"href":"https:\/\/minutobahia24h.com.br\/index.php?rest_route=\/wp\/v2\/media\/16454"}],"wp:attachment":[{"href":"https:\/\/minutobahia24h.com.br\/index.php?rest_route=%2Fwp%2Fv2%2Fmedia&parent=16453"}],"wp:term":[{"taxonomy":"category","embeddable":true,"href":"https:\/\/minutobahia24h.com.br\/index.php?rest_route=%2Fwp%2Fv2%2Fcategories&post=16453"},{"taxonomy":"post_tag","embeddable":true,"href":"https:\/\/minutobahia24h.com.br\/index.php?rest_route=%2Fwp%2Fv2%2Ftags&post=16453"}],"curies":[{"name":"wp","href":"https:\/\/api.w.org\/{rel}","templated":true}]}}