{"id":16427,"date":"2024-08-30T07:38:59","date_gmt":"2024-08-30T10:38:59","guid":{"rendered":"https:\/\/minutobahia24h.com.br\/?p=16427"},"modified":"2024-08-30T07:39:01","modified_gmt":"2024-08-30T10:39:01","slug":"deputados-baianos-da-federacao-nao-se-opoem-a-elmar-nascimento-assumindo-a-camara-e-o-enxergam-mais-lulista-do-que-nunca","status":"publish","type":"post","link":"https:\/\/minutobahia24h.com.br\/?p=16427","title":{"rendered":"Deputados baianos da Federa\u00e7\u00e3o n\u00e3o se op\u00f5em a Elmar Nascimento assumindo a C\u00e2mara e o enxergam \u201cmais lulista do que nunca\u201d"},"content":{"rendered":"<div class=\"wp-block-image\">\n<figure class=\"aligncenter size-large\"><img data-recalc-dims=\"1\" fetchpriority=\"high\" decoding=\"async\" width=\"800\" height=\"420\" src=\"https:\/\/i0.wp.com\/minutobahia24h.com.br\/wp-content\/uploads\/2024\/08\/Sem-titulo-288-1024x538.jpg?resize=800%2C420&#038;ssl=1\" alt=\"\" class=\"wp-image-16428\" srcset=\"https:\/\/i0.wp.com\/minutobahia24h.com.br\/wp-content\/uploads\/2024\/08\/Sem-titulo-288.jpg?resize=1024%2C538&amp;ssl=1 1024w, https:\/\/i0.wp.com\/minutobahia24h.com.br\/wp-content\/uploads\/2024\/08\/Sem-titulo-288.jpg?resize=300%2C158&amp;ssl=1 300w, https:\/\/i0.wp.com\/minutobahia24h.com.br\/wp-content\/uploads\/2024\/08\/Sem-titulo-288.jpg?resize=768%2C403&amp;ssl=1 768w, https:\/\/i0.wp.com\/minutobahia24h.com.br\/wp-content\/uploads\/2024\/08\/Sem-titulo-288.jpg?resize=750%2C394&amp;ssl=1 750w, https:\/\/i0.wp.com\/minutobahia24h.com.br\/wp-content\/uploads\/2024\/08\/Sem-titulo-288.jpg?resize=1140%2C599&amp;ssl=1 1140w, https:\/\/i0.wp.com\/minutobahia24h.com.br\/wp-content\/uploads\/2024\/08\/Sem-titulo-288.jpg?w=1200&amp;ssl=1 1200w\" sizes=\"(max-width: 800px) 100vw, 800px\" \/><figcaption class=\"wp-element-caption\">Foto: Zeca Ribeiro \/ C\u00e2mara dos Deputados<br><\/figcaption><\/figure>\n<\/div>\n\n\n<p>Recebendo \u201ccarta branca\u201d do presidente da Rep\u00fablica, Luiz In\u00e1cio Lula da Silva (PT), o deputado federal Elmar Nascimento (Uni\u00e3o) n\u00e3o deve lidar com a resist\u00eancia de seus conterr\u00e2neos \u201clulistas\u201d da Federa\u00e7\u00e3o Brasil da Esperan\u00e7a (PT, PCdoB e PV) da C\u00e2mara na disputa pela presid\u00eancia da Casa. Atualmente, inclusive, o Uni\u00e3o Brasil atualmente \u00e9 um dos partidos que comp\u00f5em a base de Lula na C\u00e2mara dos Deputados &#8211; ainda que alguns parlamentares se comportem como independentes.<\/p>\n\n\n\n<p>Em conversas com o Bahia Not\u00edcias, deputados aliados ao governo avaliaram que enxergam que Elmar pode ser \u201cmais lulista do que nunca\u201d caso assuma a presid\u00eancia da Casa, podendo destravar projetos de interesse do governo. Nos \u00faltimos meses, o candidato tem se aproximado ainda mais da gest\u00e3o do Executivo nacional,\u00a0<a href=\"https:\/\/www.bahianoticias.com.br\/noticia\/294198-festa-de-elmar-nascimento-movimenta-brasilia-e-mostra-forca-da-bahia-na-sucessao-de-arthur-lira\" target=\"_blank\" rel=\"noreferrer noopener\">chegando a levar 12 ministros de Estado para sua festa de anivers\u00e1rio em julho<\/a>.<\/p>\n\n\n\n<p>Uma lideran\u00e7a chegou a destacar a capacidade de articula\u00e7\u00e3o de Elmar, conseguindo dialogar tanto com a esquerda quanto com a direita. Segundo ela, o deputado conseguiu firmar alian\u00e7a com o ex-governador Paulo Souto, na \u00e9poca em que exerceu o mandato, e com o senador Jaques Wagner (PT), tamb\u00e9m no per\u00edodo em que o petista foi governador da Bahia.<\/p>\n\n\n\n<p>\u201cElmar j\u00e1 foi aliado de Paulo Souto e tamb\u00e9m quase foi secret\u00e1rio de Wagner. Ele \u00e9 assim\u201d, disse a lideran\u00e7a.<\/p>\n\n\n\n<p>Contudo, apesar de \u201caceitarem\u201d Elmar na presid\u00eancia da C\u00e2mara, isso n\u00e3o indica necessariamente uma prefer\u00eancia. O nome de Ant\u00f4nio Brito (PSD) \u00e9 um nome que agrada alas mais \u00e0 esquerda por \u201cde fato se identificar com as pol\u00edticas do governo\u201d, como discorreu uma outra fonte do Bahia Not\u00edcias.<\/p>\n\n\n\n<p>Lira tem prometido anunciar o candidato que ter\u00e1 seu apoio at\u00e9 o final de agosto. No caso, para cumprir a promessa, ele teria de fazer o an\u00fancio at\u00e9 o pr\u00f3ximo s\u00e1bado (31). Ao que tudo indica, Lira escolheu o Elmar Nascimento para apoiar em 2025. Inclusive, os\u00a0<a href=\"https:\/\/www.bahianoticias.com.br\/noticia\/295565-arthur-lira-deve-oficializar-apoio-a-elmar-nascimento-para-a-presidencia-da-camara-em-breve-diz-colunista\" target=\"_blank\" rel=\"noreferrer noopener\">outros candidatos j\u00e1 teriam desistido<\/a>\u00a0de conquistar o apoio do atual presidente da C\u00e2mara dos Deputados.<\/p>\n\n\n\n<p>BN<\/p>\n","protected":false},"excerpt":{"rendered":"<p>Recebendo \u201ccarta branca\u201d do presidente da Rep\u00fablica, Luiz In\u00e1cio Lula da Silva (PT), o deputado federal Elmar Nascimento (Uni\u00e3o) n\u00e3o deve lidar com a resist\u00eancia de seus conterr\u00e2neos \u201clulistas\u201d da Federa\u00e7\u00e3o Brasil da Esperan\u00e7a (PT, PCdoB e PV) da C\u00e2mara na disputa pela presid\u00eancia da Casa. Atualmente, inclusive, o Uni\u00e3o Brasil atualmente \u00e9 um dos [&hellip;]<\/p>\n","protected":false},"author":2,"featured_media":16428,"comment_status":"open","ping_status":"open","sticky":false,"template":"","format":"standard","meta":{"_jetpack_memberships_contains_paid_content":false,"footnotes":""},"categories":[39],"tags":[],"class_list":["post-16427","post","type-post","status-publish","format-standard","has-post-thumbnail","hentry","category-politica"],"aioseo_notices":[],"jetpack_featured_media_url":"https:\/\/i0.wp.com\/minutobahia24h.com.br\/wp-content\/uploads\/2024\/08\/Sem-titulo-288.jpg?fit=1200%2C630&ssl=1","jetpack_sharing_enabled":true,"_links":{"self":[{"href":"https:\/\/minutobahia24h.com.br\/index.php?rest_route=\/wp\/v2\/posts\/16427","targetHints":{"allow":["GET"]}}],"collection":[{"href":"https:\/\/minutobahia24h.com.br\/index.php?rest_route=\/wp\/v2\/posts"}],"about":[{"href":"https:\/\/minutobahia24h.com.br\/index.php?rest_route=\/wp\/v2\/types\/post"}],"author":[{"embeddable":true,"href":"https:\/\/minutobahia24h.com.br\/index.php?rest_route=\/wp\/v2\/users\/2"}],"replies":[{"embeddable":true,"href":"https:\/\/minutobahia24h.com.br\/index.php?rest_route=%2Fwp%2Fv2%2Fcomments&post=16427"}],"version-history":[{"count":1,"href":"https:\/\/minutobahia24h.com.br\/index.php?rest_route=\/wp\/v2\/posts\/16427\/revisions"}],"predecessor-version":[{"id":16429,"href":"https:\/\/minutobahia24h.com.br\/index.php?rest_route=\/wp\/v2\/posts\/16427\/revisions\/16429"}],"wp:featuredmedia":[{"embeddable":true,"href":"https:\/\/minutobahia24h.com.br\/index.php?rest_route=\/wp\/v2\/media\/16428"}],"wp:attachment":[{"href":"https:\/\/minutobahia24h.com.br\/index.php?rest_route=%2Fwp%2Fv2%2Fmedia&parent=16427"}],"wp:term":[{"taxonomy":"category","embeddable":true,"href":"https:\/\/minutobahia24h.com.br\/index.php?rest_route=%2Fwp%2Fv2%2Fcategories&post=16427"},{"taxonomy":"post_tag","embeddable":true,"href":"https:\/\/minutobahia24h.com.br\/index.php?rest_route=%2Fwp%2Fv2%2Ftags&post=16427"}],"curies":[{"name":"wp","href":"https:\/\/api.w.org\/{rel}","templated":true}]}}