{"id":16377,"date":"2024-08-29T07:37:58","date_gmt":"2024-08-29T10:37:58","guid":{"rendered":"https:\/\/minutobahia24h.com.br\/?p=16377"},"modified":"2024-08-29T07:38:00","modified_gmt":"2024-08-29T10:38:00","slug":"cerimonia-oficial-abre-jogos-paralimpicos-de-paris-2024","status":"publish","type":"post","link":"https:\/\/minutobahia24h.com.br\/?p=16377","title":{"rendered":"Cerim\u00f4nia oficial abre Jogos Paral\u00edmpicos de Paris 2024"},"content":{"rendered":"<div class=\"wp-block-image\">\n<figure class=\"aligncenter size-full\"><img data-recalc-dims=\"1\" fetchpriority=\"high\" decoding=\"async\" width=\"600\" height=\"420\" src=\"https:\/\/i0.wp.com\/minutobahia24h.com.br\/wp-content\/uploads\/2024\/08\/Sem-titulo-275.jpg?resize=600%2C420&#038;ssl=1\" alt=\"\" class=\"wp-image-16378\" srcset=\"https:\/\/i0.wp.com\/minutobahia24h.com.br\/wp-content\/uploads\/2024\/08\/Sem-titulo-275.jpg?w=600&amp;ssl=1 600w, https:\/\/i0.wp.com\/minutobahia24h.com.br\/wp-content\/uploads\/2024\/08\/Sem-titulo-275.jpg?resize=300%2C210&amp;ssl=1 300w\" sizes=\"(max-width: 600px) 100vw, 600px\" \/><figcaption class=\"wp-element-caption\">Foto: Comit\u00ea Paral\u00edmpico Brasileiro (CPB)\/assessoria<br><\/figcaption><\/figure>\n<\/div>\n\n\n<p>O presidente franc\u00eas, Emmanuel Macron, declarou abertos os Jogos Paral\u00edmpicos nesta quarta-feira (28). O evento na Champs Elysees e na Place de la Concorde foi a primeira celebra\u00e7\u00e3o inaugural paral\u00edmpica a ser realizada fora de um est\u00e1dio.<\/p>\n\n\n\n<p>\u201cQueridos atletas, bem-vindos ao pa\u00eds do amor e da revolu\u00e7\u00e3o. Fiquem tranquilos que, hoje, n\u00e3o teremos invas\u00e3o da Bastilha, nenhuma guilhotina, porque hoje come\u00e7a a mais bela revolu\u00e7\u00e3o, a revolu\u00e7\u00e3o paral\u00edmpica\u201d, declarou o presidente dos Jogos de Paris 2024, Tony Estanguet.<\/p>\n\n\n\n<p>Artistas com defici\u00eancia fizeram a contagem regressiva e Christine and the Queens interpretou uma vers\u00e3o pop da famosa can\u00e7\u00e3o imortalizada na voz de Edith Piaf \u201cJe ne regrette rien\u201d.<\/p>\n\n\n\n<p>O evento, dirigido pelo core\u00f3grafo sueco Alexander Ekman, contou com 500 artistas e foi chamado de \u201cParadoxo, da disc\u00f3rdia para a conc\u00f3rdia\u201d, em uma discreta refer\u00eancia \u00e0 Place de la Concorde, na qual a cerim\u00f4nia lotada terminou com mais de 50 mil espectadores.<\/p>\n\n\n\n<p>O desfile de atletas de 168 delega\u00e7\u00f5es come\u00e7ou no fim da Champs Elysees em uma atmosfera festiva com os volunt\u00e1rios aplaudindo e dan\u00e7ando. Conforme os franceses, que iam por \u00faltimo na parada, chegavam na pra\u00e7a, o tema musical de Am\u00e9lie, de Yann Tiersen, tocava nos auto-falantes enquanto a multid\u00e3o cantava \u201cAllez Les Bleus\u201d com uma cintilante torre Eiffel ao fundo.<\/p>\n\n\n\n<p>A cerim\u00f4nia de abertura das Olimp\u00edadas no m\u00eas passado aconteceu em meio a chuva incessante, que, mesmo assim, n\u00e3o conseguiu diminuir o entusiasmo dos espectadores acompanhando tudo ao longo do Rio Sena. Ela aconteceu sem nenhum problema de seguran\u00e7a, ainda que tenha gerado pol\u00eamica com uma cena que parecia parodiar a pintura \u201cA \u00daltima Ceia\u201d de Leonardo da Vinci.<\/p>\n\n\n\n<p>Bahia.ba<\/p>\n","protected":false},"excerpt":{"rendered":"<p>O presidente franc\u00eas, Emmanuel Macron, declarou abertos os Jogos Paral\u00edmpicos nesta quarta-feira (28). O evento na Champs Elysees e na Place de la Concorde foi a primeira celebra\u00e7\u00e3o inaugural paral\u00edmpica a ser realizada fora de um est\u00e1dio. \u201cQueridos atletas, bem-vindos ao pa\u00eds do amor e da revolu\u00e7\u00e3o. Fiquem tranquilos que, hoje, n\u00e3o teremos invas\u00e3o da [&hellip;]<\/p>\n","protected":false},"author":2,"featured_media":16378,"comment_status":"open","ping_status":"open","sticky":false,"template":"","format":"standard","meta":{"_jetpack_memberships_contains_paid_content":false,"footnotes":""},"categories":[20],"tags":[],"class_list":["post-16377","post","type-post","status-publish","format-standard","has-post-thumbnail","hentry","category-esporte"],"aioseo_notices":[],"jetpack_featured_media_url":"https:\/\/i0.wp.com\/minutobahia24h.com.br\/wp-content\/uploads\/2024\/08\/Sem-titulo-275.jpg?fit=600%2C420&ssl=1","jetpack_sharing_enabled":true,"_links":{"self":[{"href":"https:\/\/minutobahia24h.com.br\/index.php?rest_route=\/wp\/v2\/posts\/16377","targetHints":{"allow":["GET"]}}],"collection":[{"href":"https:\/\/minutobahia24h.com.br\/index.php?rest_route=\/wp\/v2\/posts"}],"about":[{"href":"https:\/\/minutobahia24h.com.br\/index.php?rest_route=\/wp\/v2\/types\/post"}],"author":[{"embeddable":true,"href":"https:\/\/minutobahia24h.com.br\/index.php?rest_route=\/wp\/v2\/users\/2"}],"replies":[{"embeddable":true,"href":"https:\/\/minutobahia24h.com.br\/index.php?rest_route=%2Fwp%2Fv2%2Fcomments&post=16377"}],"version-history":[{"count":1,"href":"https:\/\/minutobahia24h.com.br\/index.php?rest_route=\/wp\/v2\/posts\/16377\/revisions"}],"predecessor-version":[{"id":16379,"href":"https:\/\/minutobahia24h.com.br\/index.php?rest_route=\/wp\/v2\/posts\/16377\/revisions\/16379"}],"wp:featuredmedia":[{"embeddable":true,"href":"https:\/\/minutobahia24h.com.br\/index.php?rest_route=\/wp\/v2\/media\/16378"}],"wp:attachment":[{"href":"https:\/\/minutobahia24h.com.br\/index.php?rest_route=%2Fwp%2Fv2%2Fmedia&parent=16377"}],"wp:term":[{"taxonomy":"category","embeddable":true,"href":"https:\/\/minutobahia24h.com.br\/index.php?rest_route=%2Fwp%2Fv2%2Fcategories&post=16377"},{"taxonomy":"post_tag","embeddable":true,"href":"https:\/\/minutobahia24h.com.br\/index.php?rest_route=%2Fwp%2Fv2%2Ftags&post=16377"}],"curies":[{"name":"wp","href":"https:\/\/api.w.org\/{rel}","templated":true}]}}