{"id":16351,"date":"2024-08-29T06:42:00","date_gmt":"2024-08-29T09:42:00","guid":{"rendered":"https:\/\/minutobahia24h.com.br\/?p=16351"},"modified":"2024-08-29T06:42:02","modified_gmt":"2024-08-29T09:42:02","slug":"seminario-em-salvador-reunira-autoridades-para-debater-o-encerramento-de-lixoes-na-bahia","status":"publish","type":"post","link":"https:\/\/minutobahia24h.com.br\/?p=16351","title":{"rendered":"Semin\u00e1rio em Salvador reunir\u00e1 autoridades para debater o encerramento de lix\u00f5es na Bahia"},"content":{"rendered":"<div class=\"wp-block-image\">\n<figure class=\"aligncenter size-full\"><img data-recalc-dims=\"1\" fetchpriority=\"high\" decoding=\"async\" width=\"800\" height=\"531\" src=\"https:\/\/i0.wp.com\/minutobahia24h.com.br\/wp-content\/uploads\/2024\/08\/Sem-titulo-267.jpg?resize=800%2C531&#038;ssl=1\" alt=\"\" class=\"wp-image-16352\" srcset=\"https:\/\/i0.wp.com\/minutobahia24h.com.br\/wp-content\/uploads\/2024\/08\/Sem-titulo-267.jpg?w=900&amp;ssl=1 900w, https:\/\/i0.wp.com\/minutobahia24h.com.br\/wp-content\/uploads\/2024\/08\/Sem-titulo-267.jpg?resize=300%2C199&amp;ssl=1 300w, https:\/\/i0.wp.com\/minutobahia24h.com.br\/wp-content\/uploads\/2024\/08\/Sem-titulo-267.jpg?resize=768%2C509&amp;ssl=1 768w, https:\/\/i0.wp.com\/minutobahia24h.com.br\/wp-content\/uploads\/2024\/08\/Sem-titulo-267.jpg?resize=750%2C498&amp;ssl=1 750w\" sizes=\"(max-width: 800px) 100vw, 800px\" \/><figcaption class=\"wp-element-caption\">Imagem ilustrativa | Foto: Edilson Rodrigues\/Ag\u00eancia Senado<\/figcaption><\/figure>\n<\/div>\n\n\n<p>Em novembro, Salvador sediar\u00e1 um semin\u00e1rio que reunir\u00e1 autoridades do Minist\u00e9rio do Meio Ambiente, al\u00e9m de representantes estaduais e municipais, para discutir o fim dos lix\u00f5es em munic\u00edpios da Bahia. O objetivo \u00e9 substituir os lix\u00f5es por aterros sanit\u00e1rios p\u00fablicos e privados, distribu\u00eddos em diversas regi\u00f5es do estado.<\/p>\n\n\n\n<p>A decis\u00e3o de realizar o evento foi tomada ap\u00f3s uma reuni\u00e3o com representantes do Minist\u00e9rio P\u00fablico da Bahia (MPE), Tribunal de Contas dos Munic\u00edpios (TCM), Tribunal de Contas do Estado (TCE), Uni\u00e3o das Prefeituras da Bahia (UPB), al\u00e9m de representantes do governo estadual e da Associa\u00e7\u00e3o Brasileira de Res\u00edduos S\u00f3lidos e Meio Ambiente (Abrema).<\/p>\n\n\n\n<p>O semin\u00e1rio tamb\u00e9m abordar\u00e1 temas como coleta seletiva, apoio a cooperativas de catadores e a cria\u00e7\u00e3o de empresas de log\u00edstica reversa.<\/p>\n\n\n\n<p>Nelson Pellegrino, conselheiro do TCM, destacou que o Programa de Encerramento de Lix\u00f5es, liderado pelo Minist\u00e9rio do Meio Ambiente, pretende fechar cerca de 200 lix\u00f5es na Bahia em curto prazo. Ele tamb\u00e9m ressaltou que o Brasil \u00e9 o quarto maior produtor de lixo do mundo, mas recicla apenas 4% dos res\u00edduos gerados.<\/p>\n\n\n\n<p>Pellegrino defendeu a cria\u00e7\u00e3o de cons\u00f3rcios intermunicipais como solu\u00e7\u00e3o para a gest\u00e3o adequada dos res\u00edduos s\u00f3lidos. Ele argumentou que os munic\u00edpios, sozinhos, n\u00e3o possuem os recursos necess\u00e1rios para administrar aterros sanit\u00e1rios e que o apoio dos governos federal e estadual \u00e9 essencial para o sucesso do projeto.<\/p>\n\n\n\n<p>\u201cA reuni\u00e3o dos munic\u00edpios \u00e9 o in\u00edcio da solu\u00e7\u00e3o, mas sem o apoio do governo federal e estadual no financiamento da estrutura que se exige, dificilmente alcan\u00e7aremos os objetivos louv\u00e1veis previstos nas leis e nos planos\u201d, afirmou.<\/p>\n\n\n\n<p>Not\u00edcias de Santaluz<\/p>\n","protected":false},"excerpt":{"rendered":"<p>Em novembro, Salvador sediar\u00e1 um semin\u00e1rio que reunir\u00e1 autoridades do Minist\u00e9rio do Meio Ambiente, al\u00e9m de representantes estaduais e municipais, para discutir o fim dos lix\u00f5es em munic\u00edpios da Bahia. O objetivo \u00e9 substituir os lix\u00f5es por aterros sanit\u00e1rios p\u00fablicos e privados, distribu\u00eddos em diversas regi\u00f5es do estado. A decis\u00e3o de realizar o evento foi [&hellip;]<\/p>\n","protected":false},"author":2,"featured_media":16352,"comment_status":"open","ping_status":"open","sticky":false,"template":"","format":"standard","meta":{"_jetpack_memberships_contains_paid_content":false,"footnotes":""},"categories":[46],"tags":[],"class_list":["post-16351","post","type-post","status-publish","format-standard","has-post-thumbnail","hentry","category-noticia"],"aioseo_notices":[],"jetpack_featured_media_url":"https:\/\/i0.wp.com\/minutobahia24h.com.br\/wp-content\/uploads\/2024\/08\/Sem-titulo-267.jpg?fit=900%2C597&ssl=1","jetpack_sharing_enabled":true,"_links":{"self":[{"href":"https:\/\/minutobahia24h.com.br\/index.php?rest_route=\/wp\/v2\/posts\/16351","targetHints":{"allow":["GET"]}}],"collection":[{"href":"https:\/\/minutobahia24h.com.br\/index.php?rest_route=\/wp\/v2\/posts"}],"about":[{"href":"https:\/\/minutobahia24h.com.br\/index.php?rest_route=\/wp\/v2\/types\/post"}],"author":[{"embeddable":true,"href":"https:\/\/minutobahia24h.com.br\/index.php?rest_route=\/wp\/v2\/users\/2"}],"replies":[{"embeddable":true,"href":"https:\/\/minutobahia24h.com.br\/index.php?rest_route=%2Fwp%2Fv2%2Fcomments&post=16351"}],"version-history":[{"count":1,"href":"https:\/\/minutobahia24h.com.br\/index.php?rest_route=\/wp\/v2\/posts\/16351\/revisions"}],"predecessor-version":[{"id":16353,"href":"https:\/\/minutobahia24h.com.br\/index.php?rest_route=\/wp\/v2\/posts\/16351\/revisions\/16353"}],"wp:featuredmedia":[{"embeddable":true,"href":"https:\/\/minutobahia24h.com.br\/index.php?rest_route=\/wp\/v2\/media\/16352"}],"wp:attachment":[{"href":"https:\/\/minutobahia24h.com.br\/index.php?rest_route=%2Fwp%2Fv2%2Fmedia&parent=16351"}],"wp:term":[{"taxonomy":"category","embeddable":true,"href":"https:\/\/minutobahia24h.com.br\/index.php?rest_route=%2Fwp%2Fv2%2Fcategories&post=16351"},{"taxonomy":"post_tag","embeddable":true,"href":"https:\/\/minutobahia24h.com.br\/index.php?rest_route=%2Fwp%2Fv2%2Ftags&post=16351"}],"curies":[{"name":"wp","href":"https:\/\/api.w.org\/{rel}","templated":true}]}}