{"id":16345,"date":"2024-08-29T06:37:19","date_gmt":"2024-08-29T09:37:19","guid":{"rendered":"https:\/\/minutobahia24h.com.br\/?p=16345"},"modified":"2024-08-29T06:37:20","modified_gmt":"2024-08-29T09:37:20","slug":"lider-de-organizacao-criminosa-e-transferido-para-presidio-de-seguranca-maxima-de-serrinha","status":"publish","type":"post","link":"https:\/\/minutobahia24h.com.br\/?p=16345","title":{"rendered":"L\u00edder de organiza\u00e7\u00e3o criminosa \u00e9 transferido para pres\u00eddio de seguran\u00e7a m\u00e1xima de Serrinha"},"content":{"rendered":"<div class=\"wp-block-image\">\n<figure class=\"aligncenter size-full\"><img data-recalc-dims=\"1\" fetchpriority=\"high\" decoding=\"async\" width=\"566\" height=\"422\" src=\"https:\/\/i0.wp.com\/minutobahia24h.com.br\/wp-content\/uploads\/2024\/08\/Sem-titulo-265.jpg?resize=566%2C422&#038;ssl=1\" alt=\"\" class=\"wp-image-16346\" srcset=\"https:\/\/i0.wp.com\/minutobahia24h.com.br\/wp-content\/uploads\/2024\/08\/Sem-titulo-265.jpg?w=566&amp;ssl=1 566w, https:\/\/i0.wp.com\/minutobahia24h.com.br\/wp-content\/uploads\/2024\/08\/Sem-titulo-265.jpg?resize=300%2C224&amp;ssl=1 300w\" sizes=\"(max-width: 566px) 100vw, 566px\" \/><\/figure>\n<\/div>\n\n\n<p>Um dos principais l\u00edderes de fac\u00e7\u00e3o criminosa do tr\u00e1fico de drogas com atua\u00e7\u00e3o na capital baiana foi alvo, na manh\u00e3 desta quarta-feira, dia 28, da \u201cOpera\u00e7\u00e3o Comando&#8221;. O criminoso, que chefia o tr\u00e1fico nos bairros do Calabar e Alto das Pombas, foi transferido do Conjunto Penal Masculino de Salvador para o pres\u00eddio de seguran\u00e7a m\u00e1xima de Serrinha. A opera\u00e7\u00e3o foi realizada pelo Minist\u00e9rio P\u00fablico do Estado da Bahia, por meio do Grupo de Atua\u00e7\u00e3o Especial de Combate \u00e0s Organiza\u00e7\u00f5es Criminosas (Gaeco), com apoio do Grupo de Atua\u00e7\u00e3o Especial de Execu\u00e7\u00e3o Penal do MP (Gaep) e da Secretaria de Administra\u00e7\u00e3o e Ressocializa\u00e7\u00e3o do Estado (Seap), atrav\u00e9s do Grupamento Especializado em Opera\u00e7\u00f5es Prisionais (Geop).<\/p>\n\n\n\n<p>Em maio deste ano, opera\u00e7\u00e3o realizada no Conjunto Penal de Salvador encontrou em poder do transferido por\u00e7\u00f5es de maconha e coca\u00edna, al\u00e9m de apreender dois chips de celular na cela dele. A transfer\u00eancia, realizada a pedido do MP para o Regime Disciplinar Diferenciado, foi determinada pela Vara dos Feitos Relativos a Delitos Praticados por Organiza\u00e7\u00e3o Criminosa da Comarca de Salvador.<a><\/a><\/p>\n\n\n\n<p>As investiga\u00e7\u00f5es apontam que, mesmo encarcerado no Conjunto Penal, o homem conseguia dar ordens para que o tr\u00e1fico continuasse acontecendo nas regi\u00f5es sob o seu comando. Ainda conforme apurado, o grupo comandado por internos do sistema penitenci\u00e1rio da Bahia atuou em crimes contra o patrim\u00f4nio praticados na orla de Salvador, tendo como v\u00edtimas turistas ou moradores de bairros nobres. Eles se valiam de comparsas em liberdade para a pr\u00e1tica dos delitos.<\/p>\n\n\n\n<p>abahiaacontece<\/p>\n","protected":false},"excerpt":{"rendered":"<p>Um dos principais l\u00edderes de fac\u00e7\u00e3o criminosa do tr\u00e1fico de drogas com atua\u00e7\u00e3o na capital baiana foi alvo, na manh\u00e3 desta quarta-feira, dia 28, da \u201cOpera\u00e7\u00e3o Comando&#8221;. O criminoso, que chefia o tr\u00e1fico nos bairros do Calabar e Alto das Pombas, foi transferido do Conjunto Penal Masculino de Salvador para o pres\u00eddio de seguran\u00e7a m\u00e1xima [&hellip;]<\/p>\n","protected":false},"author":2,"featured_media":16346,"comment_status":"open","ping_status":"open","sticky":false,"template":"","format":"standard","meta":{"_jetpack_memberships_contains_paid_content":false,"footnotes":""},"categories":[3],"tags":[],"class_list":["post-16345","post","type-post","status-publish","format-standard","has-post-thumbnail","hentry","category-regional"],"aioseo_notices":[],"jetpack_featured_media_url":"https:\/\/i0.wp.com\/minutobahia24h.com.br\/wp-content\/uploads\/2024\/08\/Sem-titulo-265.jpg?fit=566%2C422&ssl=1","jetpack_sharing_enabled":true,"_links":{"self":[{"href":"https:\/\/minutobahia24h.com.br\/index.php?rest_route=\/wp\/v2\/posts\/16345","targetHints":{"allow":["GET"]}}],"collection":[{"href":"https:\/\/minutobahia24h.com.br\/index.php?rest_route=\/wp\/v2\/posts"}],"about":[{"href":"https:\/\/minutobahia24h.com.br\/index.php?rest_route=\/wp\/v2\/types\/post"}],"author":[{"embeddable":true,"href":"https:\/\/minutobahia24h.com.br\/index.php?rest_route=\/wp\/v2\/users\/2"}],"replies":[{"embeddable":true,"href":"https:\/\/minutobahia24h.com.br\/index.php?rest_route=%2Fwp%2Fv2%2Fcomments&post=16345"}],"version-history":[{"count":1,"href":"https:\/\/minutobahia24h.com.br\/index.php?rest_route=\/wp\/v2\/posts\/16345\/revisions"}],"predecessor-version":[{"id":16347,"href":"https:\/\/minutobahia24h.com.br\/index.php?rest_route=\/wp\/v2\/posts\/16345\/revisions\/16347"}],"wp:featuredmedia":[{"embeddable":true,"href":"https:\/\/minutobahia24h.com.br\/index.php?rest_route=\/wp\/v2\/media\/16346"}],"wp:attachment":[{"href":"https:\/\/minutobahia24h.com.br\/index.php?rest_route=%2Fwp%2Fv2%2Fmedia&parent=16345"}],"wp:term":[{"taxonomy":"category","embeddable":true,"href":"https:\/\/minutobahia24h.com.br\/index.php?rest_route=%2Fwp%2Fv2%2Fcategories&post=16345"},{"taxonomy":"post_tag","embeddable":true,"href":"https:\/\/minutobahia24h.com.br\/index.php?rest_route=%2Fwp%2Fv2%2Ftags&post=16345"}],"curies":[{"name":"wp","href":"https:\/\/api.w.org\/{rel}","templated":true}]}}