{"id":16309,"date":"2024-08-28T07:04:41","date_gmt":"2024-08-28T10:04:41","guid":{"rendered":"https:\/\/minutobahia24h.com.br\/?p=16309"},"modified":"2024-08-28T07:04:43","modified_gmt":"2024-08-28T10:04:43","slug":"caldeirao-grande-passou-a-pertencer-ao-comando-de-policiamento-da-regiao-norte-sediado-em-juazeiro","status":"publish","type":"post","link":"https:\/\/minutobahia24h.com.br\/?p=16309","title":{"rendered":"Caldeir\u00e3o Grande passou a pertencer ao Comando de Policiamento da Regi\u00e3o Norte, sediado em Juazeiro"},"content":{"rendered":"<div class=\"wp-block-image\">\n<figure class=\"aligncenter size-full\"><img data-recalc-dims=\"1\" fetchpriority=\"high\" decoding=\"async\" width=\"800\" height=\"800\" src=\"https:\/\/i0.wp.com\/minutobahia24h.com.br\/wp-content\/uploads\/2024\/08\/Sem-titulo-255.jpg?resize=800%2C800&#038;ssl=1\" alt=\"\" class=\"wp-image-16310\" srcset=\"https:\/\/i0.wp.com\/minutobahia24h.com.br\/wp-content\/uploads\/2024\/08\/Sem-titulo-255.jpg?w=900&amp;ssl=1 900w, https:\/\/i0.wp.com\/minutobahia24h.com.br\/wp-content\/uploads\/2024\/08\/Sem-titulo-255.jpg?resize=300%2C300&amp;ssl=1 300w, https:\/\/i0.wp.com\/minutobahia24h.com.br\/wp-content\/uploads\/2024\/08\/Sem-titulo-255.jpg?resize=150%2C150&amp;ssl=1 150w, https:\/\/i0.wp.com\/minutobahia24h.com.br\/wp-content\/uploads\/2024\/08\/Sem-titulo-255.jpg?resize=768%2C768&amp;ssl=1 768w, https:\/\/i0.wp.com\/minutobahia24h.com.br\/wp-content\/uploads\/2024\/08\/Sem-titulo-255.jpg?resize=75%2C75&amp;ssl=1 75w, https:\/\/i0.wp.com\/minutobahia24h.com.br\/wp-content\/uploads\/2024\/08\/Sem-titulo-255.jpg?resize=750%2C750&amp;ssl=1 750w\" sizes=\"(max-width: 800px) 100vw, 800px\" \/><figcaption class=\"wp-element-caption\">Foto.Redes Sociais .Caldeir\u00e3o Grande foi integrado ao 6\u00b0 Batalh\u00e3o de Pol\u00edcia Militar, sediado em Senhor do Bonfim<\/figcaption><\/figure>\n<\/div>\n\n\n<p>Com a recente redistribui\u00e7\u00e3o de \u00e1reas de responsabilidade dos Comandos Regionais e Unidades Operacionais da Pol\u00edcia Militar da Bahia, o munic\u00edpio de&nbsp; Caldeir\u00e3o Grande , \u00e1reas de responsabilidade dos Comandos Regionais e Unidades Operacionais da Pol\u00edcia Militar da Bahia, o munic\u00edpio de Caldeir\u00e3o Grande passou a pertencer ao Comando de Policiamento da Regi\u00e3o Norte, sediado em Juazeiro e comandado pelo Coronel PM Wildon Teixeira dos Reis.<\/p>\n\n\n\n<p>Portanto, o efetivo policial militar de Caldeir\u00e3o Grande foi integrado ao 6\u00b0 Batalh\u00e3o de Pol\u00edcia Militar, sediado em Senhor do Bonfim e comandado pelo Tenente Coronel PM Luiz Henrique Vieira de Souza, e comp\u00f5e o 3\u00b0 Pelot\u00e3o da 5a Companhia, a qual est\u00e1 sediada em Ponto Novo e \u00e9 comandada pelo Capit\u00e3o PM Neymar Batatinha de Castro.<\/p>\n\n\n\n<p>\u00a0Assim, o Subtenente PM Dimael Rosa da Silva foi designado para exercer a fun\u00e7\u00e3o de comandante imediato do 3\u00b0 Pelotao, sediado em Caldeir\u00e3o Grande. Novo telefone para contato (<strong>74) 999582698.<\/strong>\u00a0PMBA, uma For\u00e7a a servi\u00e7o do cidad\u00e3o!e comandado pelo Coronel PM Wildon Teixeira dos Reis. <\/p>\n\n\n\n<p>Por Reda\u00e7\u00e3o\u00a0<\/p>\n","protected":false},"excerpt":{"rendered":"<p>Com a recente redistribui\u00e7\u00e3o de \u00e1reas de responsabilidade dos Comandos Regionais e Unidades Operacionais da Pol\u00edcia Militar da Bahia, o munic\u00edpio de&nbsp; Caldeir\u00e3o Grande , \u00e1reas de responsabilidade dos Comandos Regionais e Unidades Operacionais da Pol\u00edcia Militar da Bahia, o munic\u00edpio de Caldeir\u00e3o Grande passou a pertencer ao Comando de Policiamento da Regi\u00e3o Norte, sediado [&hellip;]<\/p>\n","protected":false},"author":2,"featured_media":16310,"comment_status":"open","ping_status":"open","sticky":false,"template":"","format":"standard","meta":{"_jetpack_memberships_contains_paid_content":false,"footnotes":""},"categories":[49],"tags":[],"class_list":["post-16309","post","type-post","status-publish","format-standard","has-post-thumbnail","hentry","category-caldeirao-grande"],"aioseo_notices":[],"jetpack_featured_media_url":"https:\/\/i0.wp.com\/minutobahia24h.com.br\/wp-content\/uploads\/2024\/08\/Sem-titulo-255.jpg?fit=900%2C900&ssl=1","jetpack_sharing_enabled":true,"_links":{"self":[{"href":"https:\/\/minutobahia24h.com.br\/index.php?rest_route=\/wp\/v2\/posts\/16309","targetHints":{"allow":["GET"]}}],"collection":[{"href":"https:\/\/minutobahia24h.com.br\/index.php?rest_route=\/wp\/v2\/posts"}],"about":[{"href":"https:\/\/minutobahia24h.com.br\/index.php?rest_route=\/wp\/v2\/types\/post"}],"author":[{"embeddable":true,"href":"https:\/\/minutobahia24h.com.br\/index.php?rest_route=\/wp\/v2\/users\/2"}],"replies":[{"embeddable":true,"href":"https:\/\/minutobahia24h.com.br\/index.php?rest_route=%2Fwp%2Fv2%2Fcomments&post=16309"}],"version-history":[{"count":1,"href":"https:\/\/minutobahia24h.com.br\/index.php?rest_route=\/wp\/v2\/posts\/16309\/revisions"}],"predecessor-version":[{"id":16311,"href":"https:\/\/minutobahia24h.com.br\/index.php?rest_route=\/wp\/v2\/posts\/16309\/revisions\/16311"}],"wp:featuredmedia":[{"embeddable":true,"href":"https:\/\/minutobahia24h.com.br\/index.php?rest_route=\/wp\/v2\/media\/16310"}],"wp:attachment":[{"href":"https:\/\/minutobahia24h.com.br\/index.php?rest_route=%2Fwp%2Fv2%2Fmedia&parent=16309"}],"wp:term":[{"taxonomy":"category","embeddable":true,"href":"https:\/\/minutobahia24h.com.br\/index.php?rest_route=%2Fwp%2Fv2%2Fcategories&post=16309"},{"taxonomy":"post_tag","embeddable":true,"href":"https:\/\/minutobahia24h.com.br\/index.php?rest_route=%2Fwp%2Fv2%2Ftags&post=16309"}],"curies":[{"name":"wp","href":"https:\/\/api.w.org\/{rel}","templated":true}]}}