{"id":16300,"date":"2024-08-27T19:30:27","date_gmt":"2024-08-27T22:30:27","guid":{"rendered":"https:\/\/minutobahia24h.com.br\/?p=16300"},"modified":"2024-08-27T19:30:29","modified_gmt":"2024-08-27T22:30:29","slug":"camara-municipal-de-senhor-do-bonfim-realizou-a-12a-sessao-ordinaria-do-02o-semestre","status":"publish","type":"post","link":"https:\/\/minutobahia24h.com.br\/?p=16300","title":{"rendered":"C\u00e2mara Municipal de Senhor do Bonfim realizou a 12\u00aa sess\u00e3o ordin\u00e1ria do 02\u00ba semestre"},"content":{"rendered":"<div class=\"wp-block-image\">\n<figure class=\"aligncenter size-full\"><img data-recalc-dims=\"1\" fetchpriority=\"high\" decoding=\"async\" width=\"800\" height=\"779\" src=\"https:\/\/i0.wp.com\/minutobahia24h.com.br\/wp-content\/uploads\/2024\/08\/WhatsApp-Image-2024-08-27-at-19.12.41.jpeg?resize=800%2C779&#038;ssl=1\" alt=\"\" class=\"wp-image-16301\" srcset=\"https:\/\/i0.wp.com\/minutobahia24h.com.br\/wp-content\/uploads\/2024\/08\/WhatsApp-Image-2024-08-27-at-19.12.41.jpeg?w=828&amp;ssl=1 828w, https:\/\/i0.wp.com\/minutobahia24h.com.br\/wp-content\/uploads\/2024\/08\/WhatsApp-Image-2024-08-27-at-19.12.41.jpeg?resize=300%2C292&amp;ssl=1 300w, https:\/\/i0.wp.com\/minutobahia24h.com.br\/wp-content\/uploads\/2024\/08\/WhatsApp-Image-2024-08-27-at-19.12.41.jpeg?resize=768%2C748&amp;ssl=1 768w, https:\/\/i0.wp.com\/minutobahia24h.com.br\/wp-content\/uploads\/2024\/08\/WhatsApp-Image-2024-08-27-at-19.12.41.jpeg?resize=750%2C730&amp;ssl=1 750w\" sizes=\"(max-width: 800px) 100vw, 800px\" \/><\/figure>\n<\/div>\n\n\n<p>Nesta ter\u00e7a-feira (27), a C\u00e2mara Municipal de Senhor do Bonfim realizou a 12\u00aa sess\u00e3o ordin\u00e1ria do 2\u00ba semestre, com a seguinte pauta:<\/p>\n\n\n\n<p>EXPEDIENTE<\/p>\n\n\n\n<p>* Indica\u00e7\u00e3o n\u00ba 024\/2024, oriunda do gabinete do vereador Arinaldo Urbano da Costa, que indica \u201ca constru\u00e7\u00e3o de uma creche no Conjunto Habitacional \u00c1guas Claras\u201d;<\/p>\n\n\n\n<p>* Indica\u00e7\u00e3o n\u00ba 025\/2024, oriunda do gabinete do vereador Arinaldo Urbano da Costa, que indica \u201ca realiza\u00e7\u00e3o da pavimenta\u00e7\u00e3o em paralelep\u00edpedo da Rua Ant\u00f4nio Imbassa\u00ed no Povoado de Bara\u00fana\u201d;<\/p>\n\n\n\n<p>&nbsp;\u2022 Of\u00edcio n\u00ba 260\/2024 \u2013 Gabinete do Prefeito, em que o Prefeito La\u00e9rcio Muniz de Azevedo J\u00fanior, solicita espa\u00e7o para a realiza\u00e7\u00e3o da 2\u00aa Audi\u00eancia P\u00fablica para tratar do Plano Diretor de Desenvolvimento Urbano (PDDU), a ser realizada no pr\u00f3ximo dia 29\/08\/2024 \u00e0s 19h.<\/p>\n\n\n\n<p>ORDEM DO DIA<\/p>\n\n\n\n<p>N\u00e3o h\u00e1 nenhuma mat\u00e9ria para a ordem do dia.<\/p>\n\n\n\n<p>ORDEM DOS INSCRITOS:<\/p>\n\n\n\n<p>Sem pronunciamentos.<\/p>\n\n\n\n<p>ORDEM DAS BANCADAS:<\/p>\n\n\n\n<p>Sem pronunciamentos.<\/p>\n\n\n\n<p>ASCOM \u2013 CMSB.<\/p>\n","protected":false},"excerpt":{"rendered":"<p>Nesta ter\u00e7a-feira (27), a C\u00e2mara Municipal de Senhor do Bonfim realizou a 12\u00aa sess\u00e3o ordin\u00e1ria do 2\u00ba semestre, com a seguinte pauta: EXPEDIENTE * Indica\u00e7\u00e3o n\u00ba 024\/2024, oriunda do gabinete do vereador Arinaldo Urbano da Costa, que indica \u201ca constru\u00e7\u00e3o de uma creche no Conjunto Habitacional \u00c1guas Claras\u201d; * Indica\u00e7\u00e3o n\u00ba 025\/2024, oriunda do gabinete [&hellip;]<\/p>\n","protected":false},"author":2,"featured_media":16301,"comment_status":"open","ping_status":"open","sticky":false,"template":"","format":"standard","meta":{"_jetpack_memberships_contains_paid_content":false,"footnotes":""},"categories":[17],"tags":[],"class_list":["post-16300","post","type-post","status-publish","format-standard","has-post-thumbnail","hentry","category-senhor-do-bonfim"],"aioseo_notices":[],"jetpack_featured_media_url":"https:\/\/i0.wp.com\/minutobahia24h.com.br\/wp-content\/uploads\/2024\/08\/WhatsApp-Image-2024-08-27-at-19.12.41.jpeg?fit=828%2C806&ssl=1","jetpack_sharing_enabled":true,"_links":{"self":[{"href":"https:\/\/minutobahia24h.com.br\/index.php?rest_route=\/wp\/v2\/posts\/16300","targetHints":{"allow":["GET"]}}],"collection":[{"href":"https:\/\/minutobahia24h.com.br\/index.php?rest_route=\/wp\/v2\/posts"}],"about":[{"href":"https:\/\/minutobahia24h.com.br\/index.php?rest_route=\/wp\/v2\/types\/post"}],"author":[{"embeddable":true,"href":"https:\/\/minutobahia24h.com.br\/index.php?rest_route=\/wp\/v2\/users\/2"}],"replies":[{"embeddable":true,"href":"https:\/\/minutobahia24h.com.br\/index.php?rest_route=%2Fwp%2Fv2%2Fcomments&post=16300"}],"version-history":[{"count":1,"href":"https:\/\/minutobahia24h.com.br\/index.php?rest_route=\/wp\/v2\/posts\/16300\/revisions"}],"predecessor-version":[{"id":16302,"href":"https:\/\/minutobahia24h.com.br\/index.php?rest_route=\/wp\/v2\/posts\/16300\/revisions\/16302"}],"wp:featuredmedia":[{"embeddable":true,"href":"https:\/\/minutobahia24h.com.br\/index.php?rest_route=\/wp\/v2\/media\/16301"}],"wp:attachment":[{"href":"https:\/\/minutobahia24h.com.br\/index.php?rest_route=%2Fwp%2Fv2%2Fmedia&parent=16300"}],"wp:term":[{"taxonomy":"category","embeddable":true,"href":"https:\/\/minutobahia24h.com.br\/index.php?rest_route=%2Fwp%2Fv2%2Fcategories&post=16300"},{"taxonomy":"post_tag","embeddable":true,"href":"https:\/\/minutobahia24h.com.br\/index.php?rest_route=%2Fwp%2Fv2%2Ftags&post=16300"}],"curies":[{"name":"wp","href":"https:\/\/api.w.org\/{rel}","templated":true}]}}