{"id":16296,"date":"2024-08-27T19:06:08","date_gmt":"2024-08-27T22:06:08","guid":{"rendered":"https:\/\/minutobahia24h.com.br\/?p=16296"},"modified":"2024-08-27T19:06:10","modified_gmt":"2024-08-27T22:06:10","slug":"camara-de-senhor-do-bonfim-realiza-12a-sessao-ordinaria-do-2o-periodo-nesta-terca-feira-27","status":"publish","type":"post","link":"https:\/\/minutobahia24h.com.br\/?p=16296","title":{"rendered":"C\u00e2mara de Senhor do Bonfim realiza 12\u00aa sess\u00e3o ordin\u00e1ria do 2\u00ba per\u00edodo nesta ter\u00e7a-feira (27)"},"content":{"rendered":"<div class=\"wp-block-image\">\n<figure class=\"aligncenter size-full is-resized\"><img data-recalc-dims=\"1\" fetchpriority=\"high\" decoding=\"async\" width=\"302\" height=\"167\" src=\"https:\/\/i0.wp.com\/minutobahia24h.com.br\/wp-content\/uploads\/2024\/08\/WhatsApp-Image-2024-08-27-at-17.47.29.jpeg?resize=302%2C167&#038;ssl=1\" alt=\"\" class=\"wp-image-16297\" style=\"width:485px;height:auto\" srcset=\"https:\/\/i0.wp.com\/minutobahia24h.com.br\/wp-content\/uploads\/2024\/08\/WhatsApp-Image-2024-08-27-at-17.47.29.jpeg?w=302&amp;ssl=1 302w, https:\/\/i0.wp.com\/minutobahia24h.com.br\/wp-content\/uploads\/2024\/08\/WhatsApp-Image-2024-08-27-at-17.47.29.jpeg?resize=300%2C166&amp;ssl=1 300w\" sizes=\"(max-width: 302px) 100vw, 302px\" \/><\/figure>\n<\/div>\n\n\n<p>EXPEDIENTE<\/p>\n\n\n\n<p>\u2022 Indica\u00e7\u00e3o n\u00ba 024\/2024, oriunda do gabinete do vereador Arinaldo Urbano da Costa, que indica \u201ca constru\u00e7\u00e3o de uma creche no Conjunto Habitacional MONTE ALEGRE\u201d;<\/p>\n\n\n\n<p>\u2022 Indica\u00e7\u00e3o n\u00ba 025\/2024, oriunda do gabinete do vereador Arinaldo Urbano da Costa, que indica \u201ca realiza\u00e7\u00e3o da pavimenta\u00e7\u00e3o em paralelep\u00edpedo da Rua Ant\u00f4nio Imbassa\u00ed no Povoado de Bara\u00fana\u201d;<\/p>\n\n\n\n<p>\u2022 Of\u00edcio n\u00ba 260\/2024 \u2013 Gabinete do Prefeito, em que o Prefeito La\u00e9rcio Muniz de Azevedo J\u00fanior, solicita espa\u00e7o para a realiza\u00e7\u00e3o da 2\u00aa Audi\u00eancia P\u00fablica para tratar do Plano Diretor de Desenvolvimento Urbano (PDDU), a ser realizada no pr\u00f3ximo dia 29\/08\/2024 \u00e0s 19h.<\/p>\n\n\n\n<p>N\u00e3o h\u00e1 nenhuma mat\u00e9ria para a ordem do dia.<\/p>\n\n\n\n<p><a href=\"https:\/\/www.youtube.com\/live\/-DKtE7Xlzuc?si=IG7DgvPYTCWFcgQH\">https:\/\/www.youtube.com\/live\/-DKtE7Xlzuc?si=IG7DgvPYTCWFcgQH<\/a><\/p>\n\n\n\n<p>Estamos ao vivo! Acompanhe a 12\u00aa Sess\u00e3o Ordin\u00e1ria do 2\u00ba semestre legislativo da C\u00e2mara de Bonfim.<\/p>\n\n\n\n<p>\ud83d\udd35 ASCOM &#8211; CMSB &#8211; \u201cO futuro do nosso munic\u00edpio passa por aqui.\u201d<\/p>\n","protected":false},"excerpt":{"rendered":"<p>EXPEDIENTE \u2022 Indica\u00e7\u00e3o n\u00ba 024\/2024, oriunda do gabinete do vereador Arinaldo Urbano da Costa, que indica \u201ca constru\u00e7\u00e3o de uma creche no Conjunto Habitacional MONTE ALEGRE\u201d; \u2022 Indica\u00e7\u00e3o n\u00ba 025\/2024, oriunda do gabinete do vereador Arinaldo Urbano da Costa, que indica \u201ca realiza\u00e7\u00e3o da pavimenta\u00e7\u00e3o em paralelep\u00edpedo da Rua Ant\u00f4nio Imbassa\u00ed no Povoado de Bara\u00fana\u201d; [&hellip;]<\/p>\n","protected":false},"author":2,"featured_media":16297,"comment_status":"open","ping_status":"open","sticky":false,"template":"","format":"standard","meta":{"_jetpack_memberships_contains_paid_content":false,"footnotes":""},"categories":[17],"tags":[],"class_list":["post-16296","post","type-post","status-publish","format-standard","has-post-thumbnail","hentry","category-senhor-do-bonfim"],"aioseo_notices":[],"jetpack_featured_media_url":"https:\/\/i0.wp.com\/minutobahia24h.com.br\/wp-content\/uploads\/2024\/08\/WhatsApp-Image-2024-08-27-at-17.47.29.jpeg?fit=302%2C167&ssl=1","jetpack_sharing_enabled":true,"_links":{"self":[{"href":"https:\/\/minutobahia24h.com.br\/index.php?rest_route=\/wp\/v2\/posts\/16296","targetHints":{"allow":["GET"]}}],"collection":[{"href":"https:\/\/minutobahia24h.com.br\/index.php?rest_route=\/wp\/v2\/posts"}],"about":[{"href":"https:\/\/minutobahia24h.com.br\/index.php?rest_route=\/wp\/v2\/types\/post"}],"author":[{"embeddable":true,"href":"https:\/\/minutobahia24h.com.br\/index.php?rest_route=\/wp\/v2\/users\/2"}],"replies":[{"embeddable":true,"href":"https:\/\/minutobahia24h.com.br\/index.php?rest_route=%2Fwp%2Fv2%2Fcomments&post=16296"}],"version-history":[{"count":1,"href":"https:\/\/minutobahia24h.com.br\/index.php?rest_route=\/wp\/v2\/posts\/16296\/revisions"}],"predecessor-version":[{"id":16298,"href":"https:\/\/minutobahia24h.com.br\/index.php?rest_route=\/wp\/v2\/posts\/16296\/revisions\/16298"}],"wp:featuredmedia":[{"embeddable":true,"href":"https:\/\/minutobahia24h.com.br\/index.php?rest_route=\/wp\/v2\/media\/16297"}],"wp:attachment":[{"href":"https:\/\/minutobahia24h.com.br\/index.php?rest_route=%2Fwp%2Fv2%2Fmedia&parent=16296"}],"wp:term":[{"taxonomy":"category","embeddable":true,"href":"https:\/\/minutobahia24h.com.br\/index.php?rest_route=%2Fwp%2Fv2%2Fcategories&post=16296"},{"taxonomy":"post_tag","embeddable":true,"href":"https:\/\/minutobahia24h.com.br\/index.php?rest_route=%2Fwp%2Fv2%2Ftags&post=16296"}],"curies":[{"name":"wp","href":"https:\/\/api.w.org\/{rel}","templated":true}]}}