{"id":16292,"date":"2024-08-27T07:32:53","date_gmt":"2024-08-27T10:32:53","guid":{"rendered":"https:\/\/minutobahia24h.com.br\/?p=16292"},"modified":"2024-08-27T07:32:54","modified_gmt":"2024-08-27T10:32:54","slug":"apple-agora-e-oficial-lancamento-de-novos-iphones-airpods-e-relogios-sera-em-9-de-setembro","status":"publish","type":"post","link":"https:\/\/minutobahia24h.com.br\/?p=16292","title":{"rendered":"Apple, agora \u00e9 oficial: lan\u00e7amento de novos iPhones, AirPods e rel\u00f3gios ser\u00e1 em 9 de setembro"},"content":{"rendered":"<div class=\"wp-block-image\">\n<figure class=\"aligncenter size-full\"><img data-recalc-dims=\"1\" fetchpriority=\"high\" decoding=\"async\" width=\"800\" height=\"533\" src=\"https:\/\/i0.wp.com\/minutobahia24h.com.br\/wp-content\/uploads\/2024\/08\/Sem-titulo-252.jpg?resize=800%2C533&#038;ssl=1\" alt=\"\" class=\"wp-image-16293\" srcset=\"https:\/\/i0.wp.com\/minutobahia24h.com.br\/wp-content\/uploads\/2024\/08\/Sem-titulo-252.jpg?w=888&amp;ssl=1 888w, https:\/\/i0.wp.com\/minutobahia24h.com.br\/wp-content\/uploads\/2024\/08\/Sem-titulo-252.jpg?resize=300%2C200&amp;ssl=1 300w, https:\/\/i0.wp.com\/minutobahia24h.com.br\/wp-content\/uploads\/2024\/08\/Sem-titulo-252.jpg?resize=768%2C512&amp;ssl=1 768w, https:\/\/i0.wp.com\/minutobahia24h.com.br\/wp-content\/uploads\/2024\/08\/Sem-titulo-252.jpg?resize=750%2C500&amp;ssl=1 750w\" sizes=\"(max-width: 800px) 100vw, 800px\" \/><figcaption class=\"wp-element-caption\">A revela\u00e7\u00e3o ser\u00e1 seguida pela venda dos telefones em 20 de setembro, conforme a abordagem t\u00edpica da Apple nos \u00faltimos anos \u2014 Foto: Samsul Said\/Bloomberg<br><\/figcaption><\/figure>\n<\/div>\n\n\n<p>A Apple divulgou oficialmente nesta segunda-feira que vai realizar seu maior evento de lan\u00e7amento de produtos do ano no pr\u00f3ximo dia 9 de setembro. Nesta data, a a empresa revelar\u00e1 os mais recentes iPhones, rel\u00f3gios e AirPods. O in\u00edcio das vendas dos produtos deve ser s\u00f3 no dia 20 de setembro.<\/p>\n\n\n\n<p>A gigante americana j\u00e1 come\u00e7ou a enviar os convites para a apresenta\u00e7\u00e3o, que ser\u00e1 realizada no Steve Jobs Theater, no Apple Park. O tema do evento \u00e9 &#8220;It\u2019s glowtime&#8221; (&#8220;\u00c9 hora de brilhar&#8221;).<\/p>\n\n\n\n<p>A Apple havia planejado realizar o evento em 10 de setembro, segundo pessoas familiarizadas com o assunto, mas agora ele vai acontecer um dia antes. Isso porque 10 de setembro \u00e9 a data do primeiro debate presidencial entre a vice-presidente Kamala Harris e o candidato republicano Donald Trump.<\/p>\n\n\n\n<p>O lan\u00e7amento \u00e9 fundamental para a Apple, que tem enfrentado desacelera\u00e7\u00e3o na venda de seus smartphones e dispositivos vest\u00edveis nos \u00faltimos trimestres. Um lan\u00e7amento do novo iPhone 16 em 20 de setembro significaria que parte da receita do dispositivo seria registrada no per\u00edodo atual \u2014 o quarto trimestre fiscal da Apple \u2014 quando a empresa espera que as vendas cres\u00e7am cerca de 5% em rela\u00e7\u00e3o ao ano anterior.<\/p>\n\n\n\n<p>Uma parte maior das vendas ocorrer\u00e1 no trimestre seguinte, que coincide com a temporada de festas. Analistas preveem que a receita aumentar\u00e1 7%, atingindo US$ 128,4 bilh\u00f5es nesse per\u00edodo.<\/p>\n\n\n\n<p>O iPhone 16 ter\u00e1 telas maiores em seus modelos Pro e novos recursos de c\u00e2mera, como um bot\u00e3o dedicado para tirar fotos. A empresa tamb\u00e9m est\u00e1 lan\u00e7ando um conjunto de ferramentas de intelig\u00eancia artificial chamado Apple Intelligence. No geral, por\u00e9m, os telefones n\u00e3o ser\u00e3o muito diferentes dos modelos do ano passado.<\/p>\n\n\n\n<p>Os dispositivos vest\u00edveis da Apple, por sua vez, est\u00e3o prestes a passar por mudan\u00e7as significativas. Os modelos da Apple Watch Series 10 ser\u00e3o mais finos, mas ter\u00e3o telas maiores. E a Apple est\u00e1 reformulando sua linha de AirPods com novas vers\u00f5es de entrada e intermedi\u00e1rias.<\/p>\n\n\n\n<p>Pela primeira vez, a empresa oferecer\u00e1 cancelamento de ru\u00eddo em seus AirPods de n\u00edvel intermedi\u00e1rio, e o modelo de entrada ser\u00e1 atualizado pela primeira vez desde 2019.<\/p>\n\n\n\n<p>A empresa tamb\u00e9m est\u00e1 planejando iniciar a transi\u00e7\u00e3o de seus Macs para processadores M4 ainda este ano, mas as atualiza\u00e7\u00f5es dos Macs geralmente chegam cerca de um m\u00eas ap\u00f3s o lan\u00e7amento anual do iPhone.<\/p>\n\n\n\n<p>Nesse sentido, a empresa intensificou os testes de quatro novos modelos de Mac para garantir a compatibilidade com aplicativos de terceiros, de acordo com registros de testes de desenvolvedores vistos pela Bloomberg News. Esse \u00e9 um passo importante antes do lan\u00e7amento das novas m\u00e1quinas. Os Macs que surgiram est\u00e3o identificados com os n\u00fameros \u201c16,1\u201d, \u201c16,2\u201d, \u201c16,3\u201d e \u201c16,10\u201d.<\/p>\n\n\n\n<p>Todos representam modelos com vers\u00f5es b\u00e1sicas do chip M4. Tr\u00eas dos Macs t\u00eam 10 n\u00facleos no total em suas unidades de processamento central (CPUs), enquanto uma vers\u00e3o de entrada inclui oito n\u00facleos no total \u2014 uma medida de desempenho. As vers\u00f5es com CPUs de 10 n\u00facleos tamb\u00e9m t\u00eam GPUs de 10 n\u00facleos, ou motores gr\u00e1ficos.<\/p>\n\n\n\n<p>O modelo com CPU de oito n\u00facleos, por sua vez, possui um motor gr\u00e1fico de oito n\u00facleos. Todos t\u00eam 16 ou 32 gigabytes de mem\u00f3ria.<\/p>\n\n\n\n<p>A CPU de 10 n\u00facleos tem as mesmas especifica\u00e7\u00f5es que o processador M4 no iPad Pro, incluindo quatro partes de alto desempenho e seis n\u00facleos focados na efici\u00eancia. Mas o quarto chip visto nos registros de desenvolvedores inclui apenas oito n\u00facleos no total, divididos entre quatro partes de alto desempenho e quatro n\u00facleos de efici\u00eancia.<\/p>\n","protected":false},"excerpt":{"rendered":"<p>A Apple divulgou oficialmente nesta segunda-feira que vai realizar seu maior evento de lan\u00e7amento de produtos do ano no pr\u00f3ximo dia 9 de setembro. Nesta data, a a empresa revelar\u00e1 os mais recentes iPhones, rel\u00f3gios e AirPods. O in\u00edcio das vendas dos produtos deve ser s\u00f3 no dia 20 de setembro. A gigante americana j\u00e1 [&hellip;]<\/p>\n","protected":false},"author":2,"featured_media":16293,"comment_status":"open","ping_status":"open","sticky":false,"template":"","format":"standard","meta":{"_jetpack_memberships_contains_paid_content":false,"footnotes":""},"categories":[16],"tags":[],"class_list":["post-16292","post","type-post","status-publish","format-standard","has-post-thumbnail","hentry","category-tecnologia"],"aioseo_notices":[],"jetpack_featured_media_url":"https:\/\/i0.wp.com\/minutobahia24h.com.br\/wp-content\/uploads\/2024\/08\/Sem-titulo-252.jpg?fit=888%2C592&ssl=1","jetpack_sharing_enabled":true,"_links":{"self":[{"href":"https:\/\/minutobahia24h.com.br\/index.php?rest_route=\/wp\/v2\/posts\/16292","targetHints":{"allow":["GET"]}}],"collection":[{"href":"https:\/\/minutobahia24h.com.br\/index.php?rest_route=\/wp\/v2\/posts"}],"about":[{"href":"https:\/\/minutobahia24h.com.br\/index.php?rest_route=\/wp\/v2\/types\/post"}],"author":[{"embeddable":true,"href":"https:\/\/minutobahia24h.com.br\/index.php?rest_route=\/wp\/v2\/users\/2"}],"replies":[{"embeddable":true,"href":"https:\/\/minutobahia24h.com.br\/index.php?rest_route=%2Fwp%2Fv2%2Fcomments&post=16292"}],"version-history":[{"count":1,"href":"https:\/\/minutobahia24h.com.br\/index.php?rest_route=\/wp\/v2\/posts\/16292\/revisions"}],"predecessor-version":[{"id":16294,"href":"https:\/\/minutobahia24h.com.br\/index.php?rest_route=\/wp\/v2\/posts\/16292\/revisions\/16294"}],"wp:featuredmedia":[{"embeddable":true,"href":"https:\/\/minutobahia24h.com.br\/index.php?rest_route=\/wp\/v2\/media\/16293"}],"wp:attachment":[{"href":"https:\/\/minutobahia24h.com.br\/index.php?rest_route=%2Fwp%2Fv2%2Fmedia&parent=16292"}],"wp:term":[{"taxonomy":"category","embeddable":true,"href":"https:\/\/minutobahia24h.com.br\/index.php?rest_route=%2Fwp%2Fv2%2Fcategories&post=16292"},{"taxonomy":"post_tag","embeddable":true,"href":"https:\/\/minutobahia24h.com.br\/index.php?rest_route=%2Fwp%2Fv2%2Ftags&post=16292"}],"curies":[{"name":"wp","href":"https:\/\/api.w.org\/{rel}","templated":true}]}}