{"id":16289,"date":"2024-08-27T07:29:37","date_gmt":"2024-08-27T10:29:37","guid":{"rendered":"https:\/\/minutobahia24h.com.br\/?p=16289"},"modified":"2024-08-27T07:29:38","modified_gmt":"2024-08-27T10:29:38","slug":"planalto-reune-lideres-da-camara-e-diz-que-havera-boa-saida-para-emendas","status":"publish","type":"post","link":"https:\/\/minutobahia24h.com.br\/?p=16289","title":{"rendered":"Planalto re\u00fane l\u00edderes da C\u00e2mara e diz que haver\u00e1 \u2018boa sa\u00edda\u2019 para emendas"},"content":{"rendered":"<div class=\"wp-block-image\">\n<figure class=\"aligncenter size-full\"><img data-recalc-dims=\"1\" fetchpriority=\"high\" decoding=\"async\" width=\"599\" height=\"420\" src=\"https:\/\/i0.wp.com\/minutobahia24h.com.br\/wp-content\/uploads\/2024\/08\/Sem-titulo-251.jpg?resize=599%2C420&#038;ssl=1\" alt=\"\" class=\"wp-image-16290\" srcset=\"https:\/\/i0.wp.com\/minutobahia24h.com.br\/wp-content\/uploads\/2024\/08\/Sem-titulo-251.jpg?w=599&amp;ssl=1 599w, https:\/\/i0.wp.com\/minutobahia24h.com.br\/wp-content\/uploads\/2024\/08\/Sem-titulo-251.jpg?resize=300%2C210&amp;ssl=1 300w\" sizes=\"(max-width: 599px) 100vw, 599px\" \/><figcaption class=\"wp-element-caption\">Foto: M\u00e1rio Agra\/C\u00e2mara dos Deputados<br><\/figcaption><\/figure>\n<\/div>\n\n\n<p>Em reuni\u00e3o com l\u00edderes da bancada da C\u00e2mara, nesta segunda-feira (26), o ministro das Rela\u00e7\u00f5es Institucionais, Alexandre Padilha, assegurou que ser\u00e1 encontrada uma \u201cboa sa\u00edda\u201d para o imbr\u00f3glio que envolve as emendas parlamentares. O presidente Luiz In\u00e1cio Lula da Silva tamb\u00e9m participou do encontro.<\/p>\n\n\n\n<p>Estiveram na reuni\u00e3o representantes de 19 bancadas, entre bancadas partid\u00e1rias e outros grupos da C\u00e2mara. \u201cN\u00f3s vamos construir uma boa sa\u00edda para esse tema que est\u00e1 em debate junto ao Supremo Tribunal Federal. J\u00e1 teve uma reuni\u00e3o na semana passada, tem um grupo de di\u00e1logo comum que envolve Executivo, C\u00e2mara e Senado\u201d, disse Padilha na abertura da reuni\u00e3o.<\/p>\n\n\n\n<p>O ministro das Rela\u00e7\u00f5es Institucionais falou em \u201cconstruir a melhor solu\u00e7\u00e3o negociada, valorizando o papel de cada parlamentar, porque os parlamentares conhecem muito a realidade local, cumprindo aquilo que \u00e9 a interpreta\u00e7\u00e3o da Constitui\u00e7\u00e3o em rela\u00e7\u00e3o \u00e0 execu\u00e7\u00e3o desses recursos\u201d. Tamb\u00e9m afirmou que \u00e9 necess\u00e1rio encontrar a sa\u00edda at\u00e9 o envio do Projeto de Lei Or\u00e7ament\u00e1ria de 2025, que deve ocorrer at\u00e9 o fim deste m\u00eas \u2014 ou seja, at\u00e9 o fim desta semana.<\/p>\n\n\n\n<p>Congressistas defendem o atual modus operandi das emendas parlamentares sob o argumento de que conhecem suas bases melhor que o governo federal e, por isso, podem decidir onde usar recursos. O Executivo, por sua vez, tenta recuperar o controle sobre as emendas para poder promover mais obras do programa de governo de Lula.<\/p>\n\n\n\n<p>Padilha repetiu que o governo conseguiu aprovar todos os seus principais projetos desde a posse, em 2023, e afirmou que seria melhor se houvesse reuni\u00f5es de l\u00edderes com o presidente da Rep\u00fablica com mais frequ\u00eancia. Essa \u00e9 uma reclama\u00e7\u00e3o recorrente de congressistas \u2014 em seu primeiro governo (2003-2010), Lula tinha o h\u00e1bito de encontrar deputados e senadores regularmente .<\/p>\n\n\n\n<p>Os dois ministros envolvidos mais diretamente no imbr\u00f3glio das emendas, por\u00e9m, n\u00e3o est\u00e3o participando da reuni\u00e3o desta segunda-feira. Quem tem representado Lula nas discuss\u00f5es sobre o assunto s\u00e3o Rui Costa (Casa Civil) e Jorge Messias (AGU).<\/p>\n\n\n\n<p>Bahia.ba<\/p>\n","protected":false},"excerpt":{"rendered":"<p>Em reuni\u00e3o com l\u00edderes da bancada da C\u00e2mara, nesta segunda-feira (26), o ministro das Rela\u00e7\u00f5es Institucionais, Alexandre Padilha, assegurou que ser\u00e1 encontrada uma \u201cboa sa\u00edda\u201d para o imbr\u00f3glio que envolve as emendas parlamentares. O presidente Luiz In\u00e1cio Lula da Silva tamb\u00e9m participou do encontro. Estiveram na reuni\u00e3o representantes de 19 bancadas, entre bancadas partid\u00e1rias e [&hellip;]<\/p>\n","protected":false},"author":2,"featured_media":16290,"comment_status":"open","ping_status":"open","sticky":false,"template":"","format":"standard","meta":{"_jetpack_memberships_contains_paid_content":false,"footnotes":""},"categories":[39],"tags":[],"class_list":["post-16289","post","type-post","status-publish","format-standard","has-post-thumbnail","hentry","category-politica"],"aioseo_notices":[],"jetpack_featured_media_url":"https:\/\/i0.wp.com\/minutobahia24h.com.br\/wp-content\/uploads\/2024\/08\/Sem-titulo-251.jpg?fit=599%2C420&ssl=1","jetpack_sharing_enabled":true,"_links":{"self":[{"href":"https:\/\/minutobahia24h.com.br\/index.php?rest_route=\/wp\/v2\/posts\/16289","targetHints":{"allow":["GET"]}}],"collection":[{"href":"https:\/\/minutobahia24h.com.br\/index.php?rest_route=\/wp\/v2\/posts"}],"about":[{"href":"https:\/\/minutobahia24h.com.br\/index.php?rest_route=\/wp\/v2\/types\/post"}],"author":[{"embeddable":true,"href":"https:\/\/minutobahia24h.com.br\/index.php?rest_route=\/wp\/v2\/users\/2"}],"replies":[{"embeddable":true,"href":"https:\/\/minutobahia24h.com.br\/index.php?rest_route=%2Fwp%2Fv2%2Fcomments&post=16289"}],"version-history":[{"count":1,"href":"https:\/\/minutobahia24h.com.br\/index.php?rest_route=\/wp\/v2\/posts\/16289\/revisions"}],"predecessor-version":[{"id":16291,"href":"https:\/\/minutobahia24h.com.br\/index.php?rest_route=\/wp\/v2\/posts\/16289\/revisions\/16291"}],"wp:featuredmedia":[{"embeddable":true,"href":"https:\/\/minutobahia24h.com.br\/index.php?rest_route=\/wp\/v2\/media\/16290"}],"wp:attachment":[{"href":"https:\/\/minutobahia24h.com.br\/index.php?rest_route=%2Fwp%2Fv2%2Fmedia&parent=16289"}],"wp:term":[{"taxonomy":"category","embeddable":true,"href":"https:\/\/minutobahia24h.com.br\/index.php?rest_route=%2Fwp%2Fv2%2Fcategories&post=16289"},{"taxonomy":"post_tag","embeddable":true,"href":"https:\/\/minutobahia24h.com.br\/index.php?rest_route=%2Fwp%2Fv2%2Ftags&post=16289"}],"curies":[{"name":"wp","href":"https:\/\/api.w.org\/{rel}","templated":true}]}}