{"id":16280,"date":"2024-08-27T07:19:27","date_gmt":"2024-08-27T10:19:27","guid":{"rendered":"https:\/\/minutobahia24h.com.br\/?p=16280"},"modified":"2024-08-27T07:19:29","modified_gmt":"2024-08-27T10:19:29","slug":"cerca-de-70-de-trabalhadores-informais-querem-carteira-assinada","status":"publish","type":"post","link":"https:\/\/minutobahia24h.com.br\/?p=16280","title":{"rendered":"Cerca de 70% de trabalhadores informais querem carteira assinada"},"content":{"rendered":"<div class=\"wp-block-image\">\n<figure class=\"aligncenter size-full\"><img data-recalc-dims=\"1\" fetchpriority=\"high\" decoding=\"async\" width=\"601\" height=\"421\" src=\"https:\/\/i0.wp.com\/minutobahia24h.com.br\/wp-content\/uploads\/2024\/08\/Sem-titulo-248.jpg?resize=601%2C421&#038;ssl=1\" alt=\"\" class=\"wp-image-16281\" srcset=\"https:\/\/i0.wp.com\/minutobahia24h.com.br\/wp-content\/uploads\/2024\/08\/Sem-titulo-248.jpg?w=601&amp;ssl=1 601w, https:\/\/i0.wp.com\/minutobahia24h.com.br\/wp-content\/uploads\/2024\/08\/Sem-titulo-248.jpg?resize=300%2C210&amp;ssl=1 300w\" sizes=\"(max-width: 601px) 100vw, 601px\" \/><figcaption class=\"wp-element-caption\">Foto: Reprodu\u00e7\u00e3o\/ Ascom\/SEI<br><\/figcaption><\/figure>\n<\/div>\n\n\n<p>Sete em cada dez trabalhadores aut\u00f4nomos brasileiros desejam ter um emprego com carteira assinada, mesmo sete anos ap\u00f3s a reforma trabalhista, que prometia criar 6 milh\u00f5es de empregos ao incentivar a informalidade no mercado de trabalho. Esses dados s\u00e3o revelados por uma pesquisa do Instituto Brasileiro de Economia da FGV (FGV-Ibre), segundo levantamento feito pelo jornal Folha de S\u00e3o Paulo.<\/p>\n\n\n\n<p>A reforma trabalhista, aprovada em julho de 2017, modificou a CLT (Consolida\u00e7\u00e3o das Leis do Trabalho) em mais de cem aspectos, estabelecendo, por exemplo, que os acordos entre patr\u00f5es e empregados teriam prioridade sobre a lei.<\/p>\n\n\n\n<p>Al\u00e9m disso, a reforma dificultou para os trabalhadores processarem as empresas, permitiu que direitos como as f\u00e9rias fossem parcelados e enfraqueceu os sindicatos ao acabar com a contribui\u00e7\u00e3o obrigat\u00f3ria \u2014 uma mudan\u00e7a posteriormente corrigida pelo STF.<\/p>\n\n\n\n<p>A promessa era reduzir o desemprego, que vinha crescendo desde a crise pol\u00edtico-econ\u00f4mica de 2015. Na \u00e9poca, o ent\u00e3o ministro da Fazenda, Henrique Meirelles, previu a cria\u00e7\u00e3o de 6 milh\u00f5es de empregos em dez anos, sendo 2 milh\u00f5es j\u00e1 nos dois primeiros anos, segundo o ent\u00e3o ministro do Trabalho, Ronaldo Nogueira.<\/p>\n\n\n\n<p>No entanto, o desemprego permaneceu elevado. A taxa de desocupa\u00e7\u00e3o, que era de 6,6% em 2014, disparou ap\u00f3s a crise de 2015, atingindo 12,9% em julho de 2017, quando a reforma foi aprovada. Nos anos seguintes, a taxa permaneceu alta, alcan\u00e7ando um pico de 14,9% em mar\u00e7o de 2021, agravada pela pandemia.<\/p>\n\n\n\n<p>Michel Temer, ex-presidente, afirmou em 2020: \u201cO que fizemos foi flexibilizar o contrato de trabalho, porque, na minha cabe\u00e7a, era melhor ter um trabalho flex\u00edvel do que n\u00e3o ter emprego nenhum.\u201d<\/p>\n\n\n\n<p>Sete anos ap\u00f3s a reforma, 67,7% dos trabalhadores aut\u00f4nomos desejam um emprego com carteira assinada. Segundo o FGV-Ibre, o Brasil tinha 25,4 milh\u00f5es de aut\u00f4nomos, enquanto a popula\u00e7\u00e3o total ocupada era de 100,2 milh\u00f5es em mar\u00e7o de 2024. A pesquisa do instituto consultou 5.321 pessoas e tem uma margem de erro de dois pontos percentuais, para mais ou para menos.<\/p>\n\n\n\n<p>O desejo por um emprego formal \u00e9 maior entre os aut\u00f4nomos mais pobres: 75,6% dos informais que ganham at\u00e9 um sal\u00e1rio m\u00ednimo (R$ 1.412) preferem um trabalho com carteira assinada. Esse percentual \u00e9 de 70,8% entre aqueles que ganham entre um e tr\u00eas sal\u00e1rios m\u00ednimos.<\/p>\n\n\n\n<p>Os trabalhadores aut\u00f4nomos geralmente ganham pouco, com cerca de 44% deles recebendo at\u00e9 um sal\u00e1rio m\u00ednimo. A maioria dos informais \u00e9 composta por homens e negros. Aproximadamente 38% dos informais t\u00eam entre 45 e 65 anos, 66% s\u00e3o homens, e 54,5% se declaram pretos ou pardos.<\/p>\n\n\n\n<p>A inseguran\u00e7a financeira \u00e9 maior entre esses trabalhadores. Enquanto apenas 45% dos aut\u00f4nomos conseguem prever sua renda para o pr\u00f3ximo semestre, esse n\u00famero sobe para 67,5% entre os trabalhadores com carteira assinada.<\/p>\n\n\n\n<p>A renda dos aut\u00f4nomos tamb\u00e9m \u00e9 bastante vol\u00e1til. O sal\u00e1rio de 19,8% deles pode variar mais de 20% de um m\u00eas para o outro, enquanto essa varia\u00e7\u00e3o ocorre com apenas 4,7% dos trabalhadores com CLT.<\/p>\n\n\n\n<p>Bahia.ba<\/p>\n","protected":false},"excerpt":{"rendered":"<p>Sete em cada dez trabalhadores aut\u00f4nomos brasileiros desejam ter um emprego com carteira assinada, mesmo sete anos ap\u00f3s a reforma trabalhista, que prometia criar 6 milh\u00f5es de empregos ao incentivar a informalidade no mercado de trabalho. Esses dados s\u00e3o revelados por uma pesquisa do Instituto Brasileiro de Economia da FGV (FGV-Ibre), segundo levantamento feito pelo [&hellip;]<\/p>\n","protected":false},"author":2,"featured_media":16281,"comment_status":"open","ping_status":"open","sticky":false,"template":"","format":"standard","meta":{"_jetpack_memberships_contains_paid_content":false,"footnotes":""},"categories":[19],"tags":[],"class_list":["post-16280","post","type-post","status-publish","format-standard","has-post-thumbnail","hentry","category-economia"],"aioseo_notices":[],"jetpack_featured_media_url":"https:\/\/i0.wp.com\/minutobahia24h.com.br\/wp-content\/uploads\/2024\/08\/Sem-titulo-248.jpg?fit=601%2C421&ssl=1","jetpack_sharing_enabled":true,"_links":{"self":[{"href":"https:\/\/minutobahia24h.com.br\/index.php?rest_route=\/wp\/v2\/posts\/16280","targetHints":{"allow":["GET"]}}],"collection":[{"href":"https:\/\/minutobahia24h.com.br\/index.php?rest_route=\/wp\/v2\/posts"}],"about":[{"href":"https:\/\/minutobahia24h.com.br\/index.php?rest_route=\/wp\/v2\/types\/post"}],"author":[{"embeddable":true,"href":"https:\/\/minutobahia24h.com.br\/index.php?rest_route=\/wp\/v2\/users\/2"}],"replies":[{"embeddable":true,"href":"https:\/\/minutobahia24h.com.br\/index.php?rest_route=%2Fwp%2Fv2%2Fcomments&post=16280"}],"version-history":[{"count":1,"href":"https:\/\/minutobahia24h.com.br\/index.php?rest_route=\/wp\/v2\/posts\/16280\/revisions"}],"predecessor-version":[{"id":16282,"href":"https:\/\/minutobahia24h.com.br\/index.php?rest_route=\/wp\/v2\/posts\/16280\/revisions\/16282"}],"wp:featuredmedia":[{"embeddable":true,"href":"https:\/\/minutobahia24h.com.br\/index.php?rest_route=\/wp\/v2\/media\/16281"}],"wp:attachment":[{"href":"https:\/\/minutobahia24h.com.br\/index.php?rest_route=%2Fwp%2Fv2%2Fmedia&parent=16280"}],"wp:term":[{"taxonomy":"category","embeddable":true,"href":"https:\/\/minutobahia24h.com.br\/index.php?rest_route=%2Fwp%2Fv2%2Fcategories&post=16280"},{"taxonomy":"post_tag","embeddable":true,"href":"https:\/\/minutobahia24h.com.br\/index.php?rest_route=%2Fwp%2Fv2%2Ftags&post=16280"}],"curies":[{"name":"wp","href":"https:\/\/api.w.org\/{rel}","templated":true}]}}