{"id":16262,"date":"2024-08-27T06:24:31","date_gmt":"2024-08-27T09:24:31","guid":{"rendered":"https:\/\/minutobahia24h.com.br\/?p=16262"},"modified":"2024-08-27T06:24:33","modified_gmt":"2024-08-27T09:24:33","slug":"senhor-do-bonfim-sediara-nesta-terca-conferencia-interterritorial-de-economia-popular-e-solidaria","status":"publish","type":"post","link":"https:\/\/minutobahia24h.com.br\/?p=16262","title":{"rendered":"Senhor do Bonfim sediar\u00e1 nesta ter\u00e7a Confer\u00eancia Interterritorial de Economia Popular e Solid\u00e1ria"},"content":{"rendered":"<div class=\"wp-block-image\">\n<figure class=\"aligncenter size-full\"><img data-recalc-dims=\"1\" fetchpriority=\"high\" decoding=\"async\" width=\"643\" height=\"344\" src=\"https:\/\/i0.wp.com\/minutobahia24h.com.br\/wp-content\/uploads\/2024\/08\/Sem-titulo-242.jpg?resize=643%2C344&#038;ssl=1\" alt=\"\" class=\"wp-image-16263\" srcset=\"https:\/\/i0.wp.com\/minutobahia24h.com.br\/wp-content\/uploads\/2024\/08\/Sem-titulo-242.jpg?w=643&amp;ssl=1 643w, https:\/\/i0.wp.com\/minutobahia24h.com.br\/wp-content\/uploads\/2024\/08\/Sem-titulo-242.jpg?resize=300%2C160&amp;ssl=1 300w\" sizes=\"(max-width: 643px) 100vw, 643px\" \/><figcaption class=\"wp-element-caption\"><sub>Senhor do Bonfim sediar\u00e1 nesta ter\u00e7a Confer\u00eancia Interterritorial de Economia Popular e Solid\u00e1ria<\/sub><br><\/figcaption><\/figure>\n<\/div>\n\n\n<p>Nesta ter\u00e7a-feira (27), Senhor do Bonfim sediar\u00e1 a Confer\u00eancia Interterritorial de Economia Popular e Solid\u00e1ria, reunindo 24 munic\u00edpios dos territ\u00f3rios do Piemonte Norte do Itapicuru, Piemonte da Diamantina e regi\u00e3o do Sisal.<\/p>\n\n\n\n<p>\u201cDiariamente, encontramos diversas oportunidades de empreendimentos populares e solid\u00e1rios nas ruas. Ampliar a aplica\u00e7\u00e3o dessa pol\u00edtica p\u00fablica e fazer com que a sociedade compreenda o que \u00e9 a economia solid\u00e1ria \u00e9 fundamental, especialmente para os produtores familiares, que assim conseguem obter resultados. \u00c9 crucial que a sociedade conhe\u00e7a mais sobre essa pauta\u201d, destaca Nilo Ramos, coordenador do Cesol Piemonte da Diamantina.<\/p>\n\n\n<div class=\"wp-block-image\">\n<figure class=\"aligncenter\"><a href=\"https:\/\/i0.wp.com\/blogdoeloiltoncajuhy.com.br\/site\/wp-content\/uploads\/2024\/08\/Bonfim_Feira-EPS-2_26-8-2024.jpeg?ssl=1\"><img decoding=\"async\" src=\"https:\/\/i0.wp.com\/blogdoeloiltoncajuhy.com.br\/site\/wp-content\/uploads\/2024\/08\/Bonfim_Feira-EPS-2_26-8-2024.jpeg?resize=726%2C336&amp;ssl=1\" alt=\"\" class=\"wp-image-82609\"\/><\/a><figcaption class=\"wp-element-caption\"><sub>Senhor do Bonfim sediar\u00e1 nesta ter\u00e7a Confer\u00eancia Interterritorial de Economia Popular e Solid\u00e1ria<\/sub><\/figcaption><\/figure>\n<\/div>\n\n\n<p>A confer\u00eancia ser\u00e1 realizada \u00e0s 9h, no audit\u00f3rio do Centro Estadual de Educa\u00e7\u00e3o Profissional Professor Paulo Batista Machado. Participar\u00e3o do evento os Centros P\u00fablicos de Economia Solid\u00e1ria (CESOLs), universidades e empreendimentos da economia solid\u00e1ria. As confer\u00eancias territoriais, que est\u00e3o ocorrendo em toda a Bahia, s\u00e3o preparat\u00f3rias para a Confer\u00eancia Estadual e, posteriormente, para a 4\u00aa Confer\u00eancia Nacional.<\/p>\n\n\n\n<p>\u201cAs confer\u00eancias s\u00e3o espa\u00e7os leg\u00edtimos e democr\u00e1ticos de participa\u00e7\u00e3o da sociedade civil na constru\u00e7\u00e3o de pol\u00edticas p\u00fablicas. \u00c9 um ambiente onde a sociedade civil participa ativamente, discutindo os problemas e o contexto da regi\u00e3o para propor solu\u00e7\u00f5es que podem ser implementadas em \u00e2mbito regional, estadual e nacional\u201d, enfatiza Aline Santos, coordenadora administrativa do CESOL Piemonte Norte do Itapicuru.<\/p>\n\n\n\n<p>blogdoeloiltoncajuhy<\/p>\n","protected":false},"excerpt":{"rendered":"<p>Nesta ter\u00e7a-feira (27), Senhor do Bonfim sediar\u00e1 a Confer\u00eancia Interterritorial de Economia Popular e Solid\u00e1ria, reunindo 24 munic\u00edpios dos territ\u00f3rios do Piemonte Norte do Itapicuru, Piemonte da Diamantina e regi\u00e3o do Sisal. \u201cDiariamente, encontramos diversas oportunidades de empreendimentos populares e solid\u00e1rios nas ruas. Ampliar a aplica\u00e7\u00e3o dessa pol\u00edtica p\u00fablica e fazer com que a sociedade [&hellip;]<\/p>\n","protected":false},"author":2,"featured_media":16263,"comment_status":"open","ping_status":"open","sticky":false,"template":"","format":"standard","meta":{"_jetpack_memberships_contains_paid_content":false,"footnotes":""},"categories":[17],"tags":[],"class_list":["post-16262","post","type-post","status-publish","format-standard","has-post-thumbnail","hentry","category-senhor-do-bonfim"],"aioseo_notices":[],"jetpack_featured_media_url":"https:\/\/i0.wp.com\/minutobahia24h.com.br\/wp-content\/uploads\/2024\/08\/Sem-titulo-242.jpg?fit=643%2C344&ssl=1","jetpack_sharing_enabled":true,"_links":{"self":[{"href":"https:\/\/minutobahia24h.com.br\/index.php?rest_route=\/wp\/v2\/posts\/16262","targetHints":{"allow":["GET"]}}],"collection":[{"href":"https:\/\/minutobahia24h.com.br\/index.php?rest_route=\/wp\/v2\/posts"}],"about":[{"href":"https:\/\/minutobahia24h.com.br\/index.php?rest_route=\/wp\/v2\/types\/post"}],"author":[{"embeddable":true,"href":"https:\/\/minutobahia24h.com.br\/index.php?rest_route=\/wp\/v2\/users\/2"}],"replies":[{"embeddable":true,"href":"https:\/\/minutobahia24h.com.br\/index.php?rest_route=%2Fwp%2Fv2%2Fcomments&post=16262"}],"version-history":[{"count":1,"href":"https:\/\/minutobahia24h.com.br\/index.php?rest_route=\/wp\/v2\/posts\/16262\/revisions"}],"predecessor-version":[{"id":16264,"href":"https:\/\/minutobahia24h.com.br\/index.php?rest_route=\/wp\/v2\/posts\/16262\/revisions\/16264"}],"wp:featuredmedia":[{"embeddable":true,"href":"https:\/\/minutobahia24h.com.br\/index.php?rest_route=\/wp\/v2\/media\/16263"}],"wp:attachment":[{"href":"https:\/\/minutobahia24h.com.br\/index.php?rest_route=%2Fwp%2Fv2%2Fmedia&parent=16262"}],"wp:term":[{"taxonomy":"category","embeddable":true,"href":"https:\/\/minutobahia24h.com.br\/index.php?rest_route=%2Fwp%2Fv2%2Fcategories&post=16262"},{"taxonomy":"post_tag","embeddable":true,"href":"https:\/\/minutobahia24h.com.br\/index.php?rest_route=%2Fwp%2Fv2%2Ftags&post=16262"}],"curies":[{"name":"wp","href":"https:\/\/api.w.org\/{rel}","templated":true}]}}