{"id":16123,"date":"2024-08-22T07:30:52","date_gmt":"2024-08-22T10:30:52","guid":{"rendered":"https:\/\/minutobahia24h.com.br\/?p=16123"},"modified":"2024-08-22T07:30:53","modified_gmt":"2024-08-22T10:30:53","slug":"maes-atipicas-buscam-bem-viver-e-bons-tratamentos-para-as-criancas","status":"publish","type":"post","link":"https:\/\/minutobahia24h.com.br\/?p=16123","title":{"rendered":"M\u00e3es at\u00edpicas buscam bem-viver e bons tratamentos para as crian\u00e7as"},"content":{"rendered":"<div class=\"wp-block-image\">\n<figure class=\"aligncenter size-large\"><img data-recalc-dims=\"1\" fetchpriority=\"high\" decoding=\"async\" width=\"800\" height=\"420\" src=\"https:\/\/i0.wp.com\/minutobahia24h.com.br\/wp-content\/uploads\/2024\/08\/Sem-titulo-204-1024x538.jpg?resize=800%2C420&#038;ssl=1\" alt=\"\" class=\"wp-image-16124\" srcset=\"https:\/\/i0.wp.com\/minutobahia24h.com.br\/wp-content\/uploads\/2024\/08\/Sem-titulo-204.jpg?resize=1024%2C538&amp;ssl=1 1024w, https:\/\/i0.wp.com\/minutobahia24h.com.br\/wp-content\/uploads\/2024\/08\/Sem-titulo-204.jpg?resize=300%2C158&amp;ssl=1 300w, https:\/\/i0.wp.com\/minutobahia24h.com.br\/wp-content\/uploads\/2024\/08\/Sem-titulo-204.jpg?resize=768%2C403&amp;ssl=1 768w, https:\/\/i0.wp.com\/minutobahia24h.com.br\/wp-content\/uploads\/2024\/08\/Sem-titulo-204.jpg?resize=750%2C394&amp;ssl=1 750w, https:\/\/i0.wp.com\/minutobahia24h.com.br\/wp-content\/uploads\/2024\/08\/Sem-titulo-204.jpg?resize=1140%2C599&amp;ssl=1 1140w, https:\/\/i0.wp.com\/minutobahia24h.com.br\/wp-content\/uploads\/2024\/08\/Sem-titulo-204.jpg?w=1200&amp;ssl=1 1200w\" sizes=\"(max-width: 800px) 100vw, 800px\" \/><figcaption class=\"wp-element-caption\">Foto: Divulga\u00e7\u00e3o\/ aBra\u00e7o a Microcefalia<br><\/figcaption><\/figure>\n<\/div>\n\n\n<p>Registros de crian\u00e7as nascidas com malforma\u00e7\u00f5es cong\u00eanitas no sistema nervoso central, como a microcefalia, diminu\u00edram, mas as m\u00e3es que vivem a realidade da doen\u00e7a buscam bem-viver e bons tratamentos para as crian\u00e7as. As m\u00e3es at\u00edpicas, como s\u00e3o conhecidas as mulheres que t\u00eam um filho com defici\u00eancia ou doen\u00e7as raras, desejam proporcionar uma vida plena e digna para seus filhos.<\/p>\n\n\n\n<p>M\u00e3e do pequeno Ayo, 4, que tem microcefalia, Emily Ara\u00fajo, 24, engravidou em outubro de 2019 e teve o beb\u00ea em junho de 2020. Ela relatou ter tido algumas complica\u00e7\u00f5es durante a gesta\u00e7\u00e3o que contribu\u00edram para o diagn\u00f3stico do filho:&nbsp;\u201cEu me tornei uma m\u00e3e at\u00edpica no momento do nascimento dele. Eu estava tendo uma gravidez um pouco complexa porque n\u00e3o tinha l\u00edquido amni\u00f3tico, meu beb\u00ea n\u00e3o crescia, mas at\u00e9 ent\u00e3o n\u00e3o havia recebido nenhum tipo de diagn\u00f3stico, apenas quando cheguei por volta das 34 semanas. Fiquei internada no hospital sob supervis\u00e3o m\u00e9dica e, ent\u00e3o, na 37 semana, meu beb\u00ea nasceu e, quando ele nasceu, veio o diagn\u00f3stico tamb\u00e9m\u201d, contou a moradora de Cosme de Farias.<\/p>\n\n\n\n<p>O Minist\u00e9rio da Sa\u00fade revelou que, entre 2010 e 2019, 6.267 casos de microcefalia ao nascimento foram registrados no Sistema de Informa\u00e7\u00f5es sobre Nascidos Vivos (Sinasc), resultando na seguinte estimativa da preval\u00eancia brasileira ao nascimento: 2,15 casos a cada 10.000 nascidos vivos.<\/p>\n\n\n\n<p>Com a chegada de uma crian\u00e7a com defici\u00eancia na fam\u00edlia, mudan\u00e7as na rotina se fizeram necess\u00e1rias. A cantora e compositora comentou sobre as altera\u00e7\u00f5es no dia a dia com a chegada do pequeno Ayo.<\/p>\n\n\n\n<p>&#8220;Quando descobri que era uma m\u00e3e at\u00edpica, j\u00e1 comecei a ver as coisas de forma diferente. As primeiras mudan\u00e7as foram que tive que adaptar minha rotina e meus afazeres baseados nas atividades que ele precisa fazer todos os dias, como a estimula\u00e7\u00e3o, fisioterapia, escola e tudo mais. Ent\u00e3o, fui me informando tanto na internet quanto&nbsp;com as enfermeiras da equipe m\u00e9dica\u201d, lembrou.<\/p>\n\n\n\n<p>A artista tamb\u00e9m comentou sobre o acesso aos servi\u00e7os p\u00fablicos de assist\u00eancia a familiares: \u201cQuando ele nasceu, n\u00e3o conseguimos identificar o grau. A \u00fanica coisa que eu sabia era o prazo de vida de 11 meses que o m\u00e9dico deu. Ele me explicou que microcefalia \u00e9 uma condi\u00e7\u00e3o em que a crian\u00e7a vive em estado vegetativo, n\u00e3o corresponde a muitas coisas e tem apenas esse prazo de vida. Por isso, n\u00e3o poderia solicitar recursos; tinha que esperar meu beb\u00ea completar 3 anos para pedir algo\u201d, lamentou.<\/p>\n\n\n\n<p>A partir desse evento, a m\u00e3e at\u00edpica n\u00e3o conseguiu recorrer a benef\u00edcios. Hoje&nbsp;desempregada, ela conta com o apoio da fam\u00edlia e amigos para conseguir mantimentos, al\u00e9m de realizar servi\u00e7os espor\u00e1dicos. Ela pontuou que \u201catuar com carteira assinada afetaria a rotina de tratamentos do pequeno Ayo.\u201d<\/p>\n\n\n\n<p>UNI\u00c3O E ACOLHIMENTO<br>Entre um m\u00e9dico e outro, m\u00e3es at\u00edpicas se reuniram para desenvolver a Organiza\u00e7\u00e3o N\u00e3o Governamental\u00a0<a href=\"https:\/\/www.abracoamicrocefalia.org.br\/blog\" target=\"_blank\" rel=\"noreferrer noopener\">aBRA\u00c7O\u00a0\u00e0 Microcefalia<\/a>, pensada para acolher as crian\u00e7as com microcefalia devido ao Zika v\u00edrus, mas tamb\u00e9m para prestar apoio aos familiares.<\/p>\n\n\n\n<p>\u201cA aBRA\u00c7O come\u00e7ou com quatro ou cinco m\u00e3es, depois foi crescendo para 10, e hoje temos 340 fam\u00edlias associadas. O nosso foco \u00e9 promover o acolhimento e apoio \u00e0s fam\u00edlias de crian\u00e7as com malforma\u00e7\u00e3o cong\u00eanita no sistema nervoso central, buscando desenvolver ao m\u00e1ximo essas crian\u00e7as e promover sua inclus\u00e3o social\u201d, contou Raniele Santos, coordenadora da ONG.<\/p>\n\n\n\n<p>Os registros do Minist\u00e9rio da Sa\u00fade revelam que, entre os anos de 2015 e 2017 (per\u00edodo em que aconteceu a Emerg\u00eancia em Sa\u00fade P\u00fablica devido ao aumento na ocorr\u00eancia de nascidos vivos com microcefalia no Brasil associada \u00e0 epidemia do v\u00edrus Zika), foram registrados 4.595 nascidos vivos com essa malforma\u00e7\u00e3o cong\u00eanita.<\/p>\n\n\n\n<p>Devido \u00e0 m\u00e1-forma\u00e7\u00e3o, o n\u00famero de sobrevida dos nascidos com microcefalia \u00e9 baixo. De 2015 at\u00e9 2024, 25 crian\u00e7as que faziam parte da rede de acolhimento da ONG aBRA\u00c7O faleceram. Contudo, Raniele contou que \u201cn\u00e3o deixam de assistir \u00e0 fam\u00edlia s\u00f3 porque a crian\u00e7a veio a \u00f3bito&#8221;.&nbsp;&#8220;Os familiares seguem recebendo apoio\u201d.<\/p>\n\n\n\n<p>Ao todo, a ONG atua com dois dias de atendimento, na segunda e na sexta-feira, com suporte psicol\u00f3gico, social e fisioterap\u00eautico para as crian\u00e7as da rede.<\/p>\n\n\n\n<p>\u201cTemos dois dias na semana de atendimento, segunda e sexta-feira, quando essas crian\u00e7as fazem fisioterapia e fonoaudiologia, isso desde que a funda\u00e7\u00e3o come\u00e7ou. A gente n\u00e3o tem recursos pr\u00f3prios, dependemos sempre de pessoas externas, volunt\u00e1rios para ajudar nos servi\u00e7os de sa\u00fade, participamos de alguns editais e empresas que doam para a organiza\u00e7\u00e3o, e assim conseguimos assistir \u00e0s fam\u00edlias e n\u00e3o deixar a luta parar\u201d, disse Raniele.<\/p>\n\n\n<div class=\"wp-block-image\">\n<figure class=\"aligncenter\"><img data-recalc-dims=\"1\" decoding=\"async\" data-src=\"https:\/\/i0.wp.com\/www.bahianoticias.com.br\/fotos\/principal_noticias\/295394\/mg\/5ebeb28d9867d1.jpg?w=800&#038;ssl=1\" alt=\"\" src=\"data:image\/gif;base64,R0lGODlhAQABAAAAACH5BAEKAAEALAAAAAABAAEAAAICTAEAOw==\" class=\"lazyload\" \/><noscript><img data-recalc-dims=\"1\" decoding=\"async\" src=\"https:\/\/i0.wp.com\/www.bahianoticias.com.br\/fotos\/principal_noticias\/295394\/mg\/5ebeb28d9867d1.jpg?w=800&#038;ssl=1\" alt=\"\"\/><\/noscript><\/figure>\n<\/div>\n\n\n<p><em>Familias assistidas pela ong aBRA\u00c7O a Microcefalia\/ Foto: Divulga\u00e7\u00e3o aBRA\u00c7O a Microcefalia&nbsp;<\/em><\/p>\n\n\n\n<p>DIGNIDADE E QUALIDADE DE VIDA<br>Com a aprova\u00e7\u00e3o do Projeto de Lei (PL) 6064, de 2023, que visa pagar uma parcela \u00fanica de 50 mil reais por dano moral e uma pens\u00e3o especial \u00e0 pessoa com defici\u00eancia permanente decorrente de s\u00edndrome cong\u00eanita associada \u00e0 infec\u00e7\u00e3o pelo v\u00edrus Zika, as m\u00e3es poder\u00e3o respirar mais aliviadas por conseguirem dar melhores condi\u00e7\u00f5es para seus filhos por meio do apoio financeiro.<\/p>\n\n\n\n<p>\u201cA aprova\u00e7\u00e3o do PL vai ajudar em muita coisa, n\u00e3o s\u00f3 a mim, mas a todas. Principalmente, a termos mais autonomia nos cuidados com as crian\u00e7as. Hoje, os servi\u00e7os do governo demoram, e quando recebemos, a crian\u00e7a j\u00e1 cresceu ou precisamos realizar altera\u00e7\u00f5es nas cadeiras ou \u00f3rteses. Ent\u00e3o, o PL vai contribuir para conseguirmos comprar um medicamento para crise convulsiva, um Uber para se deslocar at\u00e9 o m\u00e9dico, fornecer uma dieta adequada para as crian\u00e7as. \u00c9 muito comum m\u00e3es deixarem de comer para dar aos filhos\u201d, relatou Raniele.<\/p>\n\n\n\n<p>A artista Emily Ara\u00fajo tamb\u00e9m comentou sobre a aprova\u00e7\u00e3o do PL: \u201cEsse PL \u00e9 de extrema import\u00e2ncia porque, me reconhecendo como uma m\u00e3e at\u00edpica, eu entendo que n\u00e3o consigo dar conta de um trabalho externo. Poder dar um bom tratamento ao Ayo sem me preocupar em me dividir com um trabalho seria muito bom. Tem detalhes e incentivos que minha presen\u00e7a pode diminuir a dificuldade na vida da minha crian\u00e7a.\u201d<\/p>\n\n\n\n<p>E acrescentou: \u201cA gente tenta tirar o peso da defici\u00eancia e tentar normalizar, sabe? Deixar mais leve e estimular sempre a conversa\u201d, concluiu a jovem.&nbsp;<\/p>\n\n\n\n<p>BN<\/p>\n","protected":false},"excerpt":{"rendered":"<p>Registros de crian\u00e7as nascidas com malforma\u00e7\u00f5es cong\u00eanitas no sistema nervoso central, como a microcefalia, diminu\u00edram, mas as m\u00e3es que vivem a realidade da doen\u00e7a buscam bem-viver e bons tratamentos para as crian\u00e7as. As m\u00e3es at\u00edpicas, como s\u00e3o conhecidas as mulheres que t\u00eam um filho com defici\u00eancia ou doen\u00e7as raras, desejam proporcionar uma vida plena e [&hellip;]<\/p>\n","protected":false},"author":2,"featured_media":16124,"comment_status":"open","ping_status":"open","sticky":false,"template":"","format":"standard","meta":{"_jetpack_memberships_contains_paid_content":false,"footnotes":""},"categories":[46],"tags":[],"class_list":["post-16123","post","type-post","status-publish","format-standard","has-post-thumbnail","hentry","category-noticia"],"aioseo_notices":[],"jetpack_featured_media_url":"https:\/\/i0.wp.com\/minutobahia24h.com.br\/wp-content\/uploads\/2024\/08\/Sem-titulo-204.jpg?fit=1200%2C630&ssl=1","jetpack_sharing_enabled":true,"_links":{"self":[{"href":"https:\/\/minutobahia24h.com.br\/index.php?rest_route=\/wp\/v2\/posts\/16123","targetHints":{"allow":["GET"]}}],"collection":[{"href":"https:\/\/minutobahia24h.com.br\/index.php?rest_route=\/wp\/v2\/posts"}],"about":[{"href":"https:\/\/minutobahia24h.com.br\/index.php?rest_route=\/wp\/v2\/types\/post"}],"author":[{"embeddable":true,"href":"https:\/\/minutobahia24h.com.br\/index.php?rest_route=\/wp\/v2\/users\/2"}],"replies":[{"embeddable":true,"href":"https:\/\/minutobahia24h.com.br\/index.php?rest_route=%2Fwp%2Fv2%2Fcomments&post=16123"}],"version-history":[{"count":1,"href":"https:\/\/minutobahia24h.com.br\/index.php?rest_route=\/wp\/v2\/posts\/16123\/revisions"}],"predecessor-version":[{"id":16125,"href":"https:\/\/minutobahia24h.com.br\/index.php?rest_route=\/wp\/v2\/posts\/16123\/revisions\/16125"}],"wp:featuredmedia":[{"embeddable":true,"href":"https:\/\/minutobahia24h.com.br\/index.php?rest_route=\/wp\/v2\/media\/16124"}],"wp:attachment":[{"href":"https:\/\/minutobahia24h.com.br\/index.php?rest_route=%2Fwp%2Fv2%2Fmedia&parent=16123"}],"wp:term":[{"taxonomy":"category","embeddable":true,"href":"https:\/\/minutobahia24h.com.br\/index.php?rest_route=%2Fwp%2Fv2%2Fcategories&post=16123"},{"taxonomy":"post_tag","embeddable":true,"href":"https:\/\/minutobahia24h.com.br\/index.php?rest_route=%2Fwp%2Fv2%2Ftags&post=16123"}],"curies":[{"name":"wp","href":"https:\/\/api.w.org\/{rel}","templated":true}]}}