{"id":16120,"date":"2024-08-22T07:03:54","date_gmt":"2024-08-22T10:03:54","guid":{"rendered":"https:\/\/minutobahia24h.com.br\/?p=16120"},"modified":"2024-08-22T07:03:55","modified_gmt":"2024-08-22T10:03:55","slug":"disputa-em-juazeiro-causa-embate-federal-entre-postulante-a-camara-e-deputado-aquecendo-bastidor-politico-para-2026","status":"publish","type":"post","link":"https:\/\/minutobahia24h.com.br\/?p=16120","title":{"rendered":"Disputa em Juazeiro causa &#8220;embate federal&#8221; entre postulante \u00e0 C\u00e2mara e deputado, aquecendo bastidor pol\u00edtico para 2026"},"content":{"rendered":"<div class=\"wp-block-image\">\n<figure class=\"aligncenter size-large\"><img data-recalc-dims=\"1\" fetchpriority=\"high\" decoding=\"async\" width=\"800\" height=\"420\" src=\"https:\/\/i0.wp.com\/minutobahia24h.com.br\/wp-content\/uploads\/2024\/08\/Sem-titulo-203-1024x538.jpg?resize=800%2C420&#038;ssl=1\" alt=\"\" class=\"wp-image-16121\" srcset=\"https:\/\/i0.wp.com\/minutobahia24h.com.br\/wp-content\/uploads\/2024\/08\/Sem-titulo-203.jpg?resize=1024%2C538&amp;ssl=1 1024w, https:\/\/i0.wp.com\/minutobahia24h.com.br\/wp-content\/uploads\/2024\/08\/Sem-titulo-203.jpg?resize=300%2C158&amp;ssl=1 300w, https:\/\/i0.wp.com\/minutobahia24h.com.br\/wp-content\/uploads\/2024\/08\/Sem-titulo-203.jpg?resize=768%2C403&amp;ssl=1 768w, https:\/\/i0.wp.com\/minutobahia24h.com.br\/wp-content\/uploads\/2024\/08\/Sem-titulo-203.jpg?resize=750%2C394&amp;ssl=1 750w, https:\/\/i0.wp.com\/minutobahia24h.com.br\/wp-content\/uploads\/2024\/08\/Sem-titulo-203.jpg?resize=1140%2C599&amp;ssl=1 1140w, https:\/\/i0.wp.com\/minutobahia24h.com.br\/wp-content\/uploads\/2024\/08\/Sem-titulo-203.jpg?w=1200&amp;ssl=1 1200w\" sizes=\"(max-width: 800px) 100vw, 800px\" \/><figcaption class=\"wp-element-caption\">Foto: Divulga\u00e7\u00e3o<br><\/figcaption><\/figure>\n<\/div>\n\n\n<p>A disputa pela C\u00e2mara dos Deputados j\u00e1 est\u00e1 colocando parlamentares com mandato e aspirantes \u00e0 cadeira em rota de colis\u00e3o. A arruma\u00e7\u00e3o do grupo de oposi\u00e7\u00e3o na cidade de Juazeiro n\u00e3o deixou sequelas apenas pela prefeitura, mas, tamb\u00e9m, entre interessados nos votos da cidade em 2026.\u00a0<\/p>\n\n\n\n<p>Informa\u00e7\u00f5es obtidas pelo Bahia Not\u00edcias indicam que a movimenta\u00e7\u00e3o de Isaac, em Juazeiro, poderia\u00a0dar fim \u00e0\u00a0rela\u00e7\u00e3o dele com o Partido dos Trabalhadores. Com a iminente sa\u00edda, incluindo um &#8220;convite&#8221; da c\u00fapula do PSD baiano para a filia\u00e7\u00e3o, al\u00e9m da troca no candidato para o pleito municipal, com a confirma\u00e7\u00e3o de Celso Carvalho, sobrinho de Isaac, os &#8220;acordos pr\u00e9vios&#8221; estariam suspensos. A trava incidiria diretamente em um postulante \u00e0 C\u00e2mara Federal: Lucas Reis.\u00a0<\/p>\n\n\n\n<p>Apadrinhado pelo senador Jaques Wagner (PT), Lucas, que \u00e9 chefe de gabinete do parlamentar, n\u00e3o ficou nada satisfeito com a altera\u00e7\u00e3o. Buscando angariar apoios pelo interior, Reis contou com o aux\u00edlio de Wagner para encampar o projeto de Isaac Carvalho \u00e0 prefeitura de Juazeiro, incluindo na busca pela transforma\u00e7\u00e3o na decis\u00e3o judicial que mant\u00e9m Isaac ineleg\u00edvel. Com isso, a &#8220;promessa&#8221; seria de apoio do juazeirense \u00e0 candidatura de Lucas \u00e0 C\u00e2mara. O fato foi confirmado por interlocutores da c\u00fapula petista no estado.\u00a0<\/p>\n\n\n\n<p>A recente troca no nome do candidato tamb\u00e9m &#8220;reorganizou&#8221; os pactos, j\u00e1 que com a inclus\u00e3o do nome de Celso na disputa, com o apoio de Isaac, os eventuais votos do esp\u00f3lio eleitoral do ex-prefeito de Juazeiro seriam endere\u00e7ados para o PSD, mais diretamente ao deputado federal Diego Coronel, filho do senador Angelo Coronel, que tamb\u00e9m teria atuado para contornar e rearrumar o &#8220;grupo Carvalho&#8221; para a disputa. Lideran\u00e7as do partido sinalizaram ao BN que o ajuste seria &#8220;natural&#8221;, j\u00e1 que a legenda estaria dando apoio \u00e0 candidatura de Celso.\u00a0<\/p>\n\n\n\n<p>Em coment\u00e1rio nas redes, o senador Angelo Coronel aparece ao lado de diversas lideran\u00e7as do partido e destacou que a not\u00edcia da candidatura de Celso Carvalho e Coronel Anselmo \u00e9 uma not\u00edcia positiva para toda a popula\u00e7\u00e3o da cidade.<\/p>\n\n\n\n<p>\u201cQuero externar o meu apoio incondicional, pois essa \u00e9 a chapa do PSD e que tem o apoio do nosso injusti\u00e7ado Isaac Carvalho, que \u00e9 a grande lideran\u00e7a da cidade de Juazeiro. O PSD conseguiu intervir a n\u00edvel nacional e vamos encampar essa campanha. Vamos \u00e0s ruas, para mostrar que a injusti\u00e7a n\u00e3o ganha. E lembrar \u00e0 popula\u00e7\u00e3o que se voc\u00ea votar no 55, tamb\u00e9m estar\u00e1 votando no vaqueiro Isaac Carvalho. L\u00e1 no Senado, em Bras\u00edlia, estaremos prontos para ajudar o munic\u00edpio de Juazeiro a sair do abandono em que se encontra\u201d, afirma o senador Angelo Coronel.<\/p>\n\n\n\n<p>O senador Otto Alencar, presidente estadual do PSD, tamb\u00e9m recebeu Celso na sede do PSD, nesta quarta-feira (21), onde indicou que o agora candidato levar\u00e1 o legado de Isaac para a elei\u00e7\u00e3o. &#8220;Todo mundo 55?&#8221;, brincou Otto durante o encontro.<\/p>\n\n\n\n<p>BN<\/p>\n","protected":false},"excerpt":{"rendered":"<p>A disputa pela C\u00e2mara dos Deputados j\u00e1 est\u00e1 colocando parlamentares com mandato e aspirantes \u00e0 cadeira em rota de colis\u00e3o. A arruma\u00e7\u00e3o do grupo de oposi\u00e7\u00e3o na cidade de Juazeiro n\u00e3o deixou sequelas apenas pela prefeitura, mas, tamb\u00e9m, entre interessados nos votos da cidade em 2026.\u00a0 Informa\u00e7\u00f5es obtidas pelo Bahia Not\u00edcias indicam que a movimenta\u00e7\u00e3o [&hellip;]<\/p>\n","protected":false},"author":2,"featured_media":16121,"comment_status":"open","ping_status":"open","sticky":false,"template":"","format":"standard","meta":{"_jetpack_memberships_contains_paid_content":false,"footnotes":""},"categories":[39],"tags":[],"class_list":["post-16120","post","type-post","status-publish","format-standard","has-post-thumbnail","hentry","category-politica"],"aioseo_notices":[],"jetpack_featured_media_url":"https:\/\/i0.wp.com\/minutobahia24h.com.br\/wp-content\/uploads\/2024\/08\/Sem-titulo-203.jpg?fit=1200%2C630&ssl=1","jetpack_sharing_enabled":true,"_links":{"self":[{"href":"https:\/\/minutobahia24h.com.br\/index.php?rest_route=\/wp\/v2\/posts\/16120","targetHints":{"allow":["GET"]}}],"collection":[{"href":"https:\/\/minutobahia24h.com.br\/index.php?rest_route=\/wp\/v2\/posts"}],"about":[{"href":"https:\/\/minutobahia24h.com.br\/index.php?rest_route=\/wp\/v2\/types\/post"}],"author":[{"embeddable":true,"href":"https:\/\/minutobahia24h.com.br\/index.php?rest_route=\/wp\/v2\/users\/2"}],"replies":[{"embeddable":true,"href":"https:\/\/minutobahia24h.com.br\/index.php?rest_route=%2Fwp%2Fv2%2Fcomments&post=16120"}],"version-history":[{"count":1,"href":"https:\/\/minutobahia24h.com.br\/index.php?rest_route=\/wp\/v2\/posts\/16120\/revisions"}],"predecessor-version":[{"id":16122,"href":"https:\/\/minutobahia24h.com.br\/index.php?rest_route=\/wp\/v2\/posts\/16120\/revisions\/16122"}],"wp:featuredmedia":[{"embeddable":true,"href":"https:\/\/minutobahia24h.com.br\/index.php?rest_route=\/wp\/v2\/media\/16121"}],"wp:attachment":[{"href":"https:\/\/minutobahia24h.com.br\/index.php?rest_route=%2Fwp%2Fv2%2Fmedia&parent=16120"}],"wp:term":[{"taxonomy":"category","embeddable":true,"href":"https:\/\/minutobahia24h.com.br\/index.php?rest_route=%2Fwp%2Fv2%2Fcategories&post=16120"},{"taxonomy":"post_tag","embeddable":true,"href":"https:\/\/minutobahia24h.com.br\/index.php?rest_route=%2Fwp%2Fv2%2Ftags&post=16120"}],"curies":[{"name":"wp","href":"https:\/\/api.w.org\/{rel}","templated":true}]}}